{"id":18768,"date":"2026-04-08T09:29:01","date_gmt":"2026-04-08T09:29:01","guid":{"rendered":"https:\/\/munichilca.gob.pe\/site\/?p=11498"},"modified":"2026-04-08T09:29:01","modified_gmt":"2026-04-08T09:29:01","slug":"construccion-de-muro-en-chilca-invade-via-publica","status":"publish","type":"post","link":"https:\/\/munichilca.gob.pe\/site\/2026\/04\/08\/construccion-de-muro-en-chilca-invade-via-publica\/","title":{"rendered":"CONSTRUCCI\u00d3N DE MURO EN CHILCA INVADE V\u00cdA P\u00daBLICA"},"content":{"rendered":"<p><em>Obra fue paralizada tras ocupar seis metros de la calle<\/em><\/p>\n<p>En el sector de Azapampa, Jr. Los H\u00e9roes, junto a la instituci\u00f3n educativa T\u00fapac Amaru, fue paralizada la construcci\u00f3n de un muro perim\u00e9trico por presuntamente invadir parte de la v\u00eda p\u00fablica.<\/p>\n<p>De acuerdo con la verificaci\u00f3n realizada por las autoridades, la estructura, de aproximadamente 46 metros de longitud, habr\u00eda sido levantada durante los d\u00edas feriados para cercar un terreno destinado al cultivo de ma\u00edz. Sin embargo, la obra sobrepas\u00f3 los l\u00edmites del predio y ocup\u00f3 cerca de seis metros del espacio p\u00fablico.<\/p>\n<p>Vecinos de la zona advirtieron sobre la reducci\u00f3n de la v\u00eda, lo que podr\u00eda afectar el tr\u00e1nsito peatonal y vehicular en el sector.<br \/>\nLa propietaria del terreno ya hab\u00eda sido notificada en varias oportunidades sobre la irregularidad de la construcci\u00f3n. Pese a ello, los trabajos continuaron, por lo que este lunes se dispuso la paralizaci\u00f3n inmediata de la obra.<\/p>\n<p>Personal de fiscalizaci\u00f3n de la Gerencia de Desarrollo Urbano continuar\u00e1 con las diligencias para determinar las sanciones correspondientes y definir si el muro deber\u00e1 ser retirado.<\/p>\n<p><a href=\"https:\/\/munichilca.gob.pe\/site\/wp-content\/uploads\/2026\/04\/WhatsApp-Image-2026-04-06-at-12.07.05-PM.jpeg\"><img fetchpriority=\"high\" decoding=\"async\" class=\"aligncenter size-medium wp-image-11499\" src=\"https:\/\/munichilca.gob.pe\/site\/wp-content\/uploads\/2026\/04\/WhatsApp-Image-2026-04-06-at-12.07.05-PM-640x426.jpeg\" alt=\"\" width=\"640\" height=\"426\" \/><\/a> <a href=\"https:\/\/munichilca.gob.pe\/site\/wp-content\/uploads\/2026\/04\/WhatsApp-Image-2026-04-06-at-12.07.04-PM.jpeg\"><img decoding=\"async\" class=\"aligncenter size-medium wp-image-11500\" src=\"https:\/\/munichilca.gob.pe\/site\/wp-content\/uploads\/2026\/04\/WhatsApp-Image-2026-04-06-at-12.07.04-PM-640x426.jpeg\" alt=\"\" width=\"640\" height=\"426\" \/><\/a> <a href=\"https:\/\/munichilca.gob.pe\/site\/wp-content\/uploads\/2026\/04\/WhatsApp-Image-2026-04-06-at-12.07.03-PM.jpeg\"><img decoding=\"async\" class=\"aligncenter size-medium wp-image-11501\" src=\"https:\/\/munichilca.gob.pe\/site\/wp-content\/uploads\/2026\/04\/WhatsApp-Image-2026-04-06-at-12.07.03-PM-640x426.jpeg\" alt=\"\" width=\"640\" height=\"426\" \/><\/a> <a href=\"https:\/\/munichilca.gob.pe\/site\/wp-content\/uploads\/2026\/04\/WhatsApp-Image-2026-04-06-at-12.07.02-PM-1.jpeg\"><img loading=\"lazy\" decoding=\"async\" class=\"aligncenter size-medium wp-image-11502\" src=\"https:\/\/munichilca.gob.pe\/site\/wp-content\/uploads\/2026\/04\/WhatsApp-Image-2026-04-06-at-12.07.02-PM-1-640x426.jpeg\" alt=\"\" width=\"640\" height=\"426\" \/><\/a> <a href=\"https:\/\/munichilca.gob.pe\/site\/wp-content\/uploads\/2026\/04\/WhatsApp-Image-2026-04-06-at-12.07.02-PM.jpeg\"><img loading=\"lazy\" decoding=\"async\" class=\"aligncenter size-medium wp-image-11503\" src=\"https:\/\/munichilca.gob.pe\/site\/wp-content\/uploads\/2026\/04\/WhatsApp-Image-2026-04-06-at-12.07.02-PM-640x426.jpeg\" alt=\"\" width=\"640\" height=\"426\" \/><\/a><\/p>\n","protected":false},"excerpt":{"rendered":"<p>Obra fue paralizada tras ocupar seis metros de la calle En el sector de Azapampa, Jr. Los H\u00e9roes, junto a la instituci\u00f3n educativa T\u00fapac Amaru, fue paralizada la construcci\u00f3n de un muro perim\u00e9trico por presuntamente invadir parte de la v\u00eda p\u00fablica. De acuerdo con la verificaci\u00f3n realizada por las autoridades, la estructura, de aproximadamente 46 [&hellip;]<\/p>\n","protected":false},"author":4,"featured_media":0,"comment_status":"open","ping_status":"open","sticky":false,"template":"","format":"standard","meta":{"footnotes":""},"categories":[25],"tags":[],"class_list":["post-18768","post","type-post","status-publish","format-standard","hentry","category-noticias"],"blocksy_meta":[],"rttpg_featured_image_url":null,"rttpg_author":{"display_name":"JGUTARRA","author_link":"https:\/\/munichilca.gob.pe\/site\/author\/jgutarra\/"},"rttpg_comment":0,"rttpg_category":"<a href=\"https:\/\/munichilca.gob.pe\/site\/category\/noticias\/\" rel=\"category tag\">Noticias<\/a>","rttpg_excerpt":"Obra fue paralizada tras ocupar seis metros de la calle En el sector de Azapampa, Jr. Los H\u00e9roes, junto a la instituci\u00f3n educativa T\u00fapac Amaru, fue paralizada la construcci\u00f3n de un muro perim\u00e9trico por presuntamente invadir parte de la v\u00eda p\u00fablica. De acuerdo con la verificaci\u00f3n realizada por las autoridades, la estructura, de aproximadamente 46&hellip;","_links":{"self":[{"href":"https:\/\/munichilca.gob.pe\/site\/wp-json\/wp\/v2\/posts\/18768","targetHints":{"allow":["GET"]}}],"collection":[{"href":"https:\/\/munichilca.gob.pe\/site\/wp-json\/wp\/v2\/posts"}],"about":[{"href":"https:\/\/munichilca.gob.pe\/site\/wp-json\/wp\/v2\/types\/post"}],"author":[{"embeddable":true,"href":"https:\/\/munichilca.gob.pe\/site\/wp-json\/wp\/v2\/users\/4"}],"replies":[{"embeddable":true,"href":"https:\/\/munichilca.gob.pe\/site\/wp-json\/wp\/v2\/comments?post=18768"}],"version-history":[{"count":0,"href":"https:\/\/munichilca.gob.pe\/site\/wp-json\/wp\/v2\/posts\/18768\/revisions"}],"wp:attachment":[{"href":"https:\/\/munichilca.gob.pe\/site\/wp-json\/wp\/v2\/media?parent=18768"}],"wp:term":[{"taxonomy":"category","embeddable":true,"href":"https:\/\/munichilca.gob.pe\/site\/wp-json\/wp\/v2\/categories?post=18768"},{"taxonomy":"post_tag","embeddable":true,"href":"https:\/\/munichilca.gob.pe\/site\/wp-json\/wp\/v2\/tags?post=18768"}],"curies":[{"name":"wp","href":"https:\/\/api.w.org\/{rel}","templated":true}]}}