{"id":18460,"date":"2023-03-20T09:54:51","date_gmt":"2023-03-20T09:54:51","guid":{"rendered":"https:\/\/munichilca.gob.pe\/site\/?p=6136"},"modified":"2023-03-20T09:54:51","modified_gmt":"2023-03-20T09:54:51","slug":"entregadematerialeducativougel-2-15-2-2-2-8","status":"publish","type":"post","link":"https:\/\/munichilca.gob.pe\/site\/2023\/03\/20\/entregadematerialeducativougel-2-15-2-2-2-8\/","title":{"rendered":"\ud835\udde0\ud835\udde8\ud835\udde1\ud835\udddc\ud835\uddd6\ud835\udddc\ud835\udde3\ud835\uddd4\ud835\udddf\ud835\udddc\ud835\uddd7\ud835\uddd4\ud835\uddd7 \ud835\uddd7\ud835\uddd8 \ud835\uddd6\ud835\udddb\ud835\udddc\ud835\udddf\ud835\uddd6\ud835\uddd4 \ud835\uddd4\ud835\udde3\ud835\uddd8\ud835\udde5\ud835\udde7\ud835\udde8\ud835\udde5\ud835\uddd4 \ud835\uddd8\ud835\udddf \ud835\uddd9\ud835\uddd8\ud835\udde6\ud835\udde7\ud835\udddc\ud835\udde9\ud835\uddd4\ud835\udddf \ud835\uddd7\ud835\uddd8 \ud835\udde3\ud835\udddf\ud835\uddd4\ud835\udde1\ud835\udde7\ud835\uddd4\ud835\udde6 \u275e\ud835\uddd6\ud835\udddb\ud835\udddc\ud835\udddf\ud835\uddd6\ud835\uddd4 \ud835\udde9\ud835\uddd8\ud835\udde5\ud835\uddd7\ud835\uddd8\u275e"},"content":{"rendered":"<p>\ud835\ude41\ud835\ude5a\ud835\ude67\ud835\ude5e\ud835\ude56, \ud835\ude66\ud835\ude6a\ud835\ude5a \ud835\ude68\ud835\ude5e\ud835\ude67\ud835\ude6b\ud835\ude5a \ud835\ude65\ud835\ude56\ud835\ude67\ud835\ude56 \ud835\ude5e\ud835\ude62\ud835\ude65\ud835\ude6a\ud835\ude61\ud835\ude68\ud835\ude56\ud835\ude67 \ud835\ude61\ud835\ude56 \ud835\ude67\ud835\ude5a\ud835\ude5b\ud835\ude64\ud835\ude67\ud835\ude5a\ud835\ude68\ud835\ude69\ud835\ude56\ud835\ude58\ud835\ude5e\ud835\ude64\u0301\ud835\ude63 \ud835\ude59\ud835\ude5a\ud835\ude61 \ud835\ude59\ud835\ude5e\ud835\ude68\ud835\ude69\ud835\ude67\ud835\ude5e\ud835\ude69\ud835\ude64<\/p>\n<p>Por motivo de conmemorar el \u201cD\u00eda Mundial del Agua\u201d, la Municipalidad Distrital de Chilca, mediante la Gerencia de Desarrollo Econ\u00f3mico y Turismo, en coordinaci\u00f3n con la asociaci\u00f3n de productores de plantas \u201cWanka Huayta\u201d; realizar\u00e1n la venta de plantas ornamentales en el Festival de Plantas \u201cChilca Verde\u201d, donde participar\u00e1n viveros de diferentes sectores del Valle del Mantaro.<\/p>\n<p>Por tal motivo, en horas de la ma\u00f1ana se realiz\u00f3 la exhibici\u00f3n de plantas ex\u00f3ticas de sol y de sombra, donde la mayor atracci\u00f3n, fue la planta carn\u00edvora \u201cSarracenea flava\u201d, (planta atrapa insectos), entre otros.<br \/>\nEl alcalde, C\u00e9sar Damas, particip\u00f3 en una ceremonia de apertura, quien, reafirm\u00f3 su compromiso de liberar y destinar los espacios p\u00fablicos del distrito para el sano esparcimiento y encuentro familiar, destacando la importancia de fomentar actividades para la conservaci\u00f3n del medio ambiente con participaci\u00f3n ciudadana.<br \/>\nPor su parte el presidente de la Asociaci\u00f3n de Productores de Plantas, \u201cWanka Huayta\u201d, Lincol Limachi Berrocal, agradeci\u00f3 la predisposici\u00f3n del alcalde y su equipo t\u00e9cnico, por fomentar este tipo de eventos, en bien de mejorar el medio ambiente.<br \/>\nFeria, que se llevar\u00e1 a cabo desde el mi\u00e9rcoles 22 hasta el 25 de marzo, a inmediaciones del parque Abel Mart\u00ednez, desde las 9 de la ma\u00f1ana hasta las 6 de la tarde, donde se vender\u00e1n diversidad de plantas, desde el precio de un sol, donde se espera la masiva concurrencia de la poblaci\u00f3n.<br \/>\nComo acto final, el alcalde y la asociaci\u00f3n de productores, obsequiaron plantas para que puedan ser adoptadas por los vecinos asistentes.<\/p>\n","protected":false},"excerpt":{"rendered":"<p>\ud835\ude41\ud835\ude5a\ud835\ude67\ud835\ude5e\ud835\ude56, \ud835\ude66\ud835\ude6a\ud835\ude5a \ud835\ude68\ud835\ude5e\ud835\ude67\ud835\ude6b\ud835\ude5a \ud835\ude65\ud835\ude56\ud835\ude67\ud835\ude56 \ud835\ude5e\ud835\ude62\ud835\ude65\ud835\ude6a\ud835\ude61\ud835\ude68\ud835\ude56\ud835\ude67 \ud835\ude61\ud835\ude56 \ud835\ude67\ud835\ude5a\ud835\ude5b\ud835\ude64\ud835\ude67\ud835\ude5a\ud835\ude68\ud835\ude69\ud835\ude56\ud835\ude58\ud835\ude5e\ud835\ude64\u0301\ud835\ude63 \ud835\ude59\ud835\ude5a\ud835\ude61 \ud835\ude59\ud835\ude5e\ud835\ude68\ud835\ude69\ud835\ude67\ud835\ude5e\ud835\ude69\ud835\ude64 Por motivo de conmemorar el \u201cD\u00eda Mundial del Agua\u201d, la Municipalidad Distrital de Chilca, mediante la Gerencia de Desarrollo Econ\u00f3mico y Turismo, en coordinaci\u00f3n con la asociaci\u00f3n de productores de plantas \u201cWanka Huayta\u201d; realizar\u00e1n la venta de plantas ornamentales en el Festival de Plantas \u201cChilca Verde\u201d, [&hellip;]<\/p>\n","protected":false},"author":4,"featured_media":6137,"comment_status":"closed","ping_status":"open","sticky":false,"template":"","format":"image","meta":{"footnotes":""},"categories":[25],"tags":[],"class_list":["post-18460","post","type-post","status-publish","format-image","has-post-thumbnail","hentry","category-noticias","post_format-post-format-image"],"blocksy_meta":[],"rttpg_featured_image_url":{"full":["https:\/\/munichilca.gob.pe\/site\/wp-content\/uploads\/2023\/04\/WhatsApp-Image-2023-03-20-at-1.06.14-PM.jpeg",1600,1066,false],"landscape":["https:\/\/munichilca.gob.pe\/site\/wp-content\/uploads\/2023\/04\/WhatsApp-Image-2023-03-20-at-1.06.14-PM.jpeg",1600,1066,false],"portraits":["https:\/\/munichilca.gob.pe\/site\/wp-content\/uploads\/2023\/04\/WhatsApp-Image-2023-03-20-at-1.06.14-PM.jpeg",1600,1066,false],"thumbnail":["https:\/\/munichilca.gob.pe\/site\/wp-content\/uploads\/2023\/04\/WhatsApp-Image-2023-03-20-at-1.06.14-PM-150x150.jpeg",150,150,true],"medium":["https:\/\/munichilca.gob.pe\/site\/wp-content\/uploads\/2023\/04\/WhatsApp-Image-2023-03-20-at-1.06.14-PM-300x200.jpeg",300,200,true],"large":["https:\/\/munichilca.gob.pe\/site\/wp-content\/uploads\/2023\/04\/WhatsApp-Image-2023-03-20-at-1.06.14-PM-1024x682.jpeg",1024,682,true],"1536x1536":["https:\/\/munichilca.gob.pe\/site\/wp-content\/uploads\/2023\/04\/WhatsApp-Image-2023-03-20-at-1.06.14-PM-1536x1023.jpeg",1536,1023,true],"2048x2048":["https:\/\/munichilca.gob.pe\/site\/wp-content\/uploads\/2023\/04\/WhatsApp-Image-2023-03-20-at-1.06.14-PM.jpeg",1600,1066,false],"tp-image-grid":["https:\/\/munichilca.gob.pe\/site\/wp-content\/uploads\/2023\/04\/WhatsApp-Image-2023-03-20-at-1.06.14-PM-700x700.jpeg",700,700,true]},"rttpg_author":{"display_name":"JGUTARRA","author_link":"https:\/\/munichilca.gob.pe\/site\/author\/jgutarra\/"},"rttpg_comment":0,"rttpg_category":"<a href=\"https:\/\/munichilca.gob.pe\/site\/category\/noticias\/\" rel=\"category tag\">Noticias<\/a>","rttpg_excerpt":"\ud835\ude41\ud835\ude5a\ud835\ude67\ud835\ude5e\ud835\ude56, \ud835\ude66\ud835\ude6a\ud835\ude5a \ud835\ude68\ud835\ude5e\ud835\ude67\ud835\ude6b\ud835\ude5a \ud835\ude65\ud835\ude56\ud835\ude67\ud835\ude56 \ud835\ude5e\ud835\ude62\ud835\ude65\ud835\ude6a\ud835\ude61\ud835\ude68\ud835\ude56\ud835\ude67 \ud835\ude61\ud835\ude56 \ud835\ude67\ud835\ude5a\ud835\ude5b\ud835\ude64\ud835\ude67\ud835\ude5a\ud835\ude68\ud835\ude69\ud835\ude56\ud835\ude58\ud835\ude5e\ud835\ude64\u0301\ud835\ude63 \ud835\ude59\ud835\ude5a\ud835\ude61 \ud835\ude59\ud835\ude5e\ud835\ude68\ud835\ude69\ud835\ude67\ud835\ude5e\ud835\ude69\ud835\ude64 Por motivo de conmemorar el \u201cD\u00eda Mundial del Agua\u201d, la Municipalidad Distrital de Chilca, mediante la Gerencia de Desarrollo Econ\u00f3mico y Turismo, en coordinaci\u00f3n con la asociaci\u00f3n de productores de plantas \u201cWanka Huayta\u201d; realizar\u00e1n la venta de plantas ornamentales en el Festival de Plantas \u201cChilca Verde\u201d,&hellip;","_links":{"self":[{"href":"https:\/\/munichilca.gob.pe\/site\/wp-json\/wp\/v2\/posts\/18460","targetHints":{"allow":["GET"]}}],"collection":[{"href":"https:\/\/munichilca.gob.pe\/site\/wp-json\/wp\/v2\/posts"}],"about":[{"href":"https:\/\/munichilca.gob.pe\/site\/wp-json\/wp\/v2\/types\/post"}],"author":[{"embeddable":true,"href":"https:\/\/munichilca.gob.pe\/site\/wp-json\/wp\/v2\/users\/4"}],"replies":[{"embeddable":true,"href":"https:\/\/munichilca.gob.pe\/site\/wp-json\/wp\/v2\/comments?post=18460"}],"version-history":[{"count":0,"href":"https:\/\/munichilca.gob.pe\/site\/wp-json\/wp\/v2\/posts\/18460\/revisions"}],"wp:featuredmedia":[{"embeddable":true,"href":"https:\/\/munichilca.gob.pe\/site\/wp-json\/wp\/v2\/media\/6137"}],"wp:attachment":[{"href":"https:\/\/munichilca.gob.pe\/site\/wp-json\/wp\/v2\/media?parent=18460"}],"wp:term":[{"taxonomy":"category","embeddable":true,"href":"https:\/\/munichilca.gob.pe\/site\/wp-json\/wp\/v2\/categories?post=18460"},{"taxonomy":"post_tag","embeddable":true,"href":"https:\/\/munichilca.gob.pe\/site\/wp-json\/wp\/v2\/tags?post=18460"}],"curies":[{"name":"wp","href":"https:\/\/api.w.org\/{rel}","templated":true}]}}