{"id":18421,"date":"2023-04-19T15:32:25","date_gmt":"2023-04-19T15:32:25","guid":{"rendered":"https:\/\/munichilca.gob.pe\/site\/?p=6286"},"modified":"2023-04-19T15:32:25","modified_gmt":"2023-04-19T15:32:25","slug":"entregadematerialeducativougel-2-15-2-2-2-12-3-2-2-2-2-3-2-2-2-2-2-2-2-2","status":"publish","type":"post","link":"https:\/\/munichilca.gob.pe\/site\/2023\/04\/19\/entregadematerialeducativougel-2-15-2-2-2-12-3-2-2-2-2-3-2-2-2-2-2-2-2-2\/","title":{"rendered":"\ud835\uddd6\ud835\udde2\ud835\udde0\ud835\udde8\ud835\udde1\ud835\uddd4 \ud835\uddd7\ud835\uddd8 \ud835\uddd6\ud835\udddb\ud835\udddc\ud835\udddf\ud835\uddd6\ud835\uddd4 \ud835\uddec \ud835\uddda\ud835\udde2\ud835\uddd5\ud835\udddc\ud835\uddd8\ud835\udde5\ud835\udde1\ud835\udde2 \ud835\udde5\ud835\uddd8\ud835\uddda\ud835\udddc\ud835\udde2\ud835\udde1\ud835\uddd4\ud835\udddf, \ud835\udddc\ud835\udde1\ud835\uddd6\ud835\udddc\ud835\uddd4\ud835\udde1 \ud835\udde2\ud835\uddd5\ud835\udde5\ud835\uddd4 \ud835\uddd7\ud835\uddd8 \ud835\udde3\ud835\uddd4\ud835\udde9\ud835\udddc\ud835\udde0\ud835\uddd8\ud835\udde1\ud835\udde7\ud835\uddd4\ud835\uddd6\ud835\udddc\ud835\udde2\u0301\ud835\udde1 \ud835\uddd8\ud835\udde1 \ud835\uddd5\ud835\uddd4\ud835\udde5\ud835\udde5\ud835\udddc\ud835\udde2 \ud835\udde6\ud835\uddd4\ud835\udde1 \ud835\uddd9\ud835\udde5\ud835\uddd4\ud835\udde1\ud835\uddd6\ud835\udddc\ud835\udde6\ud835\uddd6\ud835\udde2."},"content":{"rendered":"<p>\ud835\ude3e\ud835\ude64\ud835\ude63 \ud835\ude56\ud835\ude65\ud835\ude64\ud835\ude67\ud835\ude69\ud835\ude5a \ud835\ude5e\ud835\ude62\ud835\ude65\ud835\ude64\ud835\ude67\ud835\ude69\ud835\ude56\ud835\ude63\ud835\ude69\ud835\ude5a \ud835\ude59\ud835\ude5a \ud835\ude61\ud835\ude56 \ud835\ude48\ud835\ude6a\ud835\ude63\ud835\ude5e\ud835\ude58\ud835\ude5e\ud835\ude65\ud835\ude56\ud835\ude61\ud835\ude5e\ud835\ude59\ud835\ude56\ud835\ude59 \ud835\ude59\ud835\ude5a \ud835\ude3e\ud835\ude5d\ud835\ude5e\ud835\ude61\ud835\ude58\ud835\ude56, \ud835\ude68\ud835\ude5a \ud835\ude59\ud835\ude56 \ud835\ude5e\ud835\ude63\ud835\ude5e\ud835\ude58\ud835\ude5e\ud835\ude64 \ud835\ude56 \ud835\ude64\ud835\ude57\ud835\ude67\ud835\ude56 \ud835\ude66\ud835\ude6a\ud835\ude5a \ud835\ude5b\ud835\ude6a\ud835\ude5a \ud835\ude5a\ud835\ude68\ud835\ude65\ud835\ude5a\ud835\ude67\ud835\ude56\ud835\ude59\ud835\ude56 \ud835\ude65\ud835\ude64\ud835\ude67 \ud835\ude56\ud835\ude63\u0303\ud835\ude64\ud835\ude68.<\/p>\n<p>La Municipalidad de Chilca y el Gobierno Regional, iniciaron la obra de \u201cMejoramiento de Pistas y Veredas del Jr. Los Incas, tramo: Puente Ocopilla, Psje. Mendoza y pasajes adyacentes del sector San Francisco, Tanquiscancha en el distrito de Chilca\u201d. Proyecto que cuenta con una inversi\u00f3n de 1,541.452.52, donde la comuna de Chilca, hizo la transferencia de 300,000.00 soles, que beneficia a m\u00e1s de 4 mil pobladores; la obra que consta de calzadas de concreto, construcci\u00f3n de cunetas, construcci\u00f3n de sardinel elevado de concreto, acera peatonal, muros de contenci\u00f3n y se\u00f1alizaciones respectivas.<\/p>\n<p>Obra que fue esperada por a\u00f1os, se hace realidad, ya que la zona se encuentra en muy mal estado, donde en \u00e9pocas de lluvia se hace intransitable por la formaci\u00f3n de charcos, e inclusive las viviendas se ven afectados, debido a la generaci\u00f3n de polvareda por el paso de los veh\u00edculos, perjudicando la salud de los pobladores.<\/p>\n<p>El alcalde, C\u00e9sar Damas, regidores, representantes del comit\u00e9 de gesti\u00f3n y vecinos de lugar, recibieron a las a las autoridades del Gobierno Regional de Jun\u00edn, donde en representaci\u00f3n del gobernador Z\u00f3zimo C\u00e1rdenas Muge, estuvo la vice gobernadora, Milagros Inche \u00c1rias; quienes recorrieron todo el trayecto a pavimentar.<\/p>\n<p>La colocaci\u00f3n de la primera piedra, se realiz\u00f3 en las afueras de la losa deportiva del sector de San Francisco, donde las autoridades arrojaron una a una las piedras, que culmin\u00f3 con el tradicional \u201cCarretillazo\u201d, a cargo del alcalde C\u00e9sar Damas, quien felicit\u00f3 la atenci\u00f3n al pedido de tan importante proyecto y agradeci\u00f3 al Gobierno Regional por el trabajo mancomunado. \u201cSi nosotros no tuvi\u00e9ramos la venia del Gobierno Regional, esto no ser\u00eda posible. \u201cQuiero agradecer al nuestro gobernador y a su equipo t\u00e9cnico, que nos ha ayudado a concretar esta obra, que hoy es una realidad. No s\u00f3lo tenemos esta obra en el Barrio San Francisco, sino tambi\u00e9n en otros sectores, obras, que se vienen encaminando en beneficio de nuestro pueblo para mejorar la calidad de vida de cada uno de ustedes\u201d, manifest\u00f3 la m\u00e1xima autoridad edil.<\/p>\n<p>Por su parte, la vice gobernadora, Milagros Inche, puntualiz\u00f3 que, \u201cEste proyecto ha sido un trabajo arduo entre el equipo t\u00e9cnico del Gobierno Regional de Jun\u00edn y el equipo t\u00e9cnico de la Municipalidad de Chilca, estaremos atentos y preocupados por atender sus principales necesidades, destinando el presupuesto p\u00fablico en proyectos de inversi\u00f3n\u201d.<\/p>\n","protected":false},"excerpt":{"rendered":"<p>\ud835\ude3e\ud835\ude64\ud835\ude63 \ud835\ude56\ud835\ude65\ud835\ude64\ud835\ude67\ud835\ude69\ud835\ude5a \ud835\ude5e\ud835\ude62\ud835\ude65\ud835\ude64\ud835\ude67\ud835\ude69\ud835\ude56\ud835\ude63\ud835\ude69\ud835\ude5a \ud835\ude59\ud835\ude5a \ud835\ude61\ud835\ude56 \ud835\ude48\ud835\ude6a\ud835\ude63\ud835\ude5e\ud835\ude58\ud835\ude5e\ud835\ude65\ud835\ude56\ud835\ude61\ud835\ude5e\ud835\ude59\ud835\ude56\ud835\ude59 \ud835\ude59\ud835\ude5a \ud835\ude3e\ud835\ude5d\ud835\ude5e\ud835\ude61\ud835\ude58\ud835\ude56, \ud835\ude68\ud835\ude5a \ud835\ude59\ud835\ude56 \ud835\ude5e\ud835\ude63\ud835\ude5e\ud835\ude58\ud835\ude5e\ud835\ude64 \ud835\ude56 \ud835\ude64\ud835\ude57\ud835\ude67\ud835\ude56 \ud835\ude66\ud835\ude6a\ud835\ude5a \ud835\ude5b\ud835\ude6a\ud835\ude5a \ud835\ude5a\ud835\ude68\ud835\ude65\ud835\ude5a\ud835\ude67\ud835\ude56\ud835\ude59\ud835\ude56 \ud835\ude65\ud835\ude64\ud835\ude67 \ud835\ude56\ud835\ude63\u0303\ud835\ude64\ud835\ude68. La Municipalidad de Chilca y el Gobierno Regional, iniciaron la obra de \u201cMejoramiento de Pistas y Veredas del Jr. Los Incas, tramo: Puente Ocopilla, Psje. Mendoza y pasajes adyacentes del sector San Francisco, Tanquiscancha en el distrito [&hellip;]<\/p>\n","protected":false},"author":4,"featured_media":6288,"comment_status":"closed","ping_status":"open","sticky":false,"template":"","format":"image","meta":{"footnotes":""},"categories":[25],"tags":[],"class_list":["post-18421","post","type-post","status-publish","format-image","has-post-thumbnail","hentry","category-noticias","post_format-post-format-image"],"blocksy_meta":[],"rttpg_featured_image_url":{"full":["https:\/\/munichilca.gob.pe\/site\/wp-content\/uploads\/2023\/04\/WhatsApp-Image-2023-04-18-at-4.06.58-PM-2.jpeg",1600,1066,false],"landscape":["https:\/\/munichilca.gob.pe\/site\/wp-content\/uploads\/2023\/04\/WhatsApp-Image-2023-04-18-at-4.06.58-PM-2.jpeg",1600,1066,false],"portraits":["https:\/\/munichilca.gob.pe\/site\/wp-content\/uploads\/2023\/04\/WhatsApp-Image-2023-04-18-at-4.06.58-PM-2.jpeg",1600,1066,false],"thumbnail":["https:\/\/munichilca.gob.pe\/site\/wp-content\/uploads\/2023\/04\/WhatsApp-Image-2023-04-18-at-4.06.58-PM-2-150x150.jpeg",150,150,true],"medium":["https:\/\/munichilca.gob.pe\/site\/wp-content\/uploads\/2023\/04\/WhatsApp-Image-2023-04-18-at-4.06.58-PM-2-300x200.jpeg",300,200,true],"large":["https:\/\/munichilca.gob.pe\/site\/wp-content\/uploads\/2023\/04\/WhatsApp-Image-2023-04-18-at-4.06.58-PM-2-1024x682.jpeg",1024,682,true],"1536x1536":["https:\/\/munichilca.gob.pe\/site\/wp-content\/uploads\/2023\/04\/WhatsApp-Image-2023-04-18-at-4.06.58-PM-2-1536x1023.jpeg",1536,1023,true],"2048x2048":["https:\/\/munichilca.gob.pe\/site\/wp-content\/uploads\/2023\/04\/WhatsApp-Image-2023-04-18-at-4.06.58-PM-2.jpeg",1600,1066,false],"tp-image-grid":["https:\/\/munichilca.gob.pe\/site\/wp-content\/uploads\/2023\/04\/WhatsApp-Image-2023-04-18-at-4.06.58-PM-2-700x700.jpeg",700,700,true]},"rttpg_author":{"display_name":"JGUTARRA","author_link":"https:\/\/munichilca.gob.pe\/site\/author\/jgutarra\/"},"rttpg_comment":0,"rttpg_category":"<a href=\"https:\/\/munichilca.gob.pe\/site\/category\/noticias\/\" rel=\"category tag\">Noticias<\/a>","rttpg_excerpt":"\ud835\ude3e\ud835\ude64\ud835\ude63 \ud835\ude56\ud835\ude65\ud835\ude64\ud835\ude67\ud835\ude69\ud835\ude5a \ud835\ude5e\ud835\ude62\ud835\ude65\ud835\ude64\ud835\ude67\ud835\ude69\ud835\ude56\ud835\ude63\ud835\ude69\ud835\ude5a \ud835\ude59\ud835\ude5a \ud835\ude61\ud835\ude56 \ud835\ude48\ud835\ude6a\ud835\ude63\ud835\ude5e\ud835\ude58\ud835\ude5e\ud835\ude65\ud835\ude56\ud835\ude61\ud835\ude5e\ud835\ude59\ud835\ude56\ud835\ude59 \ud835\ude59\ud835\ude5a \ud835\ude3e\ud835\ude5d\ud835\ude5e\ud835\ude61\ud835\ude58\ud835\ude56, \ud835\ude68\ud835\ude5a \ud835\ude59\ud835\ude56 \ud835\ude5e\ud835\ude63\ud835\ude5e\ud835\ude58\ud835\ude5e\ud835\ude64 \ud835\ude56 \ud835\ude64\ud835\ude57\ud835\ude67\ud835\ude56 \ud835\ude66\ud835\ude6a\ud835\ude5a \ud835\ude5b\ud835\ude6a\ud835\ude5a \ud835\ude5a\ud835\ude68\ud835\ude65\ud835\ude5a\ud835\ude67\ud835\ude56\ud835\ude59\ud835\ude56 \ud835\ude65\ud835\ude64\ud835\ude67 \ud835\ude56\ud835\ude63\u0303\ud835\ude64\ud835\ude68. La Municipalidad de Chilca y el Gobierno Regional, iniciaron la obra de \u201cMejoramiento de Pistas y Veredas del Jr. Los Incas, tramo: Puente Ocopilla, Psje. Mendoza y pasajes adyacentes del sector San Francisco, Tanquiscancha en el distrito&hellip;","_links":{"self":[{"href":"https:\/\/munichilca.gob.pe\/site\/wp-json\/wp\/v2\/posts\/18421","targetHints":{"allow":["GET"]}}],"collection":[{"href":"https:\/\/munichilca.gob.pe\/site\/wp-json\/wp\/v2\/posts"}],"about":[{"href":"https:\/\/munichilca.gob.pe\/site\/wp-json\/wp\/v2\/types\/post"}],"author":[{"embeddable":true,"href":"https:\/\/munichilca.gob.pe\/site\/wp-json\/wp\/v2\/users\/4"}],"replies":[{"embeddable":true,"href":"https:\/\/munichilca.gob.pe\/site\/wp-json\/wp\/v2\/comments?post=18421"}],"version-history":[{"count":0,"href":"https:\/\/munichilca.gob.pe\/site\/wp-json\/wp\/v2\/posts\/18421\/revisions"}],"wp:featuredmedia":[{"embeddable":true,"href":"https:\/\/munichilca.gob.pe\/site\/wp-json\/wp\/v2\/media\/6288"}],"wp:attachment":[{"href":"https:\/\/munichilca.gob.pe\/site\/wp-json\/wp\/v2\/media?parent=18421"}],"wp:term":[{"taxonomy":"category","embeddable":true,"href":"https:\/\/munichilca.gob.pe\/site\/wp-json\/wp\/v2\/categories?post=18421"},{"taxonomy":"post_tag","embeddable":true,"href":"https:\/\/munichilca.gob.pe\/site\/wp-json\/wp\/v2\/tags?post=18421"}],"curies":[{"name":"wp","href":"https:\/\/api.w.org\/{rel}","templated":true}]}}