{"id":18420,"date":"2023-04-19T15:36:51","date_gmt":"2023-04-19T15:36:51","guid":{"rendered":"https:\/\/munichilca.gob.pe\/site\/?p=6292"},"modified":"2023-04-19T15:36:51","modified_gmt":"2023-04-19T15:36:51","slug":"entregadematerialeducativougel-2-15-2-2-2-12-3-2-2-2-2-3-2-2-2-2-2-2-2-2-2","status":"publish","type":"post","link":"https:\/\/munichilca.gob.pe\/site\/2023\/04\/19\/entregadematerialeducativougel-2-15-2-2-2-12-3-2-2-2-2-3-2-2-2-2-2-2-2-2-2\/","title":{"rendered":"\ud835\uddd4\ud835\uddd6\ud835\uddd4\ud835\uddd7\ud835\uddd8\ud835\udde0\ud835\udddc\ud835\uddd4 \ud835\udde0\ud835\udde8\ud835\udde1\ud835\udddc\ud835\uddd6\ud835\udddc\ud835\udde3\ud835\uddd4\ud835\udddf \ud835\uddd7\ud835\uddd8 \ud835\uddd6\ud835\udddb\ud835\udddc\ud835\udddf\ud835\uddd6\ud835\uddd4, \ud835\uddd4\ud835\uddd5\ud835\udde5\ud835\uddd8 \ud835\udde6\ud835\udde8\ud835\udde6 \ud835\udde3\ud835\udde8\ud835\uddd8\ud835\udde5\ud835\udde7\ud835\uddd4\ud835\udde6 \ud835\uddd4 \ud835\udddf\ud835\uddd4 \ud835\udde3\ud835\udde2\ud835\uddd5\ud835\udddf\ud835\uddd4\ud835\uddd6\ud835\udddc\ud835\udde2\u0301\ud835\udde1 \ud835\uddd8\ud835\udde6\ud835\udde7\ud835\udde8\ud835\uddd7\ud835\udddc\ud835\uddd4\ud835\udde1\ud835\udde7\ud835\udddc\ud835\udddf"},"content":{"rendered":"<p>\ud835\ude3e\ud835\ude64\ud835\ude63 \ud835\ude56\ud835\ude63\ud835\ude6a\ud835\ude63\ud835\ude58\ud835\ude5e\ud835\ude64 \ud835\ude59\ud835\ude5a \ud835\ude61\ud835\ude56 \ud835\ude56\ud835\ude65\ud835\ude5a\ud835\ude67\ud835\ude69\ud835\ude6a\ud835\ude67\ud835\ude56 \ud835\ude59\ud835\ude5a \ud835\ude6a\ud835\ude63 \ud835\ude63\ud835\ude6a\ud835\ude5a\ud835\ude6b\ud835\ude64 \ud835\ude61\ud835\ude64\ud835\ude58\ud835\ude56\ud835\ude61, \ud835\ude68\ud835\ude5a \ud835\ude5e\ud835\ude63\ud835\ude5e\ud835\ude58\ud835\ude5e\ud835\ude56\ud835\ude63 \ud835\ude61\ud835\ude56\ud835\ude68 \ud835\ude58\ud835\ude61\ud835\ude56\ud835\ude68\ud835\ude5a\ud835\ude68 \ud835\ude65\ud835\ude67\ud835\ude5a \ud835\ude6a\ud835\ude63\ud835\ude5e\ud835\ude6b\ud835\ude5a\ud835\ude67\ud835\ude68\ud835\ude5e\ud835\ude69\ud835\ude56\ud835\ude67\ud835\ude5e\ud835\ude56\ud835\ude68.<br \/>\nTras un importante logro, donde gran cantidad de j\u00f3venes ingresaron a la universidad, gracias a la preparaci\u00f3n de la academia municipal de Chilca; por tal motivo, la Municipalidad Distrital de Chilca, a trav\u00e9s de la Sub Gerencia del Instituto de Cultura y la Academia Municipal, apertura el ciclo semestral dirigido a estudiantes del 5to. de secundaria, y el ciclo de primera selecci\u00f3n, para los alumnos del 4to. y 5to. grado; que tiene como fechas de inicio, este lunes 17, lunes 24 y lunes 31 de abril con un costo gratuito de inscripci\u00f3n.<br \/>\nLa primera autoridad edil, C\u00e9sar Damas, personalmente viene realizando visitas a las instituciones educativas, con la finalidad de promover la preparaci\u00f3n de los j\u00f3venes en la academia municipal, que, en este \u00faltimo examen de admisi\u00f3n a la primera casa de estudios, logro 60 ingresantes en las diversas carreras universitarias.<br \/>\n\u201cNuestros j\u00f3venes, ahora tienen una academia de primer nivel, con profesores capacitados en todas las materias; y la visi\u00f3n, es ser l\u00edder en la ense\u00f1anza; en el municipio, estamos comprometidos siempre con la excelencia acad\u00e9mica y el crecimiento de nuestros estudiantes\u201d, a\u00f1adi\u00f3.<br \/>\nPor su parte, el Sub Gerente del Instituto de Cultura, Juan Pineda Larzo, mencion\u00f3 que, hasta el momento, las vacantes est\u00e1n cubiertas a un 80%. Acotando que, el \u00fanico costo de inversi\u00f3n, por los 4 meses de ense\u00f1anza, es de un pago \u00fanico de 350 soles.<br \/>\nCabe resaltar, que, por la gran afluencia de j\u00f3venes, la municipalidad se vio obligada a la apertura un nuevo local, en el sector de Azapampa; local que ser\u00e1 inaugurado por el alcalde Damas, en estos pr\u00f3ximos d\u00edas.<\/p>\n","protected":false},"excerpt":{"rendered":"<p>\ud835\ude3e\ud835\ude64\ud835\ude63 \ud835\ude56\ud835\ude63\ud835\ude6a\ud835\ude63\ud835\ude58\ud835\ude5e\ud835\ude64 \ud835\ude59\ud835\ude5a \ud835\ude61\ud835\ude56 \ud835\ude56\ud835\ude65\ud835\ude5a\ud835\ude67\ud835\ude69\ud835\ude6a\ud835\ude67\ud835\ude56 \ud835\ude59\ud835\ude5a \ud835\ude6a\ud835\ude63 \ud835\ude63\ud835\ude6a\ud835\ude5a\ud835\ude6b\ud835\ude64 \ud835\ude61\ud835\ude64\ud835\ude58\ud835\ude56\ud835\ude61, \ud835\ude68\ud835\ude5a \ud835\ude5e\ud835\ude63\ud835\ude5e\ud835\ude58\ud835\ude5e\ud835\ude56\ud835\ude63 \ud835\ude61\ud835\ude56\ud835\ude68 \ud835\ude58\ud835\ude61\ud835\ude56\ud835\ude68\ud835\ude5a\ud835\ude68 \ud835\ude65\ud835\ude67\ud835\ude5a \ud835\ude6a\ud835\ude63\ud835\ude5e\ud835\ude6b\ud835\ude5a\ud835\ude67\ud835\ude68\ud835\ude5e\ud835\ude69\ud835\ude56\ud835\ude67\ud835\ude5e\ud835\ude56\ud835\ude68. Tras un importante logro, donde gran cantidad de j\u00f3venes ingresaron a la universidad, gracias a la preparaci\u00f3n de la academia municipal de Chilca; por tal motivo, la Municipalidad Distrital de Chilca, a trav\u00e9s de la Sub Gerencia del Instituto de [&hellip;]<\/p>\n","protected":false},"author":4,"featured_media":6294,"comment_status":"closed","ping_status":"open","sticky":false,"template":"","format":"image","meta":{"footnotes":""},"categories":[25],"tags":[],"class_list":["post-18420","post","type-post","status-publish","format-image","has-post-thumbnail","hentry","category-noticias","post_format-post-format-image"],"blocksy_meta":[],"rttpg_featured_image_url":{"full":["https:\/\/munichilca.gob.pe\/site\/wp-content\/uploads\/2023\/04\/WhatsApp-Image-2023-04-19-at-2.32.35-PM.jpeg",1600,1066,false],"landscape":["https:\/\/munichilca.gob.pe\/site\/wp-content\/uploads\/2023\/04\/WhatsApp-Image-2023-04-19-at-2.32.35-PM.jpeg",1600,1066,false],"portraits":["https:\/\/munichilca.gob.pe\/site\/wp-content\/uploads\/2023\/04\/WhatsApp-Image-2023-04-19-at-2.32.35-PM.jpeg",1600,1066,false],"thumbnail":["https:\/\/munichilca.gob.pe\/site\/wp-content\/uploads\/2023\/04\/WhatsApp-Image-2023-04-19-at-2.32.35-PM-150x150.jpeg",150,150,true],"medium":["https:\/\/munichilca.gob.pe\/site\/wp-content\/uploads\/2023\/04\/WhatsApp-Image-2023-04-19-at-2.32.35-PM-300x200.jpeg",300,200,true],"large":["https:\/\/munichilca.gob.pe\/site\/wp-content\/uploads\/2023\/04\/WhatsApp-Image-2023-04-19-at-2.32.35-PM-1024x682.jpeg",1024,682,true],"1536x1536":["https:\/\/munichilca.gob.pe\/site\/wp-content\/uploads\/2023\/04\/WhatsApp-Image-2023-04-19-at-2.32.35-PM-1536x1023.jpeg",1536,1023,true],"2048x2048":["https:\/\/munichilca.gob.pe\/site\/wp-content\/uploads\/2023\/04\/WhatsApp-Image-2023-04-19-at-2.32.35-PM.jpeg",1600,1066,false],"tp-image-grid":["https:\/\/munichilca.gob.pe\/site\/wp-content\/uploads\/2023\/04\/WhatsApp-Image-2023-04-19-at-2.32.35-PM-700x700.jpeg",700,700,true]},"rttpg_author":{"display_name":"JGUTARRA","author_link":"https:\/\/munichilca.gob.pe\/site\/author\/jgutarra\/"},"rttpg_comment":0,"rttpg_category":"<a href=\"https:\/\/munichilca.gob.pe\/site\/category\/noticias\/\" rel=\"category tag\">Noticias<\/a>","rttpg_excerpt":"\ud835\ude3e\ud835\ude64\ud835\ude63 \ud835\ude56\ud835\ude63\ud835\ude6a\ud835\ude63\ud835\ude58\ud835\ude5e\ud835\ude64 \ud835\ude59\ud835\ude5a \ud835\ude61\ud835\ude56 \ud835\ude56\ud835\ude65\ud835\ude5a\ud835\ude67\ud835\ude69\ud835\ude6a\ud835\ude67\ud835\ude56 \ud835\ude59\ud835\ude5a \ud835\ude6a\ud835\ude63 \ud835\ude63\ud835\ude6a\ud835\ude5a\ud835\ude6b\ud835\ude64 \ud835\ude61\ud835\ude64\ud835\ude58\ud835\ude56\ud835\ude61, \ud835\ude68\ud835\ude5a \ud835\ude5e\ud835\ude63\ud835\ude5e\ud835\ude58\ud835\ude5e\ud835\ude56\ud835\ude63 \ud835\ude61\ud835\ude56\ud835\ude68 \ud835\ude58\ud835\ude61\ud835\ude56\ud835\ude68\ud835\ude5a\ud835\ude68 \ud835\ude65\ud835\ude67\ud835\ude5a \ud835\ude6a\ud835\ude63\ud835\ude5e\ud835\ude6b\ud835\ude5a\ud835\ude67\ud835\ude68\ud835\ude5e\ud835\ude69\ud835\ude56\ud835\ude67\ud835\ude5e\ud835\ude56\ud835\ude68. Tras un importante logro, donde gran cantidad de j\u00f3venes ingresaron a la universidad, gracias a la preparaci\u00f3n de la academia municipal de Chilca; por tal motivo, la Municipalidad Distrital de Chilca, a trav\u00e9s de la Sub Gerencia del Instituto de&hellip;","_links":{"self":[{"href":"https:\/\/munichilca.gob.pe\/site\/wp-json\/wp\/v2\/posts\/18420","targetHints":{"allow":["GET"]}}],"collection":[{"href":"https:\/\/munichilca.gob.pe\/site\/wp-json\/wp\/v2\/posts"}],"about":[{"href":"https:\/\/munichilca.gob.pe\/site\/wp-json\/wp\/v2\/types\/post"}],"author":[{"embeddable":true,"href":"https:\/\/munichilca.gob.pe\/site\/wp-json\/wp\/v2\/users\/4"}],"replies":[{"embeddable":true,"href":"https:\/\/munichilca.gob.pe\/site\/wp-json\/wp\/v2\/comments?post=18420"}],"version-history":[{"count":0,"href":"https:\/\/munichilca.gob.pe\/site\/wp-json\/wp\/v2\/posts\/18420\/revisions"}],"wp:featuredmedia":[{"embeddable":true,"href":"https:\/\/munichilca.gob.pe\/site\/wp-json\/wp\/v2\/media\/6294"}],"wp:attachment":[{"href":"https:\/\/munichilca.gob.pe\/site\/wp-json\/wp\/v2\/media?parent=18420"}],"wp:term":[{"taxonomy":"category","embeddable":true,"href":"https:\/\/munichilca.gob.pe\/site\/wp-json\/wp\/v2\/categories?post=18420"},{"taxonomy":"post_tag","embeddable":true,"href":"https:\/\/munichilca.gob.pe\/site\/wp-json\/wp\/v2\/tags?post=18420"}],"curies":[{"name":"wp","href":"https:\/\/api.w.org\/{rel}","templated":true}]}}