{"id":18349,"date":"2023-05-11T15:28:10","date_gmt":"2023-05-11T15:28:10","guid":{"rendered":"https:\/\/munichilca.gob.pe\/site\/?p=6510"},"modified":"2023-05-11T15:28:10","modified_gmt":"2023-05-11T15:28:10","slug":"entregadematerialeducativougel-2-15-2-2-2-12-3-2-2-2-2-3-2-2-2-2-2-2-2-2-2-2-2-2-2-2-2-4-2-2-2-2-2-2-2-2-2-2-2-2","status":"publish","type":"post","link":"https:\/\/munichilca.gob.pe\/site\/2023\/05\/11\/entregadematerialeducativougel-2-15-2-2-2-12-3-2-2-2-2-3-2-2-2-2-2-2-2-2-2-2-2-2-2-2-2-4-2-2-2-2-2-2-2-2-2-2-2-2\/","title":{"rendered":"\ud835\uddd4\ud835\udde7\ud835\uddd8\ud835\udde1\ud835\uddd6\ud835\udddc\ud835\udde2\u0301\ud835\udde1 \ud835\udde3\ud835\udde6\ud835\udddc\ud835\uddd6\ud835\udde2\ud835\udddf\ud835\udde2\u0301\ud835\uddda\ud835\udddc\ud835\uddd6\ud835\uddd4 \ud835\uddda\ud835\udde5\ud835\uddd4\ud835\udde7\ud835\udde8\ud835\udddc\ud835\udde7\ud835\uddd4, \ud835\udde5\ud835\uddd8\ud835\uddd6\ud835\udddc\ud835\uddd5\ud835\udddc\ud835\uddd8\ud835\udde5\ud835\udde2\ud835\udde1 \ud835\udde3\ud835\udde2\ud835\uddd5\ud835\udddf\ud835\uddd4\ud835\uddd7\ud835\udde2\ud835\udde5\ud835\uddd8\ud835\udde6 \ud835\uddd7\ud835\uddd8 \ud835\uddd6\ud835\udddb\ud835\udddc\ud835\udddf\ud835\uddd6\ud835\uddd4"},"content":{"rendered":"<p>\ud835\ude40\ud835\ude63 \ud835\ude58\ud835\ude56\ud835\ude62\ud835\ude65\ud835\ude56\ud835\ude63\u0303\ud835\ude56 \ud835\ude59\ud835\ude5a \ud835\ude68\ud835\ude56\ud835\ude61\ud835\ude6a\ud835\ude59 \ud835\ude62\ud835\ude5a\ud835\ude63\ud835\ude69\ud835\ude56\ud835\ude61, \ud835\ude62\ud835\ude56\u0301\ud835\ude68 \ud835\ude59\ud835\ude5a 100 \ud835\ude6b\ud835\ude5a\ud835\ude58\ud835\ude5e\ud835\ude63\ud835\ude64\ud835\ude68, \ud835\ude67\ud835\ude5a\ud835\ude58\ud835\ude5e\ud835\ude57\ud835\ude5e\ud835\ude5a\ud835\ude67\ud835\ude64\ud835\ude63 \ud835\ude64\ud835\ude67\ud835\ude5e\ud835\ude5a\ud835\ude63\ud835\ude69\ud835\ude56\ud835\ude58\ud835\ude5e\ud835\ude64\u0301\ud835\ude63 \ud835\ude5a\ud835\ude63 \ud835\ude61\ud835\ude56 \ud835\ude5b\ud835\ude5a\ud835\ude67\ud835\ude5e\ud835\ude56 \ud835\ude59\ud835\ude5a \ud835\ude61\ud835\ude64\ud835\ude68 \ud835\ude62\ud835\ude5e\ud835\ude5a\u0301\ud835\ude67\ud835\ude58\ud835\ude64\ud835\ude61\ud835\ude5a\ud835\ude68.<\/p>\n<p>Ante el incremento de los casos de deterioro de la salud mental, la Municipalidad Distrital de Chilca, a trav\u00e9s de sus gerencias de Desarrollo Social y Econ\u00f3mico, desarrollaron la campa\u00f1a de salud mental, esto en coordinaci\u00f3n con la cl\u00ednica psicol\u00f3gica \u201cVolver a Vivir\u201d, la cual tuvo como objetivo, tratar los efectos en su mayor\u00eda ocasionados por el prolongado encierro a causa de la emergencia sanitaria.<\/p>\n<p>Dicha jornada que inici\u00f3 a las 9 de la ma\u00f1ana y culmin\u00f3 a las 4 de la tarde, cont\u00f3 con un equipo de profesionales especializados, quienes recorrieron a lo largo de la feria de los mi\u00e9rcoles, ubicada en la avenida Jacinto Ibarra, brindando las charlas psicol\u00f3gicas a los comerciantes y p\u00fablico en general.<\/p>\n<p>A su turno, la administradora de la cl\u00ednica, Ana V\u00edlchez, indic\u00f3, que en la actualidad existen diferentes sucesos como el ausentismo escolar, desbalance econ\u00f3mico y desempleo, como consecuencia ha aumentado, la frustraci\u00f3n en los padres de familia en la satisfacci\u00f3n de las necesidades b\u00e1sicas, poniendo en riesgo a las personas vulnerables, como ni\u00f1os, adolescentes, adultos y adultos mayores por los cambios dr\u00e1sticos y alteraciones emocionales como ansiedad; es por tal motivo que se viene realizando estas actividades que promuevan la salud mental de las personas.<\/p>\n<p>Seg\u00fan precis\u00f3 el sub gerente de Comercializaci\u00f3n, Daniel Yaranga, que, a nombre de la primera autoridad de la comuna, C\u00e9sar Damas, estas actividades son sumamente importantes y beneficiosas para la poblaci\u00f3n que muchas veces no saben a qui\u00e9n recurrir en casos de estr\u00e9s, ansiedad, o para tratar cuadros de depresi\u00f3n o incluso agresi\u00f3n. La pandemia signific\u00f3 restricciones y limitaciones que han afectado nuestra vida cotidiana. Nuestros ni\u00f1os, adolescentes y adultos mayores son quiz\u00e1s los m\u00e1s golpeados por el encierro originando cuadros de estr\u00e9s y depresi\u00f3n, por tal raz\u00f3n en esta jornada encontrar\u00e1n la ayuda profesional que necesitan\u00bb.<\/p>\n","protected":false},"excerpt":{"rendered":"<p>\ud835\ude40\ud835\ude63 \ud835\ude58\ud835\ude56\ud835\ude62\ud835\ude65\ud835\ude56\ud835\ude63\u0303\ud835\ude56 \ud835\ude59\ud835\ude5a \ud835\ude68\ud835\ude56\ud835\ude61\ud835\ude6a\ud835\ude59 \ud835\ude62\ud835\ude5a\ud835\ude63\ud835\ude69\ud835\ude56\ud835\ude61, \ud835\ude62\ud835\ude56\u0301\ud835\ude68 \ud835\ude59\ud835\ude5a 100 \ud835\ude6b\ud835\ude5a\ud835\ude58\ud835\ude5e\ud835\ude63\ud835\ude64\ud835\ude68, \ud835\ude67\ud835\ude5a\ud835\ude58\ud835\ude5e\ud835\ude57\ud835\ude5e\ud835\ude5a\ud835\ude67\ud835\ude64\ud835\ude63 \ud835\ude64\ud835\ude67\ud835\ude5e\ud835\ude5a\ud835\ude63\ud835\ude69\ud835\ude56\ud835\ude58\ud835\ude5e\ud835\ude64\u0301\ud835\ude63 \ud835\ude5a\ud835\ude63 \ud835\ude61\ud835\ude56 \ud835\ude5b\ud835\ude5a\ud835\ude67\ud835\ude5e\ud835\ude56 \ud835\ude59\ud835\ude5a \ud835\ude61\ud835\ude64\ud835\ude68 \ud835\ude62\ud835\ude5e\ud835\ude5a\u0301\ud835\ude67\ud835\ude58\ud835\ude64\ud835\ude61\ud835\ude5a\ud835\ude68. Ante el incremento de los casos de deterioro de la salud mental, la Municipalidad Distrital de Chilca, a trav\u00e9s de sus gerencias de Desarrollo Social y Econ\u00f3mico, desarrollaron la campa\u00f1a de salud mental, esto en coordinaci\u00f3n con la [&hellip;]<\/p>\n","protected":false},"author":4,"featured_media":18352,"comment_status":"closed","ping_status":"open","sticky":false,"template":"","format":"image","meta":{"footnotes":""},"categories":[25],"tags":[],"class_list":["post-18349","post","type-post","status-publish","format-image","has-post-thumbnail","hentry","category-noticias","post_format-post-format-image"],"blocksy_meta":[],"rttpg_featured_image_url":{"full":["https:\/\/munichilca.gob.pe\/site\/wp-content\/uploads\/2023\/05\/WhatsApp-Image-2023-05-10-at-2.53.25-PM.jpeg",1600,1066,false],"landscape":["https:\/\/munichilca.gob.pe\/site\/wp-content\/uploads\/2023\/05\/WhatsApp-Image-2023-05-10-at-2.53.25-PM.jpeg",1600,1066,false],"portraits":["https:\/\/munichilca.gob.pe\/site\/wp-content\/uploads\/2023\/05\/WhatsApp-Image-2023-05-10-at-2.53.25-PM.jpeg",1600,1066,false],"thumbnail":["https:\/\/munichilca.gob.pe\/site\/wp-content\/uploads\/2023\/05\/WhatsApp-Image-2023-05-10-at-2.53.25-PM-150x150.jpeg",150,150,true],"medium":["https:\/\/munichilca.gob.pe\/site\/wp-content\/uploads\/2023\/05\/WhatsApp-Image-2023-05-10-at-2.53.25-PM-300x200.jpeg",300,200,true],"large":["https:\/\/munichilca.gob.pe\/site\/wp-content\/uploads\/2023\/05\/WhatsApp-Image-2023-05-10-at-2.53.25-PM-1024x682.jpeg",1024,682,true],"1536x1536":["https:\/\/munichilca.gob.pe\/site\/wp-content\/uploads\/2023\/05\/WhatsApp-Image-2023-05-10-at-2.53.25-PM-1536x1023.jpeg",1536,1023,true],"2048x2048":["https:\/\/munichilca.gob.pe\/site\/wp-content\/uploads\/2023\/05\/WhatsApp-Image-2023-05-10-at-2.53.25-PM.jpeg",1600,1066,false],"tp-image-grid":["https:\/\/munichilca.gob.pe\/site\/wp-content\/uploads\/2023\/05\/WhatsApp-Image-2023-05-10-at-2.53.25-PM-700x700.jpeg",700,700,true]},"rttpg_author":{"display_name":"JGUTARRA","author_link":"https:\/\/munichilca.gob.pe\/site\/author\/jgutarra\/"},"rttpg_comment":0,"rttpg_category":"<a href=\"https:\/\/munichilca.gob.pe\/site\/category\/noticias\/\" rel=\"category tag\">Noticias<\/a>","rttpg_excerpt":"\ud835\ude40\ud835\ude63 \ud835\ude58\ud835\ude56\ud835\ude62\ud835\ude65\ud835\ude56\ud835\ude63\u0303\ud835\ude56 \ud835\ude59\ud835\ude5a \ud835\ude68\ud835\ude56\ud835\ude61\ud835\ude6a\ud835\ude59 \ud835\ude62\ud835\ude5a\ud835\ude63\ud835\ude69\ud835\ude56\ud835\ude61, \ud835\ude62\ud835\ude56\u0301\ud835\ude68 \ud835\ude59\ud835\ude5a 100 \ud835\ude6b\ud835\ude5a\ud835\ude58\ud835\ude5e\ud835\ude63\ud835\ude64\ud835\ude68, \ud835\ude67\ud835\ude5a\ud835\ude58\ud835\ude5e\ud835\ude57\ud835\ude5e\ud835\ude5a\ud835\ude67\ud835\ude64\ud835\ude63 \ud835\ude64\ud835\ude67\ud835\ude5e\ud835\ude5a\ud835\ude63\ud835\ude69\ud835\ude56\ud835\ude58\ud835\ude5e\ud835\ude64\u0301\ud835\ude63 \ud835\ude5a\ud835\ude63 \ud835\ude61\ud835\ude56 \ud835\ude5b\ud835\ude5a\ud835\ude67\ud835\ude5e\ud835\ude56 \ud835\ude59\ud835\ude5a \ud835\ude61\ud835\ude64\ud835\ude68 \ud835\ude62\ud835\ude5e\ud835\ude5a\u0301\ud835\ude67\ud835\ude58\ud835\ude64\ud835\ude61\ud835\ude5a\ud835\ude68. Ante el incremento de los casos de deterioro de la salud mental, la Municipalidad Distrital de Chilca, a trav\u00e9s de sus gerencias de Desarrollo Social y Econ\u00f3mico, desarrollaron la campa\u00f1a de salud mental, esto en coordinaci\u00f3n con la&hellip;","_links":{"self":[{"href":"https:\/\/munichilca.gob.pe\/site\/wp-json\/wp\/v2\/posts\/18349","targetHints":{"allow":["GET"]}}],"collection":[{"href":"https:\/\/munichilca.gob.pe\/site\/wp-json\/wp\/v2\/posts"}],"about":[{"href":"https:\/\/munichilca.gob.pe\/site\/wp-json\/wp\/v2\/types\/post"}],"author":[{"embeddable":true,"href":"https:\/\/munichilca.gob.pe\/site\/wp-json\/wp\/v2\/users\/4"}],"replies":[{"embeddable":true,"href":"https:\/\/munichilca.gob.pe\/site\/wp-json\/wp\/v2\/comments?post=18349"}],"version-history":[{"count":0,"href":"https:\/\/munichilca.gob.pe\/site\/wp-json\/wp\/v2\/posts\/18349\/revisions"}],"wp:featuredmedia":[{"embeddable":true,"href":"https:\/\/munichilca.gob.pe\/site\/wp-json\/wp\/v2\/media\/18352"}],"wp:attachment":[{"href":"https:\/\/munichilca.gob.pe\/site\/wp-json\/wp\/v2\/media?parent=18349"}],"wp:term":[{"taxonomy":"category","embeddable":true,"href":"https:\/\/munichilca.gob.pe\/site\/wp-json\/wp\/v2\/categories?post=18349"},{"taxonomy":"post_tag","embeddable":true,"href":"https:\/\/munichilca.gob.pe\/site\/wp-json\/wp\/v2\/tags?post=18349"}],"curies":[{"name":"wp","href":"https:\/\/api.w.org\/{rel}","templated":true}]}}