{"id":18330,"date":"2023-05-12T15:39:49","date_gmt":"2023-05-12T15:39:49","guid":{"rendered":"https:\/\/munichilca.gob.pe\/site\/?p=6534"},"modified":"2023-05-12T15:39:49","modified_gmt":"2023-05-12T15:39:49","slug":"entregadematerialeducativougel-2-15-2-2-2-12-3-2-2-2-2-3-2-2-2-2-2-2-2-2-2-2-2-2-2-2-2-4-2-2-2-2-2-2-2-2-2-2-2-2-2-2-2","status":"publish","type":"post","link":"https:\/\/munichilca.gob.pe\/site\/2023\/05\/12\/entregadematerialeducativougel-2-15-2-2-2-12-3-2-2-2-2-3-2-2-2-2-2-2-2-2-2-2-2-2-2-2-2-4-2-2-2-2-2-2-2-2-2-2-2-2-2-2-2\/","title":{"rendered":"\ud835\udde3\ud835\uddd8\ud835\udde5\ud835\udde6\ud835\udde2\ud835\udde1\ud835\uddd4\ud835\udddf \ud835\udde0\ud835\udde8\ud835\udde1\ud835\udddc\ud835\uddd6\ud835\udddc\ud835\udde3\ud835\uddd4\ud835\udddf \ud835\uddd7\ud835\uddd8 \ud835\uddd6\ud835\udddb\ud835\udddc\ud835\udddf\ud835\uddd6\ud835\uddd4, \ud835\udde5\ud835\uddd8\ud835\uddd4\ud835\udddf\ud835\udddc\ud835\udded\ud835\uddd4 \ud835\udddf\ud835\uddd4\ud835\udde9\ud835\uddd4\ud835\uddd7\ud835\udde2 \ud835\uddd7\ud835\uddd8 \ud835\udde9\ud835\uddd8\ud835\udde5\ud835\uddd8\ud835\uddd7\ud835\uddd4\ud835\udde6 \ud835\uddd8\ud835\udde1 \ud835\udde3\ud835\udde5\ud835\udddc\ud835\udde1\ud835\uddd6\ud835\udddc\ud835\udde3\ud835\uddd4\ud835\udddf\ud835\uddd8\ud835\udde6 \ud835\uddd4\ud835\udde9\ud835\uddd8\ud835\udde1\ud835\udddc\ud835\uddd7\ud835\uddd4\ud835\udde6"},"content":{"rendered":"<p>\ud835\ude3e\ud835\ude64\ud835\ude63 \ud835\ude61\ud835\ude56 \ud835\ude5b\ud835\ude5e\ud835\ude63\ud835\ude56\ud835\ude61\ud835\ude5e\ud835\ude59\ud835\ude56\ud835\ude59 \ud835\ude59\ud835\ude5a \ud835\ude62\ud835\ude56\ud835\ude63\ud835\ude69\ud835\ude5a\ud835\ude63\ud835\ude5a\ud835\ude67 \ud835\ude61\ud835\ude56 \ud835\ude68\ud835\ude56\ud835\ude61\ud835\ude6a\ud835\ude57\ud835\ude67\ud835\ude5e\ud835\ude59\ud835\ude56\ud835\ude59 \ud835\ude59\ud835\ude5a \ud835\ude61\ud835\ude64\ud835\ude68 \ud835\ude58\ud835\ude64\ud835\ude62\ud835\ude5a\ud835\ude67\ud835\ude58\ud835\ude5e\ud835\ude56\ud835\ude63\ud835\ude69\ud835\ude5a\ud835\ude68 \ud835\ude6e \ud835\ude69\ud835\ude67\ud835\ude56\ud835\ude63\ud835\ude68\ud835\ude5a\ud835\ude6a\u0301\ud835\ude63\ud835\ude69\ud835\ude5a\ud835\ude68<\/p>\n<p>Personal municipal de la Municipalidad Distrital de Chilca, a trav\u00e9s de la Gerencia de Servicios P\u00fablicos Locales y del Medio Ambiente, a fin de brindar un entorno saludable, realiz\u00f3 esta ma\u00f1ana un trabajo articulado con las \u00c1reas de Parques y Jardines y de Limpieza P\u00fablica, donde previstos con un cami\u00f3n cisterna, escobas, detergente y abundante agua, lavaron las veredas de la Av. 9 de Diciembre, en el tramo de la Calle Real, hasta la Av. Huancavelica, en ambos sentidos.<\/p>\n<p>Trabajos que ser\u00e1n desarrollados en las diversas avenidas principales del distrito de la comuna de Chilca, donde el sub gerente Jos\u00e9 Chahua Esteban, quien estuvo encabezando este trabajo, manifest\u00f3 que, \u201cComo parte de las actividades del personal de parque y jardines y a la vez de limpieza p\u00fablica, recorreremos las principales avenidas para realizar la limpieza, para prevenir contagios y brindar salubridad a los vecinos, paralelo a esta actividad, se viene notificando a aquellos vecinos que mantienen desmontes, agregados o chatarra en la vereda y\/o v\u00eda p\u00fablica, para que se sumen a esta campa\u00f1a, retirando lo m\u00e1s pronto sus mont\u00edculos. Estamos haciendo esfuerzos por cambiar el rostro del distrito, queremos que los vecinos se sumen a este trabajo y juntos brindar una mejor imagen y calidad de vida para todos\u201d, acot\u00f3 el funcionario edil.<\/p>\n<p>Como parte de la campa\u00f1a se har\u00e1 un trabajo educativo, funcionarios y trabajadores del municipio saldr\u00e1n a diversos puntos del distrito para informar sobre el uso de los contenedores, el horario de sacar la basura y las sanciones a las que est\u00e1 sujeto el vecino o establecimiento que no cumpla con la medida.<\/p>\n<p>Al respecto, el Gerente de Servicios P\u00fablicos Locales y Medio Ambiente, Tito Orellana Mendoza asegur\u00f3 que \u201cbuscamos mantener limpio las calles, y sobre todo las \u00e1reas verdes, teniendo en cuenta que las plantas son el pulm\u00f3n del planeta, por eso profundizamos la tarea de limpieza con la que continuamos fuertemente para lograr un mejor ambiente en el distrito de Chilca.<\/p>\n","protected":false},"excerpt":{"rendered":"<p>\ud835\ude3e\ud835\ude64\ud835\ude63 \ud835\ude61\ud835\ude56 \ud835\ude5b\ud835\ude5e\ud835\ude63\ud835\ude56\ud835\ude61\ud835\ude5e\ud835\ude59\ud835\ude56\ud835\ude59 \ud835\ude59\ud835\ude5a \ud835\ude62\ud835\ude56\ud835\ude63\ud835\ude69\ud835\ude5a\ud835\ude63\ud835\ude5a\ud835\ude67 \ud835\ude61\ud835\ude56 \ud835\ude68\ud835\ude56\ud835\ude61\ud835\ude6a\ud835\ude57\ud835\ude67\ud835\ude5e\ud835\ude59\ud835\ude56\ud835\ude59 \ud835\ude59\ud835\ude5a \ud835\ude61\ud835\ude64\ud835\ude68 \ud835\ude58\ud835\ude64\ud835\ude62\ud835\ude5a\ud835\ude67\ud835\ude58\ud835\ude5e\ud835\ude56\ud835\ude63\ud835\ude69\ud835\ude5a\ud835\ude68 \ud835\ude6e \ud835\ude69\ud835\ude67\ud835\ude56\ud835\ude63\ud835\ude68\ud835\ude5a\ud835\ude6a\u0301\ud835\ude63\ud835\ude69\ud835\ude5a\ud835\ude68 Personal municipal de la Municipalidad Distrital de Chilca, a trav\u00e9s de la Gerencia de Servicios P\u00fablicos Locales y del Medio Ambiente, a fin de brindar un entorno saludable, realiz\u00f3 esta ma\u00f1ana un trabajo articulado con las \u00c1reas de Parques y Jardines y de [&hellip;]<\/p>\n","protected":false},"author":4,"featured_media":18333,"comment_status":"closed","ping_status":"open","sticky":false,"template":"","format":"image","meta":{"footnotes":""},"categories":[25],"tags":[],"class_list":["post-18330","post","type-post","status-publish","format-image","has-post-thumbnail","hentry","category-noticias","post_format-post-format-image"],"blocksy_meta":[],"rttpg_featured_image_url":{"full":["https:\/\/munichilca.gob.pe\/site\/wp-content\/uploads\/2023\/05\/WhatsApp-Image-2023-05-11-at-4.23.05-PM.jpeg",1600,1200,false],"landscape":["https:\/\/munichilca.gob.pe\/site\/wp-content\/uploads\/2023\/05\/WhatsApp-Image-2023-05-11-at-4.23.05-PM.jpeg",1600,1200,false],"portraits":["https:\/\/munichilca.gob.pe\/site\/wp-content\/uploads\/2023\/05\/WhatsApp-Image-2023-05-11-at-4.23.05-PM.jpeg",1600,1200,false],"thumbnail":["https:\/\/munichilca.gob.pe\/site\/wp-content\/uploads\/2023\/05\/WhatsApp-Image-2023-05-11-at-4.23.05-PM-150x150.jpeg",150,150,true],"medium":["https:\/\/munichilca.gob.pe\/site\/wp-content\/uploads\/2023\/05\/WhatsApp-Image-2023-05-11-at-4.23.05-PM-300x225.jpeg",300,225,true],"large":["https:\/\/munichilca.gob.pe\/site\/wp-content\/uploads\/2023\/05\/WhatsApp-Image-2023-05-11-at-4.23.05-PM-1024x768.jpeg",1024,768,true],"1536x1536":["https:\/\/munichilca.gob.pe\/site\/wp-content\/uploads\/2023\/05\/WhatsApp-Image-2023-05-11-at-4.23.05-PM-1536x1152.jpeg",1536,1152,true],"2048x2048":["https:\/\/munichilca.gob.pe\/site\/wp-content\/uploads\/2023\/05\/WhatsApp-Image-2023-05-11-at-4.23.05-PM.jpeg",1600,1200,false],"tp-image-grid":["https:\/\/munichilca.gob.pe\/site\/wp-content\/uploads\/2023\/05\/WhatsApp-Image-2023-05-11-at-4.23.05-PM-700x700.jpeg",700,700,true]},"rttpg_author":{"display_name":"JGUTARRA","author_link":"https:\/\/munichilca.gob.pe\/site\/author\/jgutarra\/"},"rttpg_comment":0,"rttpg_category":"<a href=\"https:\/\/munichilca.gob.pe\/site\/category\/noticias\/\" rel=\"category tag\">Noticias<\/a>","rttpg_excerpt":"\ud835\ude3e\ud835\ude64\ud835\ude63 \ud835\ude61\ud835\ude56 \ud835\ude5b\ud835\ude5e\ud835\ude63\ud835\ude56\ud835\ude61\ud835\ude5e\ud835\ude59\ud835\ude56\ud835\ude59 \ud835\ude59\ud835\ude5a \ud835\ude62\ud835\ude56\ud835\ude63\ud835\ude69\ud835\ude5a\ud835\ude63\ud835\ude5a\ud835\ude67 \ud835\ude61\ud835\ude56 \ud835\ude68\ud835\ude56\ud835\ude61\ud835\ude6a\ud835\ude57\ud835\ude67\ud835\ude5e\ud835\ude59\ud835\ude56\ud835\ude59 \ud835\ude59\ud835\ude5a \ud835\ude61\ud835\ude64\ud835\ude68 \ud835\ude58\ud835\ude64\ud835\ude62\ud835\ude5a\ud835\ude67\ud835\ude58\ud835\ude5e\ud835\ude56\ud835\ude63\ud835\ude69\ud835\ude5a\ud835\ude68 \ud835\ude6e \ud835\ude69\ud835\ude67\ud835\ude56\ud835\ude63\ud835\ude68\ud835\ude5a\ud835\ude6a\u0301\ud835\ude63\ud835\ude69\ud835\ude5a\ud835\ude68 Personal municipal de la Municipalidad Distrital de Chilca, a trav\u00e9s de la Gerencia de Servicios P\u00fablicos Locales y del Medio Ambiente, a fin de brindar un entorno saludable, realiz\u00f3 esta ma\u00f1ana un trabajo articulado con las \u00c1reas de Parques y Jardines y de&hellip;","_links":{"self":[{"href":"https:\/\/munichilca.gob.pe\/site\/wp-json\/wp\/v2\/posts\/18330","targetHints":{"allow":["GET"]}}],"collection":[{"href":"https:\/\/munichilca.gob.pe\/site\/wp-json\/wp\/v2\/posts"}],"about":[{"href":"https:\/\/munichilca.gob.pe\/site\/wp-json\/wp\/v2\/types\/post"}],"author":[{"embeddable":true,"href":"https:\/\/munichilca.gob.pe\/site\/wp-json\/wp\/v2\/users\/4"}],"replies":[{"embeddable":true,"href":"https:\/\/munichilca.gob.pe\/site\/wp-json\/wp\/v2\/comments?post=18330"}],"version-history":[{"count":0,"href":"https:\/\/munichilca.gob.pe\/site\/wp-json\/wp\/v2\/posts\/18330\/revisions"}],"wp:featuredmedia":[{"embeddable":true,"href":"https:\/\/munichilca.gob.pe\/site\/wp-json\/wp\/v2\/media\/18333"}],"wp:attachment":[{"href":"https:\/\/munichilca.gob.pe\/site\/wp-json\/wp\/v2\/media?parent=18330"}],"wp:term":[{"taxonomy":"category","embeddable":true,"href":"https:\/\/munichilca.gob.pe\/site\/wp-json\/wp\/v2\/categories?post=18330"},{"taxonomy":"post_tag","embeddable":true,"href":"https:\/\/munichilca.gob.pe\/site\/wp-json\/wp\/v2\/tags?post=18330"}],"curies":[{"name":"wp","href":"https:\/\/api.w.org\/{rel}","templated":true}]}}