{"id":18321,"date":"2023-05-12T15:42:58","date_gmt":"2023-05-12T15:42:58","guid":{"rendered":"https:\/\/munichilca.gob.pe\/site\/?p=6540"},"modified":"2023-05-12T15:42:58","modified_gmt":"2023-05-12T15:42:58","slug":"entregadematerialeducativougel-2-15-2-2-2-12-3-2-2-2-2-3-2-2-2-2-2-2-2-2-2-2-2-2-2-2-2-4-2-2-2-2-2-2-2-2-2-2-2-2-2-2-2-2","status":"publish","type":"post","link":"https:\/\/munichilca.gob.pe\/site\/2023\/05\/12\/entregadematerialeducativougel-2-15-2-2-2-12-3-2-2-2-2-3-2-2-2-2-2-2-2-2-2-2-2-2-2-2-2-4-2-2-2-2-2-2-2-2-2-2-2-2-2-2-2-2\/","title":{"rendered":"NI\u00d1OS DE INICIAL ADOPTAN PLANTAS"},"content":{"rendered":"<p>\ud835\ude3e\ud835\ude64\ud835\ude63 \ud835\ude62\ud835\ude56\u0301\ud835\ude68 \ud835\ude59\ud835\ude5a 3000 \ud835\ude5a\ud835\ude5f\ud835\ude5a\ud835\ude62\ud835\ude65\ud835\ude61\ud835\ude56\ud835\ude67\ud835\ude5a\ud835\ude68 \ud835\ude58\ud835\ude64\ud835\ude62\ud835\ude6a\ud835\ude63\ud835\ude56 \ud835\ude59\ud835\ude5a \ud835\ude3e\ud835\ude5d\ud835\ude5e\ud835\ude61\ud835\ude58\ud835\ude56 \ud835\ude5e\ud835\ude62\ud835\ude65\ud835\ude6a\ud835\ude61\ud835\ude68\ud835\ude56 \ud835\ude5a\ud835\ude61 \ud835\ude67\ud835\ude5a\ud835\ude6b\ud835\ude5a\ud835\ude67\ud835\ude59\ud835\ude5a\ud835\ude58\ud835\ude5e\ud835\ude62\ud835\ude5e\ud835\ude5a\ud835\ude63\ud835\ude69\ud835\ude64 \ud835\ude59\ud835\ude5a\ud835\ude61 \ud835\ude59\ud835\ude5e\ud835\ude68\ud835\ude69\ud835\ude67\ud835\ude5e\ud835\ude69\ud835\ude64 \ud835\ude6e \ud835\ude58\ud835\ude6a\ud835\ude5e\ud835\ude59\ud835\ude56\ud835\ude59\ud835\ude64 \ud835\ude59\ud835\ude5a\ud835\ude61 \ud835\ude62\ud835\ude5a\ud835\ude59\ud835\ude5e\ud835\ude64 \ud835\ude56\ud835\ude62\ud835\ude57\ud835\ude5e\ud835\ude5a\ud835\ude63\ud835\ude69\ud835\ude5a.<\/p>\n<p>La Gerencia de Servicios P\u00fablicos Locales de la Municipalidad Distrital de Chilca, hizo entrega de plantas ornamentales a la Instituci\u00f3n Educativa N\u00ba 435, Jos\u00e9 G\u00e1lvez, como parte del programa municipal \u201cChilca Verde\u201d, en el distrito, que permitir\u00e1 involucrar a la poblaci\u00f3n estudiantil, de una forma permanente, a un contacto sano y educativo con su medio ambiente.<br \/>\nEjemplares como la planta \u201cSuculenta\u201d, fueron recibidos por la directora de la instituci\u00f3n, Gloria Mar\u00eda Ureta Jim\u00e9nez, quien resalt\u00f3 el trabajo de las autoridades municipales en promover el cuidado de nuestra naturaleza a trav\u00e9s de la entrega de plantas. \u00abEsperamos que las dem\u00e1s instituciones educativas empiecen a implementar sus \u00e1reas verdes, porque es la \u00fanica manera de involucrar a nuestros alumnos al cuidado y protecci\u00f3n de nuestros espacios naturales\u00bb, finaliz\u00f3.<\/p>\n<p>Por otro lado, el Gerente de Servicios P\u00fablicos Locales y Medio Ambiente, Tito Orellana Mendoza, indic\u00f3 que por encargo de la primera autoridad edil, C\u00e9sar Damas, en los pr\u00f3ximos d\u00edas se har\u00e1 entrega de centenas de ejemplares de diferentes especies de plantas a las instituciones educativas del distrito, \u201cNecesitamos crear conciencia en nuestros ni\u00f1os sobre el cuidado del medio ambiente y que mejor que lo puedan aprender en el colegio\u00bb, manifest\u00f3 Orellana Mendoza.<\/p>\n<p>Cabe resaltar, que la Municipalidad, cuenta con m\u00e1s de 3000 especies de plantas, donde se viene realizando la programaci\u00f3n para la entrega a todas las instituciones educativas en su mayor\u00eda estatales.<\/p>\n","protected":false},"excerpt":{"rendered":"<p>\ud835\ude3e\ud835\ude64\ud835\ude63 \ud835\ude62\ud835\ude56\u0301\ud835\ude68 \ud835\ude59\ud835\ude5a 3000 \ud835\ude5a\ud835\ude5f\ud835\ude5a\ud835\ude62\ud835\ude65\ud835\ude61\ud835\ude56\ud835\ude67\ud835\ude5a\ud835\ude68 \ud835\ude58\ud835\ude64\ud835\ude62\ud835\ude6a\ud835\ude63\ud835\ude56 \ud835\ude59\ud835\ude5a \ud835\ude3e\ud835\ude5d\ud835\ude5e\ud835\ude61\ud835\ude58\ud835\ude56 \ud835\ude5e\ud835\ude62\ud835\ude65\ud835\ude6a\ud835\ude61\ud835\ude68\ud835\ude56 \ud835\ude5a\ud835\ude61 \ud835\ude67\ud835\ude5a\ud835\ude6b\ud835\ude5a\ud835\ude67\ud835\ude59\ud835\ude5a\ud835\ude58\ud835\ude5e\ud835\ude62\ud835\ude5e\ud835\ude5a\ud835\ude63\ud835\ude69\ud835\ude64 \ud835\ude59\ud835\ude5a\ud835\ude61 \ud835\ude59\ud835\ude5e\ud835\ude68\ud835\ude69\ud835\ude67\ud835\ude5e\ud835\ude69\ud835\ude64 \ud835\ude6e \ud835\ude58\ud835\ude6a\ud835\ude5e\ud835\ude59\ud835\ude56\ud835\ude59\ud835\ude64 \ud835\ude59\ud835\ude5a\ud835\ude61 \ud835\ude62\ud835\ude5a\ud835\ude59\ud835\ude5e\ud835\ude64 \ud835\ude56\ud835\ude62\ud835\ude57\ud835\ude5e\ud835\ude5a\ud835\ude63\ud835\ude69\ud835\ude5a. La Gerencia de Servicios P\u00fablicos Locales de la Municipalidad Distrital de Chilca, hizo entrega de plantas ornamentales a la Instituci\u00f3n Educativa N\u00ba 435, Jos\u00e9 G\u00e1lvez, como parte del programa municipal \u201cChilca Verde\u201d, en el distrito, que permitir\u00e1 [&hellip;]<\/p>\n","protected":false},"author":4,"featured_media":18328,"comment_status":"closed","ping_status":"open","sticky":false,"template":"","format":"image","meta":{"footnotes":""},"categories":[25],"tags":[],"class_list":["post-18321","post","type-post","status-publish","format-image","has-post-thumbnail","hentry","category-noticias","post_format-post-format-image"],"blocksy_meta":[],"rttpg_featured_image_url":{"full":["https:\/\/munichilca.gob.pe\/site\/wp-content\/uploads\/2023\/05\/WhatsApp-Image-2023-05-11-at-4.57.34-PM-1.jpeg",1600,1066,false],"landscape":["https:\/\/munichilca.gob.pe\/site\/wp-content\/uploads\/2023\/05\/WhatsApp-Image-2023-05-11-at-4.57.34-PM-1.jpeg",1600,1066,false],"portraits":["https:\/\/munichilca.gob.pe\/site\/wp-content\/uploads\/2023\/05\/WhatsApp-Image-2023-05-11-at-4.57.34-PM-1.jpeg",1600,1066,false],"thumbnail":["https:\/\/munichilca.gob.pe\/site\/wp-content\/uploads\/2023\/05\/WhatsApp-Image-2023-05-11-at-4.57.34-PM-1-150x150.jpeg",150,150,true],"medium":["https:\/\/munichilca.gob.pe\/site\/wp-content\/uploads\/2023\/05\/WhatsApp-Image-2023-05-11-at-4.57.34-PM-1-300x200.jpeg",300,200,true],"large":["https:\/\/munichilca.gob.pe\/site\/wp-content\/uploads\/2023\/05\/WhatsApp-Image-2023-05-11-at-4.57.34-PM-1-1024x682.jpeg",1024,682,true],"1536x1536":["https:\/\/munichilca.gob.pe\/site\/wp-content\/uploads\/2023\/05\/WhatsApp-Image-2023-05-11-at-4.57.34-PM-1-1536x1023.jpeg",1536,1023,true],"2048x2048":["https:\/\/munichilca.gob.pe\/site\/wp-content\/uploads\/2023\/05\/WhatsApp-Image-2023-05-11-at-4.57.34-PM-1.jpeg",1600,1066,false],"tp-image-grid":["https:\/\/munichilca.gob.pe\/site\/wp-content\/uploads\/2023\/05\/WhatsApp-Image-2023-05-11-at-4.57.34-PM-1-700x700.jpeg",700,700,true]},"rttpg_author":{"display_name":"JGUTARRA","author_link":"https:\/\/munichilca.gob.pe\/site\/author\/jgutarra\/"},"rttpg_comment":0,"rttpg_category":"<a href=\"https:\/\/munichilca.gob.pe\/site\/category\/noticias\/\" rel=\"category tag\">Noticias<\/a>","rttpg_excerpt":"\ud835\ude3e\ud835\ude64\ud835\ude63 \ud835\ude62\ud835\ude56\u0301\ud835\ude68 \ud835\ude59\ud835\ude5a 3000 \ud835\ude5a\ud835\ude5f\ud835\ude5a\ud835\ude62\ud835\ude65\ud835\ude61\ud835\ude56\ud835\ude67\ud835\ude5a\ud835\ude68 \ud835\ude58\ud835\ude64\ud835\ude62\ud835\ude6a\ud835\ude63\ud835\ude56 \ud835\ude59\ud835\ude5a \ud835\ude3e\ud835\ude5d\ud835\ude5e\ud835\ude61\ud835\ude58\ud835\ude56 \ud835\ude5e\ud835\ude62\ud835\ude65\ud835\ude6a\ud835\ude61\ud835\ude68\ud835\ude56 \ud835\ude5a\ud835\ude61 \ud835\ude67\ud835\ude5a\ud835\ude6b\ud835\ude5a\ud835\ude67\ud835\ude59\ud835\ude5a\ud835\ude58\ud835\ude5e\ud835\ude62\ud835\ude5e\ud835\ude5a\ud835\ude63\ud835\ude69\ud835\ude64 \ud835\ude59\ud835\ude5a\ud835\ude61 \ud835\ude59\ud835\ude5e\ud835\ude68\ud835\ude69\ud835\ude67\ud835\ude5e\ud835\ude69\ud835\ude64 \ud835\ude6e \ud835\ude58\ud835\ude6a\ud835\ude5e\ud835\ude59\ud835\ude56\ud835\ude59\ud835\ude64 \ud835\ude59\ud835\ude5a\ud835\ude61 \ud835\ude62\ud835\ude5a\ud835\ude59\ud835\ude5e\ud835\ude64 \ud835\ude56\ud835\ude62\ud835\ude57\ud835\ude5e\ud835\ude5a\ud835\ude63\ud835\ude69\ud835\ude5a. La Gerencia de Servicios P\u00fablicos Locales de la Municipalidad Distrital de Chilca, hizo entrega de plantas ornamentales a la Instituci\u00f3n Educativa N\u00ba 435, Jos\u00e9 G\u00e1lvez, como parte del programa municipal \u201cChilca Verde\u201d, en el distrito, que permitir\u00e1&hellip;","_links":{"self":[{"href":"https:\/\/munichilca.gob.pe\/site\/wp-json\/wp\/v2\/posts\/18321","targetHints":{"allow":["GET"]}}],"collection":[{"href":"https:\/\/munichilca.gob.pe\/site\/wp-json\/wp\/v2\/posts"}],"about":[{"href":"https:\/\/munichilca.gob.pe\/site\/wp-json\/wp\/v2\/types\/post"}],"author":[{"embeddable":true,"href":"https:\/\/munichilca.gob.pe\/site\/wp-json\/wp\/v2\/users\/4"}],"replies":[{"embeddable":true,"href":"https:\/\/munichilca.gob.pe\/site\/wp-json\/wp\/v2\/comments?post=18321"}],"version-history":[{"count":0,"href":"https:\/\/munichilca.gob.pe\/site\/wp-json\/wp\/v2\/posts\/18321\/revisions"}],"wp:featuredmedia":[{"embeddable":true,"href":"https:\/\/munichilca.gob.pe\/site\/wp-json\/wp\/v2\/media\/18328"}],"wp:attachment":[{"href":"https:\/\/munichilca.gob.pe\/site\/wp-json\/wp\/v2\/media?parent=18321"}],"wp:term":[{"taxonomy":"category","embeddable":true,"href":"https:\/\/munichilca.gob.pe\/site\/wp-json\/wp\/v2\/categories?post=18321"},{"taxonomy":"post_tag","embeddable":true,"href":"https:\/\/munichilca.gob.pe\/site\/wp-json\/wp\/v2\/tags?post=18321"}],"curies":[{"name":"wp","href":"https:\/\/api.w.org\/{rel}","templated":true}]}}