{"id":18316,"date":"2023-05-12T15:45:01","date_gmt":"2023-05-12T15:45:01","guid":{"rendered":"https:\/\/munichilca.gob.pe\/site\/?p=6550"},"modified":"2023-05-12T15:45:01","modified_gmt":"2023-05-12T15:45:01","slug":"entregadematerialeducativougel-2-15-2-2-2-12-3-2-2-2-2-3-2-2-2-2-2-2-2-2-2-2-2-2-2-2-2-4-2-2-2-2-2-2-2-2-2-2-2-2-2-2-2-2-2","status":"publish","type":"post","link":"https:\/\/munichilca.gob.pe\/site\/2023\/05\/12\/entregadematerialeducativougel-2-15-2-2-2-12-3-2-2-2-2-3-2-2-2-2-2-2-2-2-2-2-2-2-2-2-2-4-2-2-2-2-2-2-2-2-2-2-2-2-2-2-2-2-2\/","title":{"rendered":"\ud835\udde0\ud835\uddd4\u0301\ud835\udde6 \ud835\uddd7\ud835\uddd8 \ud835\udfed\ud835\udfee\ud835\udfec \ud835\uddd6\ud835\udde2\ud835\udde0\ud835\uddd8\ud835\udde5\ud835\uddd6\ud835\udddc\ud835\uddd4\ud835\udde1\ud835\udde7\ud835\uddd8\ud835\udde6 \ud835\udde6\ud835\uddd8 \ud835\udddc\ud835\udde1\ud835\udde6\ud835\udde7\ud835\uddd4\ud835\udddf\ud835\uddd4\ud835\udde5\ud835\uddd4\u0301\ud835\udde1 \ud835\uddd8\ud835\udde1 \ud835\udde1\ud835\udde8\ud835\uddd8\ud835\udde9\ud835\uddd4 \ud835\uddd9\ud835\uddd8\ud835\udde5\ud835\udddc\ud835\uddd4 \ud835\uddd8\ud835\udde1 \ud835\uddd6\ud835\udddb\ud835\udddc\ud835\udddf\ud835\uddd6\ud835\uddd4"},"content":{"rendered":"<p>\ud835\ude40\ud835\ude63 \ud835\ude5a\ud835\ude68\ud835\ude69\ud835\ude56 \ud835\ude5b\ud835\ude5a\ud835\ude67\ud835\ude5e\ud835\ude56 \ud835\ude65\ud835\ude5e\ud835\ude61\ud835\ude64\ud835\ude69\ud835\ude64, \ud835\ude68\ud835\ude5a \ud835\ude57\ud835\ude6a\ud835\ude68\ud835\ude58\ud835\ude56 \ud835\ude61\ud835\ude56 \ud835\ude59\ud835\ude5a\ud835\ude68\ud835\ude58\ud835\ude5a\ud835\ude63\ud835\ude69\ud835\ude67\ud835\ude56\ud835\ude61\ud835\ude5e\ud835\ude6f\ud835\ude56\ud835\ude58\ud835\ude5e\ud835\ude64\u0301\ud835\ude63 \ud835\ude5a\ud835\ude58\ud835\ude64\ud835\ude63\ud835\ude64\u0301\ud835\ude62\ud835\ude5e\ud835\ude58\ud835\ude56 \ud835\ude59\ud835\ude5a \ud835\ude61\ud835\ude64\ud835\ude68 \ud835\ude58\ud835\ude64\ud835\ude62\ud835\ude5a\ud835\ude67\ud835\ude58\ud835\ude5e\ud835\ude56\ud835\ude63\ud835\ude69\ud835\ude5a\ud835\ude68<br \/>\nA fin de seguir promoviendo la activaci\u00f3n econ\u00f3mica de los comerciantes del distrito, La Municipalidad Distrital de Chilca, a trav\u00e9s de la Gerencia de Desarrollo Econ\u00f3mico, establecieron una nueva feria, a lo largo de la Av. Los Incas, tramo Jr. Las Palmas, hasta la Av. Leoncio Prado.<br \/>\nEsta feria est\u00e1 prevista para todos los d\u00edas jueves, y en ella participar\u00e1n alrededor de 120 comerciantes, que vender\u00e1n productos para consumo, de primera necesidad, moda y complementos, \u00f3ptica, joyer\u00eda, deportes, regalos, decoraci\u00f3n, belleza, formaci\u00f3n, restauraci\u00f3n, entre otros.<br \/>\nComo parte de una estrategia que viene adoptando el alcalde de la comuna de Chilca, C\u00e9sar Damas, de generar polos de desarrollo a trav\u00e9s de ferias itinerantes en varios puntos del distrito de Chilca, esta feria denominada \u201cFeria de los Jueves\u201d, se instal\u00f3 una feria con apoyo de feriantes y vecinos del sector de Auquimarca; con el \u00fanico objetivo de descentralizar la econom\u00eda de todo el distrito de Chilca.<br \/>\nEl gerente de desarrollo econ\u00f3mico, Hugo Bustamante Toscano, manifest\u00f3 que \u201cSe est\u00e1 realizando la se\u00f1alizaci\u00f3n de la ubicaci\u00f3n de los puestos, resalto que esto es una feria piloto, y se busca generar expectativa de la poblaci\u00f3n para que asistan a realizar sus compras; y que los consumidores sean beneficiados con seguridad, salubridad y orden; esto es una de las tantas ferias que formaremos durante el transcurso del mes, esta es una primera etapa, ampliaremos m\u00e1s cuadras de ser necesario\u201d, puntualiz\u00f3 el gerente.<br \/>\nPor su parte los vecinos y comerciantes, agradecieron la disposici\u00f3n del alcalde, resaltando su preocupaci\u00f3n y el apoyo a las m\u00e1s de 120 familias que expender\u00e1n sus productos diversos.<\/p>\n","protected":false},"excerpt":{"rendered":"<p>\ud835\ude40\ud835\ude63 \ud835\ude5a\ud835\ude68\ud835\ude69\ud835\ude56 \ud835\ude5b\ud835\ude5a\ud835\ude67\ud835\ude5e\ud835\ude56 \ud835\ude65\ud835\ude5e\ud835\ude61\ud835\ude64\ud835\ude69\ud835\ude64, \ud835\ude68\ud835\ude5a \ud835\ude57\ud835\ude6a\ud835\ude68\ud835\ude58\ud835\ude56 \ud835\ude61\ud835\ude56 \ud835\ude59\ud835\ude5a\ud835\ude68\ud835\ude58\ud835\ude5a\ud835\ude63\ud835\ude69\ud835\ude67\ud835\ude56\ud835\ude61\ud835\ude5e\ud835\ude6f\ud835\ude56\ud835\ude58\ud835\ude5e\ud835\ude64\u0301\ud835\ude63 \ud835\ude5a\ud835\ude58\ud835\ude64\ud835\ude63\ud835\ude64\u0301\ud835\ude62\ud835\ude5e\ud835\ude58\ud835\ude56 \ud835\ude59\ud835\ude5a \ud835\ude61\ud835\ude64\ud835\ude68 \ud835\ude58\ud835\ude64\ud835\ude62\ud835\ude5a\ud835\ude67\ud835\ude58\ud835\ude5e\ud835\ude56\ud835\ude63\ud835\ude69\ud835\ude5a\ud835\ude68 A fin de seguir promoviendo la activaci\u00f3n econ\u00f3mica de los comerciantes del distrito, La Municipalidad Distrital de Chilca, a trav\u00e9s de la Gerencia de Desarrollo Econ\u00f3mico, establecieron una nueva feria, a lo largo de la Av. Los Incas, tramo Jr. Las Palmas, hasta [&hellip;]<\/p>\n","protected":false},"author":4,"featured_media":18319,"comment_status":"closed","ping_status":"open","sticky":false,"template":"","format":"image","meta":{"footnotes":""},"categories":[25],"tags":[],"class_list":["post-18316","post","type-post","status-publish","format-image","has-post-thumbnail","hentry","category-noticias","post_format-post-format-image"],"blocksy_meta":[],"rttpg_featured_image_url":{"full":["https:\/\/munichilca.gob.pe\/site\/wp-content\/uploads\/2023\/05\/WhatsApp-Image-2023-05-11-at-5.00.39-PM.jpeg",1600,1066,false],"landscape":["https:\/\/munichilca.gob.pe\/site\/wp-content\/uploads\/2023\/05\/WhatsApp-Image-2023-05-11-at-5.00.39-PM.jpeg",1600,1066,false],"portraits":["https:\/\/munichilca.gob.pe\/site\/wp-content\/uploads\/2023\/05\/WhatsApp-Image-2023-05-11-at-5.00.39-PM.jpeg",1600,1066,false],"thumbnail":["https:\/\/munichilca.gob.pe\/site\/wp-content\/uploads\/2023\/05\/WhatsApp-Image-2023-05-11-at-5.00.39-PM-150x150.jpeg",150,150,true],"medium":["https:\/\/munichilca.gob.pe\/site\/wp-content\/uploads\/2023\/05\/WhatsApp-Image-2023-05-11-at-5.00.39-PM-300x200.jpeg",300,200,true],"large":["https:\/\/munichilca.gob.pe\/site\/wp-content\/uploads\/2023\/05\/WhatsApp-Image-2023-05-11-at-5.00.39-PM-1024x682.jpeg",1024,682,true],"1536x1536":["https:\/\/munichilca.gob.pe\/site\/wp-content\/uploads\/2023\/05\/WhatsApp-Image-2023-05-11-at-5.00.39-PM-1536x1023.jpeg",1536,1023,true],"2048x2048":["https:\/\/munichilca.gob.pe\/site\/wp-content\/uploads\/2023\/05\/WhatsApp-Image-2023-05-11-at-5.00.39-PM.jpeg",1600,1066,false],"tp-image-grid":["https:\/\/munichilca.gob.pe\/site\/wp-content\/uploads\/2023\/05\/WhatsApp-Image-2023-05-11-at-5.00.39-PM-700x700.jpeg",700,700,true]},"rttpg_author":{"display_name":"JGUTARRA","author_link":"https:\/\/munichilca.gob.pe\/site\/author\/jgutarra\/"},"rttpg_comment":0,"rttpg_category":"<a href=\"https:\/\/munichilca.gob.pe\/site\/category\/noticias\/\" rel=\"category tag\">Noticias<\/a>","rttpg_excerpt":"\ud835\ude40\ud835\ude63 \ud835\ude5a\ud835\ude68\ud835\ude69\ud835\ude56 \ud835\ude5b\ud835\ude5a\ud835\ude67\ud835\ude5e\ud835\ude56 \ud835\ude65\ud835\ude5e\ud835\ude61\ud835\ude64\ud835\ude69\ud835\ude64, \ud835\ude68\ud835\ude5a \ud835\ude57\ud835\ude6a\ud835\ude68\ud835\ude58\ud835\ude56 \ud835\ude61\ud835\ude56 \ud835\ude59\ud835\ude5a\ud835\ude68\ud835\ude58\ud835\ude5a\ud835\ude63\ud835\ude69\ud835\ude67\ud835\ude56\ud835\ude61\ud835\ude5e\ud835\ude6f\ud835\ude56\ud835\ude58\ud835\ude5e\ud835\ude64\u0301\ud835\ude63 \ud835\ude5a\ud835\ude58\ud835\ude64\ud835\ude63\ud835\ude64\u0301\ud835\ude62\ud835\ude5e\ud835\ude58\ud835\ude56 \ud835\ude59\ud835\ude5a \ud835\ude61\ud835\ude64\ud835\ude68 \ud835\ude58\ud835\ude64\ud835\ude62\ud835\ude5a\ud835\ude67\ud835\ude58\ud835\ude5e\ud835\ude56\ud835\ude63\ud835\ude69\ud835\ude5a\ud835\ude68 A fin de seguir promoviendo la activaci\u00f3n econ\u00f3mica de los comerciantes del distrito, La Municipalidad Distrital de Chilca, a trav\u00e9s de la Gerencia de Desarrollo Econ\u00f3mico, establecieron una nueva feria, a lo largo de la Av. Los Incas, tramo Jr. Las Palmas, hasta&hellip;","_links":{"self":[{"href":"https:\/\/munichilca.gob.pe\/site\/wp-json\/wp\/v2\/posts\/18316","targetHints":{"allow":["GET"]}}],"collection":[{"href":"https:\/\/munichilca.gob.pe\/site\/wp-json\/wp\/v2\/posts"}],"about":[{"href":"https:\/\/munichilca.gob.pe\/site\/wp-json\/wp\/v2\/types\/post"}],"author":[{"embeddable":true,"href":"https:\/\/munichilca.gob.pe\/site\/wp-json\/wp\/v2\/users\/4"}],"replies":[{"embeddable":true,"href":"https:\/\/munichilca.gob.pe\/site\/wp-json\/wp\/v2\/comments?post=18316"}],"version-history":[{"count":0,"href":"https:\/\/munichilca.gob.pe\/site\/wp-json\/wp\/v2\/posts\/18316\/revisions"}],"wp:featuredmedia":[{"embeddable":true,"href":"https:\/\/munichilca.gob.pe\/site\/wp-json\/wp\/v2\/media\/18319"}],"wp:attachment":[{"href":"https:\/\/munichilca.gob.pe\/site\/wp-json\/wp\/v2\/media?parent=18316"}],"wp:term":[{"taxonomy":"category","embeddable":true,"href":"https:\/\/munichilca.gob.pe\/site\/wp-json\/wp\/v2\/categories?post=18316"},{"taxonomy":"post_tag","embeddable":true,"href":"https:\/\/munichilca.gob.pe\/site\/wp-json\/wp\/v2\/tags?post=18316"}],"curies":[{"name":"wp","href":"https:\/\/api.w.org\/{rel}","templated":true}]}}