{"id":18290,"date":"2023-05-15T15:43:52","date_gmt":"2023-05-15T15:43:52","guid":{"rendered":"https:\/\/munichilca.gob.pe\/site\/?p=6576"},"modified":"2023-05-15T15:43:52","modified_gmt":"2023-05-15T15:43:52","slug":"entregadematerialeducativougel-2-15-2-2-2-12-3-2-2-2-2-3-2-2-2-2-2-2-2-2-2-2-2-2-2-2-2-4-2-2-2-2-2-2-2-2-2-2-2-2-2-2-2-2-2-2-2-2","status":"publish","type":"post","link":"https:\/\/munichilca.gob.pe\/site\/2023\/05\/15\/entregadematerialeducativougel-2-15-2-2-2-12-3-2-2-2-2-3-2-2-2-2-2-2-2-2-2-2-2-2-2-2-2-4-2-2-2-2-2-2-2-2-2-2-2-2-2-2-2-2-2-2-2-2\/","title":{"rendered":"\ud835\udde1\ud835\udde8\ud835\uddd8\ud835\udde5\ud835\uddd4\ud835\udde6 \ud835\uddd8\ud835\udde1 \ud835\uddd6\ud835\udddb\ud835\udddc\ud835\udddf\ud835\uddd6\ud835\uddd4 \ud835\uddd8\ud835\udde1 \ud835\uddd4\ud835\udde3\ud835\udde8\ud835\udde5\ud835\udde2\ud835\udde6 \ud835\uddd6\ud835\udde2\ud835\udde1 \ud835\uddd6\ud835\udde2\ud835\udde1\ud835\uddd6\ud835\udde8\ud835\udde5\ud835\udde6\ud835\udde2 \ud835\uddd7\ud835\uddd8 \ud835\udde3\ud835\uddd8\ud835\udddf\ud835\uddd4 \ud835\udde3\ud835\uddd4\ud835\udde3\ud835\uddd4"},"content":{"rendered":"<p>Como parte de las actividades por el d\u00eda de la madre, en Chilca se realiz\u00f3 el concurso de Pela Papa, con la participaci\u00f3n de j\u00f3venes aspirantes a nueras quienes eran supervisadas por sus suegras.<br \/>\nLa singular actividad se desarroll\u00f3 en la feria Madre Coraje y tuvo la participaci\u00f3n de m\u00e1s de 20 j\u00f3venes quienes demostraron sus habilidades con el cuchillo a la hora de pelar papas.<br \/>\nEl gerente de desarrollo econ\u00f3mico Hugo Bustamante inform\u00f3 que la feria Madre Coraje busca dinamizar la econom\u00eda en el distrito. \u201cEstamos buscando que nuestros comerciantes vendan m\u00e1s y el valor agregado son los concursos que estamos realizando, como el pelado de papa que llamo la atenci\u00f3n de muchos vecinos quienes recuerdan que era una pr\u00e1ctica antigua para poner a prueba a la futura nuera\u00bb, se\u00f1al\u00f3.<br \/>\nEn Chilca se viene fomentando el desarrollo de ferias con la participaci\u00f3n de comerciantes del distrito como parte del programa de activaci\u00f3n econ\u00f3mica que se tiene.<br \/>\nEn la feria Madre Coraje tambi\u00e9n se pudo encontrar artesan\u00eda, chocolater\u00eda, atenciones m\u00e9dicas entre muchas actividades m\u00e1s, que son la antesala del inicio del programa municipal \u201cCalidad de Vida en tu Barrio\u201d<\/p>\n","protected":false},"excerpt":{"rendered":"<p>Como parte de las actividades por el d\u00eda de la madre, en Chilca se realiz\u00f3 el concurso de Pela Papa, con la participaci\u00f3n de j\u00f3venes aspirantes a nueras quienes eran supervisadas por sus suegras. La singular actividad se desarroll\u00f3 en la feria Madre Coraje y tuvo la participaci\u00f3n de m\u00e1s de 20 j\u00f3venes quienes demostraron [&hellip;]<\/p>\n","protected":false},"author":4,"featured_media":18291,"comment_status":"closed","ping_status":"open","sticky":false,"template":"","format":"image","meta":{"footnotes":""},"categories":[25],"tags":[],"class_list":["post-18290","post","type-post","status-publish","format-image","has-post-thumbnail","hentry","category-noticias","post_format-post-format-image"],"blocksy_meta":[],"rttpg_featured_image_url":{"full":["https:\/\/munichilca.gob.pe\/site\/wp-content\/uploads\/2023\/05\/WhatsApp-Image-2023-05-13-at-1.53.08-PM.jpeg",1600,1200,false],"landscape":["https:\/\/munichilca.gob.pe\/site\/wp-content\/uploads\/2023\/05\/WhatsApp-Image-2023-05-13-at-1.53.08-PM.jpeg",1600,1200,false],"portraits":["https:\/\/munichilca.gob.pe\/site\/wp-content\/uploads\/2023\/05\/WhatsApp-Image-2023-05-13-at-1.53.08-PM.jpeg",1600,1200,false],"thumbnail":["https:\/\/munichilca.gob.pe\/site\/wp-content\/uploads\/2023\/05\/WhatsApp-Image-2023-05-13-at-1.53.08-PM-150x150.jpeg",150,150,true],"medium":["https:\/\/munichilca.gob.pe\/site\/wp-content\/uploads\/2023\/05\/WhatsApp-Image-2023-05-13-at-1.53.08-PM-300x225.jpeg",300,225,true],"large":["https:\/\/munichilca.gob.pe\/site\/wp-content\/uploads\/2023\/05\/WhatsApp-Image-2023-05-13-at-1.53.08-PM-1024x768.jpeg",1024,768,true],"1536x1536":["https:\/\/munichilca.gob.pe\/site\/wp-content\/uploads\/2023\/05\/WhatsApp-Image-2023-05-13-at-1.53.08-PM-1536x1152.jpeg",1536,1152,true],"2048x2048":["https:\/\/munichilca.gob.pe\/site\/wp-content\/uploads\/2023\/05\/WhatsApp-Image-2023-05-13-at-1.53.08-PM.jpeg",1600,1200,false],"tp-image-grid":["https:\/\/munichilca.gob.pe\/site\/wp-content\/uploads\/2023\/05\/WhatsApp-Image-2023-05-13-at-1.53.08-PM-700x700.jpeg",700,700,true]},"rttpg_author":{"display_name":"JGUTARRA","author_link":"https:\/\/munichilca.gob.pe\/site\/author\/jgutarra\/"},"rttpg_comment":0,"rttpg_category":"<a href=\"https:\/\/munichilca.gob.pe\/site\/category\/noticias\/\" rel=\"category tag\">Noticias<\/a>","rttpg_excerpt":"Como parte de las actividades por el d\u00eda de la madre, en Chilca se realiz\u00f3 el concurso de Pela Papa, con la participaci\u00f3n de j\u00f3venes aspirantes a nueras quienes eran supervisadas por sus suegras. La singular actividad se desarroll\u00f3 en la feria Madre Coraje y tuvo la participaci\u00f3n de m\u00e1s de 20 j\u00f3venes quienes demostraron&hellip;","_links":{"self":[{"href":"https:\/\/munichilca.gob.pe\/site\/wp-json\/wp\/v2\/posts\/18290","targetHints":{"allow":["GET"]}}],"collection":[{"href":"https:\/\/munichilca.gob.pe\/site\/wp-json\/wp\/v2\/posts"}],"about":[{"href":"https:\/\/munichilca.gob.pe\/site\/wp-json\/wp\/v2\/types\/post"}],"author":[{"embeddable":true,"href":"https:\/\/munichilca.gob.pe\/site\/wp-json\/wp\/v2\/users\/4"}],"replies":[{"embeddable":true,"href":"https:\/\/munichilca.gob.pe\/site\/wp-json\/wp\/v2\/comments?post=18290"}],"version-history":[{"count":0,"href":"https:\/\/munichilca.gob.pe\/site\/wp-json\/wp\/v2\/posts\/18290\/revisions"}],"wp:featuredmedia":[{"embeddable":true,"href":"https:\/\/munichilca.gob.pe\/site\/wp-json\/wp\/v2\/media\/18291"}],"wp:attachment":[{"href":"https:\/\/munichilca.gob.pe\/site\/wp-json\/wp\/v2\/media?parent=18290"}],"wp:term":[{"taxonomy":"category","embeddable":true,"href":"https:\/\/munichilca.gob.pe\/site\/wp-json\/wp\/v2\/categories?post=18290"},{"taxonomy":"post_tag","embeddable":true,"href":"https:\/\/munichilca.gob.pe\/site\/wp-json\/wp\/v2\/tags?post=18290"}],"curies":[{"name":"wp","href":"https:\/\/api.w.org\/{rel}","templated":true}]}}