{"id":18270,"date":"2023-08-15T10:54:35","date_gmt":"2023-08-15T10:54:35","guid":{"rendered":"https:\/\/munichilca.gob.pe\/site\/?p=6713"},"modified":"2023-08-15T10:54:35","modified_gmt":"2023-08-15T10:54:35","slug":"%f0%9d%97%a0%f0%9d%97%a8%f0%9d%97%a1%f0%9d%97%9c%f0%9d%97%96%f0%9d%97%9c%f0%9d%97%a3%f0%9d%97%9c%f0%9d%97%a2-%f0%9d%97%97%f0%9d%97%98-%f0%9d%97%96%f0%9d%97%9b%f0%9d%97%9c%f0%9d%97%9f%f0%9d%97%96","status":"publish","type":"post","link":"https:\/\/munichilca.gob.pe\/site\/2023\/08\/15\/%f0%9d%97%a0%f0%9d%97%a8%f0%9d%97%a1%f0%9d%97%9c%f0%9d%97%96%f0%9d%97%9c%f0%9d%97%a3%f0%9d%97%9c%f0%9d%97%a2-%f0%9d%97%97%f0%9d%97%98-%f0%9d%97%96%f0%9d%97%9b%f0%9d%97%9c%f0%9d%97%9f%f0%9d%97%96\/","title":{"rendered":"\ud835\udde0\ud835\udde8\ud835\udde1\ud835\udddc\ud835\uddd6\ud835\udddc\ud835\udde3\ud835\udddc\ud835\udde2 \ud835\uddd7\ud835\uddd8 \ud835\uddd6\ud835\udddb\ud835\udddc\ud835\udddf\ud835\uddd6\ud835\uddd4, \ud835\udde2\ud835\udde5\ud835\uddda\ud835\uddd4\ud835\udde1\ud835\udddc\ud835\udded\ud835\uddd4 \ud835\uddd6\ud835\udde2\ud835\udddf\ud835\uddd8\ud835\uddd6\ud835\udde7\ud835\uddd4\ud835\udde7\u00d3\ud835\udde1 \ud835\udde3\ud835\uddd4\ud835\udde5\ud835\uddd4 \ud835\udddf\ud835\udde2\ud835\udde6 \ud835\udde0\ud835\uddd4\ud835\udde7\ud835\uddd8\ud835\udde0\u00c1\ud835\udde7\ud835\udddc\ud835\uddd6\ud835\udde2\ud835\udde6 \ud835\udde4\ud835\udde8\ud835\uddd8 \ud835\udde9\ud835\udddc\ud835\uddd4\ud835\udddd\ud835\uddd4\ud835\udde5\u00c1\ud835\udde1 \ud835\uddd4 \ud835\udde3\ud835\udde2\ud835\udddf\ud835\udde2\ud835\udde1\ud835\udddc\ud835\uddd4"},"content":{"rendered":"<p>\ud835\ude4f\ud835\ude67\ud835\ude5a\ud835\ude68 \ud835\ude5a\ud835\ude68\ud835\ude58\ud835\ude64\ud835\ude61\ud835\ude56\ud835\ude67\ud835\ude5a\ud835\ude68 \ud835\ude5a\ud835\ude63 \ud835\ude68\ud835\ude64\ud835\ude61\ud835\ude5e\ud835\ude58\ud835\ude5e\ud835\ude69\ud835\ude56\ud835\ude63 \ud835\ude56\ud835\ude65\ud835\ude64\ud835\ude6e\ud835\ude64 \ud835\ude65\ud835\ude56\ud835\ude67\ud835\ude56 \ud835\ude67\ud835\ude5a\ud835\ude65\ud835\ude67\ud835\ude5a\ud835\ude68\ud835\ude5a\ud835\ude63\ud835\ude69\ud835\ude56\ud835\ude67 \ud835\ude56\ud835\ude61 \ud835\ude4b\ud835\ude5a\ud835\ude67\ud835\ude6a\u0301 \ud835\ude5a\ud835\ude63 \ud835\ude5a\ud835\ude61 \ud835\ude58\ud835\ude64\ud835\ude63\ud835\ude58\ud835\ude6a\ud835\ude67\ud835\ude68\ud835\ude64 \ud835\ude5e\ud835\ude63\ud835\ude69\ud835\ude5a\ud835\ude67\ud835\ude63\ud835\ude56\ud835\ude58\ud835\ude5e\ud835\ude64\ud835\ude63\ud835\ude56\ud835\ude61 \ud835\ude59\ud835\ude5a \ud835\ude62\ud835\ude56\ud835\ude69\ud835\ude5a\ud835\ude62\ud835\ude56\u0301\ud835\ude69\ud835\ude5e\ud835\ude58\ud835\ude56\ud835\ude68 \ud835\ude5a\ud835\ude63 \ud835\ude4b\ud835\ude64\ud835\ude61\ud835\ude64\ud835\ude63\ud835\ude5e\ud835\ude56.<\/p>\n<p>V\u00edctor Diego de la Cruz, Mateo S\u00e1nchez Asto y Daniel Eduardo Barrientos Guti\u00e9rrez, representar\u00e1n al Per\u00fa en el Campeonato Internacional de Juegos Matem\u00e1ticos y L\u00f3gicos este 19 de agosto en Polonia.<\/p>\n<p>Los estudiantes de los colegios Uni\u00f3n y Blenkir del distrito de Chilca, provincia de Huancayo, clasificaron a la competencia internacional tras pasar por dos fases de evaluaci\u00f3n, la primera fase se llev\u00f3 a cabo en Huancayo y la segunda en Lima.<\/p>\n<p>Los destacados estudiantes son del nivel primaria y secundaria, quienes participaron en diferentes fases llegando a clasificar a la etapa final. Este a\u00f1o, Per\u00fa participar\u00e1, por primera vez, en el Campeonato Internacional de Juegos Matem\u00e1ticos y L\u00f3gicos. El evento se llevar\u00e1 a cabo desde el 19, hasta el 26 de agosto en la ciudad europea de Polonia.<\/p>\n<p>Donde este viernes 11 de agosto, la Municipalidad Distrital de Chilca, est\u00e1 organizando una colecta para apoyar con vi\u00e1ticos, a los estudiantes que viajar\u00e1n a Polonia al concurso de matem\u00e1ticas, donde invitan a la poblaci\u00f3n al \u201cColectat\u00f3n\u201d, que se realizar\u00e1 a partir de las 3 de la tarde en el parque Abel Mart\u00ednez, donde se contar\u00e1 con la presentaci\u00f3n de grandes artistitas.<\/p>\n<p>\u201cEl equipo necesita apoyo econ\u00f3mico para costear sus pasajes y gastos del viaje; por tal motivo hago un llamado a ciudadanos y empresas privadas para invertir en el futuro de estos j\u00f3venes y en el honor de nuestra naci\u00f3n. Es un aproximado de 9 mil soles por ni\u00f1o, y son tres ni\u00f1os, entonces comprender\u00e1n que los gastos son muy amplios. Sin contar que haya la posibilidad de que un docente o representante del colegio los acompa\u00f1e\u201d, precis\u00f3 la primera autoridad edil, C\u00e9sar Damas.<\/p>\n<p>Por otro lado, las madres de familia de los menores piden apoyo para los vi\u00e1ticos y estad\u00eda en el pa\u00eds de Polonia, quienes solicitan a la poblaci\u00f3n, a apoyar a los alumnos en el viaje para representar al Per\u00fa en el 37 Campeonato de los Juegos Matem\u00e1ticos y L\u00f3gico, lo puedes hacer depositando a la cuenta mancomunada N.\u00ba 106932621000023043, y la cuenta interbancaria (CCI), 80609632100002304345, en la Caja Cusco.<\/p>\n","protected":false},"excerpt":{"rendered":"<p>\ud835\ude4f\ud835\ude67\ud835\ude5a\ud835\ude68 \ud835\ude5a\ud835\ude68\ud835\ude58\ud835\ude64\ud835\ude61\ud835\ude56\ud835\ude67\ud835\ude5a\ud835\ude68 \ud835\ude5a\ud835\ude63 \ud835\ude68\ud835\ude64\ud835\ude61\ud835\ude5e\ud835\ude58\ud835\ude5e\ud835\ude69\ud835\ude56\ud835\ude63 \ud835\ude56\ud835\ude65\ud835\ude64\ud835\ude6e\ud835\ude64 \ud835\ude65\ud835\ude56\ud835\ude67\ud835\ude56 \ud835\ude67\ud835\ude5a\ud835\ude65\ud835\ude67\ud835\ude5a\ud835\ude68\ud835\ude5a\ud835\ude63\ud835\ude69\ud835\ude56\ud835\ude67 \ud835\ude56\ud835\ude61 \ud835\ude4b\ud835\ude5a\ud835\ude67\ud835\ude6a\u0301 \ud835\ude5a\ud835\ude63 \ud835\ude5a\ud835\ude61 \ud835\ude58\ud835\ude64\ud835\ude63\ud835\ude58\ud835\ude6a\ud835\ude67\ud835\ude68\ud835\ude64 \ud835\ude5e\ud835\ude63\ud835\ude69\ud835\ude5a\ud835\ude67\ud835\ude63\ud835\ude56\ud835\ude58\ud835\ude5e\ud835\ude64\ud835\ude63\ud835\ude56\ud835\ude61 \ud835\ude59\ud835\ude5a \ud835\ude62\ud835\ude56\ud835\ude69\ud835\ude5a\ud835\ude62\ud835\ude56\u0301\ud835\ude69\ud835\ude5e\ud835\ude58\ud835\ude56\ud835\ude68 \ud835\ude5a\ud835\ude63 \ud835\ude4b\ud835\ude64\ud835\ude61\ud835\ude64\ud835\ude63\ud835\ude5e\ud835\ude56. V\u00edctor Diego de la Cruz, Mateo S\u00e1nchez Asto y Daniel Eduardo Barrientos Guti\u00e9rrez, representar\u00e1n al Per\u00fa en el Campeonato Internacional de Juegos Matem\u00e1ticos y L\u00f3gicos este 19 de agosto en Polonia. Los estudiantes de los colegios Uni\u00f3n y [&hellip;]<\/p>\n","protected":false},"author":4,"featured_media":0,"comment_status":"closed","ping_status":"open","sticky":false,"template":"","format":"image","meta":{"footnotes":""},"categories":[25],"tags":[],"class_list":["post-18270","post","type-post","status-publish","format-image","hentry","category-noticias","post_format-post-format-image"],"blocksy_meta":[],"rttpg_featured_image_url":null,"rttpg_author":{"display_name":"JGUTARRA","author_link":"https:\/\/munichilca.gob.pe\/site\/author\/jgutarra\/"},"rttpg_comment":0,"rttpg_category":"<a href=\"https:\/\/munichilca.gob.pe\/site\/category\/noticias\/\" rel=\"category tag\">Noticias<\/a>","rttpg_excerpt":"\ud835\ude4f\ud835\ude67\ud835\ude5a\ud835\ude68 \ud835\ude5a\ud835\ude68\ud835\ude58\ud835\ude64\ud835\ude61\ud835\ude56\ud835\ude67\ud835\ude5a\ud835\ude68 \ud835\ude5a\ud835\ude63 \ud835\ude68\ud835\ude64\ud835\ude61\ud835\ude5e\ud835\ude58\ud835\ude5e\ud835\ude69\ud835\ude56\ud835\ude63 \ud835\ude56\ud835\ude65\ud835\ude64\ud835\ude6e\ud835\ude64 \ud835\ude65\ud835\ude56\ud835\ude67\ud835\ude56 \ud835\ude67\ud835\ude5a\ud835\ude65\ud835\ude67\ud835\ude5a\ud835\ude68\ud835\ude5a\ud835\ude63\ud835\ude69\ud835\ude56\ud835\ude67 \ud835\ude56\ud835\ude61 \ud835\ude4b\ud835\ude5a\ud835\ude67\ud835\ude6a\u0301 \ud835\ude5a\ud835\ude63 \ud835\ude5a\ud835\ude61 \ud835\ude58\ud835\ude64\ud835\ude63\ud835\ude58\ud835\ude6a\ud835\ude67\ud835\ude68\ud835\ude64 \ud835\ude5e\ud835\ude63\ud835\ude69\ud835\ude5a\ud835\ude67\ud835\ude63\ud835\ude56\ud835\ude58\ud835\ude5e\ud835\ude64\ud835\ude63\ud835\ude56\ud835\ude61 \ud835\ude59\ud835\ude5a \ud835\ude62\ud835\ude56\ud835\ude69\ud835\ude5a\ud835\ude62\ud835\ude56\u0301\ud835\ude69\ud835\ude5e\ud835\ude58\ud835\ude56\ud835\ude68 \ud835\ude5a\ud835\ude63 \ud835\ude4b\ud835\ude64\ud835\ude61\ud835\ude64\ud835\ude63\ud835\ude5e\ud835\ude56. V\u00edctor Diego de la Cruz, Mateo S\u00e1nchez Asto y Daniel Eduardo Barrientos Guti\u00e9rrez, representar\u00e1n al Per\u00fa en el Campeonato Internacional de Juegos Matem\u00e1ticos y L\u00f3gicos este 19 de agosto en Polonia. Los estudiantes de los colegios Uni\u00f3n y&hellip;","_links":{"self":[{"href":"https:\/\/munichilca.gob.pe\/site\/wp-json\/wp\/v2\/posts\/18270","targetHints":{"allow":["GET"]}}],"collection":[{"href":"https:\/\/munichilca.gob.pe\/site\/wp-json\/wp\/v2\/posts"}],"about":[{"href":"https:\/\/munichilca.gob.pe\/site\/wp-json\/wp\/v2\/types\/post"}],"author":[{"embeddable":true,"href":"https:\/\/munichilca.gob.pe\/site\/wp-json\/wp\/v2\/users\/4"}],"replies":[{"embeddable":true,"href":"https:\/\/munichilca.gob.pe\/site\/wp-json\/wp\/v2\/comments?post=18270"}],"version-history":[{"count":0,"href":"https:\/\/munichilca.gob.pe\/site\/wp-json\/wp\/v2\/posts\/18270\/revisions"}],"wp:attachment":[{"href":"https:\/\/munichilca.gob.pe\/site\/wp-json\/wp\/v2\/media?parent=18270"}],"wp:term":[{"taxonomy":"category","embeddable":true,"href":"https:\/\/munichilca.gob.pe\/site\/wp-json\/wp\/v2\/categories?post=18270"},{"taxonomy":"post_tag","embeddable":true,"href":"https:\/\/munichilca.gob.pe\/site\/wp-json\/wp\/v2\/tags?post=18270"}],"curies":[{"name":"wp","href":"https:\/\/api.w.org\/{rel}","templated":true}]}}