{"id":18269,"date":"2023-08-15T11:02:18","date_gmt":"2023-08-15T11:02:18","guid":{"rendered":"https:\/\/munichilca.gob.pe\/site\/?p=6716"},"modified":"2023-08-15T11:02:18","modified_gmt":"2023-08-15T11:02:18","slug":"%f0%9d%97%9d%f0%9d%97%98%f0%9d%97%99%f0%9d%97%98-%f0%9d%97%97%f0%9d%97%98%f0%9d%97%9f-%f0%9d%97%9c%f0%9d%97%a1%f0%9d%97%97%f0%9d%97%98%f0%9d%97%96%f0%9d%97%9c","status":"publish","type":"post","link":"https:\/\/munichilca.gob.pe\/site\/2023\/08\/15\/%f0%9d%97%9d%f0%9d%97%98%f0%9d%97%99%f0%9d%97%98-%f0%9d%97%97%f0%9d%97%98%f0%9d%97%9f-%f0%9d%97%9c%f0%9d%97%a1%f0%9d%97%97%f0%9d%97%98%f0%9d%97%96%f0%9d%97%9c\/","title":{"rendered":"\ud835\udddd\ud835\uddd8\ud835\uddd9\ud835\uddd8 \ud835\uddd7\ud835\uddd8\ud835\udddf \ud835\udddc\ud835\udde1\ud835\uddd7\ud835\uddd8\ud835\uddd6\ud835\udddc \ud835\udddd\ud835\udde8\ud835\udde1\u00cd\ud835\udde1, \ud835\uddd8\ud835\udde1 \ud835\uddd8\ud835\udddf \ud835\udde6\ud835\udddc\ud835\udde0\ud835\udde8\ud835\udddf\ud835\uddd4\ud835\uddd6\ud835\udde5\ud835\udde2 \ud835\uddd7\ud835\uddd8 \ud835\udde6\ud835\udddc\ud835\udde6\ud835\udde0\ud835\udde2 \ud835\uddd8\ud835\udde1 \ud835\uddd6\ud835\udddb\ud835\udddc\ud835\udddf\ud835\uddd6\ud835\uddd4"},"content":{"rendered":"<p>\ud835\ude4e\ud835\ude5e\ud835\ude62\ud835\ude6a\ud835\ude61\ud835\ude56\ud835\ude58\ud835\ude67\ud835\ude64 \ud835\ude48\ud835\ude6a\ud835\ude61\ud835\ude69\ud835\ude5e\ud835\ude65\ud835\ude5a\ud835\ude61\ud835\ude5e\ud835\ude5c\ud835\ude67\ud835\ude64 \ud835\ude59\ud835\ude5a \ud835\ude4e\ud835\ude5e\ud835\ude68\ud835\ude62\ud835\ude64 \ud835\ude56 \ud835\ude63\ud835\ude5e\ud835\ude6b\ud835\ude5a\ud835\ude61 \ud835\ude49\ud835\ude56\ud835\ude58\ud835\ude5e\ud835\ude64\ud835\ude63\ud835\ude56\ud835\ude61 \ud835\ude68\ud835\ude5a \ud835\ude59\ud835\ude5a\ud835\ude68\ud835\ude56\ud835\ude67\ud835\ude67\ud835\ude64\ud835\ude61\ud835\ude61\ud835\ude56\ud835\ude67\ud835\ude56\u0301 \ud835\ude5a\ud835\ude63 \ud835\ude5a\ud835\ude61 \ud835\ude68\ud835\ude5a\ud835\ude58\ud835\ude69\ud835\ude64\ud835\ude67 \ud835\ude59\ud835\ude5a \ud835\ude3c\ud835\ude6a\ud835\ude66\ud835\ude6a\ud835\ude5e\ud835\ude62\ud835\ude56\ud835\ude67\ud835\ude58\ud835\ude56.<\/p>\n<p>Seg\u00fan lo dispuesto en la Resoluci\u00f3n Ministerial N\u00b0 013-2022-PCM, este\u00a0 martes 15 de agosto a las 3:00 de la tarde, se desarrollar\u00e1 el Simulacro Nacional Multipeligro, con el objetivo de fortalecer las capacidades de preparaci\u00f3n y respuesta de las entidades integrantes del Sistema Nacional de Gesti\u00f3n del Riesgo de Desastres (SINAGERD) y de la poblaci\u00f3n en general, para responder de manera eficiente y oportuna ante la presentaci\u00f3n de peligros de origen natural o inducidos por la acci\u00f3n humana con car\u00e1cter inclusivo y enfoque de g\u00e9nero e intercultural.<\/p>\n<p>Ante esto, el director de la Direcci\u00f3n Desconcentrada del INDECI en la Regi\u00f3n Jun\u00edn, con sede en Huancayo, coronel Clever Almeida C\u00e1rdenas, manifest\u00f3 que estar\u00e1 presente en el distrito de Chilca, para presenciar el desarrollo del simulacro, donde la Municipalidad Distrital de Chilca, en coordinaci\u00f3n con la plataforma de defensa civil, participar\u00e1 con la presencia del alcalde del distrito, el ej\u00e9rcito peruano, polic\u00eda nacional, agentes de serenazgo, personal de la Red de Salud del Valle del Mantaro y la participaci\u00f3n integral de la poblaci\u00f3n.<\/p>\n<p>Simulacro dise\u00f1ado sobre el escenario de un sismo de magnitud de 8.0, en la escala de Mercalli; evento que se desarroll\u00f3 en el barrio de Auquimarca, que permitir\u00e1 que la Municipalidad, ponga en pr\u00e1ctica su plan de operaciones de emergencias distrital y los planes de emergencias comunitarias, desarrollando acciones para la intervenci\u00f3n inicial, primera respuesta y respuesta complementaria en coordinaci\u00f3n con dirigentes, brigadistas y organismos.<\/p>\n<p>El burgomaestre, felicit\u00f3 la participaci\u00f3n confirmada de los organismos de primera respuesta y la participaci\u00f3n de los vecinos de la zona. \u201cHemos hecho un muy buen trabajo anteriormente y felicito a todas las instituciones y a los vecinos del barrio de Auquimarca, por de organizarse en este simulacro\u201d, resalt\u00f3 C\u00e9sar Damas.<\/p>\n<p>A su turno, C\u00e9sar Ramos Escalante, jefe del \u00c1rea de Defensa Civil de la comuna de Chilca, se\u00f1al\u00f3 la importancia de que la poblaci\u00f3n participe de este tipo de ejercicios para poner en pr\u00e1ctica y demostrar su capacidad de organizaci\u00f3n. \u201cEstamos trabajando de la mano de las juntas vecinales para preparar a la poblaci\u00f3n ante un sismo de gran envergadura\u201d, se\u00f1al\u00f3.<\/p>\n","protected":false},"excerpt":{"rendered":"<p>\ud835\ude4e\ud835\ude5e\ud835\ude62\ud835\ude6a\ud835\ude61\ud835\ude56\ud835\ude58\ud835\ude67\ud835\ude64 \ud835\ude48\ud835\ude6a\ud835\ude61\ud835\ude69\ud835\ude5e\ud835\ude65\ud835\ude5a\ud835\ude61\ud835\ude5e\ud835\ude5c\ud835\ude67\ud835\ude64 \ud835\ude59\ud835\ude5a \ud835\ude4e\ud835\ude5e\ud835\ude68\ud835\ude62\ud835\ude64 \ud835\ude56 \ud835\ude63\ud835\ude5e\ud835\ude6b\ud835\ude5a\ud835\ude61 \ud835\ude49\ud835\ude56\ud835\ude58\ud835\ude5e\ud835\ude64\ud835\ude63\ud835\ude56\ud835\ude61 \ud835\ude68\ud835\ude5a \ud835\ude59\ud835\ude5a\ud835\ude68\ud835\ude56\ud835\ude67\ud835\ude67\ud835\ude64\ud835\ude61\ud835\ude61\ud835\ude56\ud835\ude67\ud835\ude56\u0301 \ud835\ude5a\ud835\ude63 \ud835\ude5a\ud835\ude61 \ud835\ude68\ud835\ude5a\ud835\ude58\ud835\ude69\ud835\ude64\ud835\ude67 \ud835\ude59\ud835\ude5a \ud835\ude3c\ud835\ude6a\ud835\ude66\ud835\ude6a\ud835\ude5e\ud835\ude62\ud835\ude56\ud835\ude67\ud835\ude58\ud835\ude56. Seg\u00fan lo dispuesto en la Resoluci\u00f3n Ministerial N\u00b0 013-2022-PCM, este\u00a0 martes 15 de agosto a las 3:00 de la tarde, se desarrollar\u00e1 el Simulacro Nacional Multipeligro, con el objetivo de fortalecer las capacidades de preparaci\u00f3n y respuesta de las entidades integrantes [&hellip;]<\/p>\n","protected":false},"author":4,"featured_media":0,"comment_status":"closed","ping_status":"open","sticky":false,"template":"","format":"image","meta":{"footnotes":""},"categories":[25],"tags":[],"class_list":["post-18269","post","type-post","status-publish","format-image","hentry","category-noticias","post_format-post-format-image"],"blocksy_meta":[],"rttpg_featured_image_url":null,"rttpg_author":{"display_name":"JGUTARRA","author_link":"https:\/\/munichilca.gob.pe\/site\/author\/jgutarra\/"},"rttpg_comment":0,"rttpg_category":"<a href=\"https:\/\/munichilca.gob.pe\/site\/category\/noticias\/\" rel=\"category tag\">Noticias<\/a>","rttpg_excerpt":"\ud835\ude4e\ud835\ude5e\ud835\ude62\ud835\ude6a\ud835\ude61\ud835\ude56\ud835\ude58\ud835\ude67\ud835\ude64 \ud835\ude48\ud835\ude6a\ud835\ude61\ud835\ude69\ud835\ude5e\ud835\ude65\ud835\ude5a\ud835\ude61\ud835\ude5e\ud835\ude5c\ud835\ude67\ud835\ude64 \ud835\ude59\ud835\ude5a \ud835\ude4e\ud835\ude5e\ud835\ude68\ud835\ude62\ud835\ude64 \ud835\ude56 \ud835\ude63\ud835\ude5e\ud835\ude6b\ud835\ude5a\ud835\ude61 \ud835\ude49\ud835\ude56\ud835\ude58\ud835\ude5e\ud835\ude64\ud835\ude63\ud835\ude56\ud835\ude61 \ud835\ude68\ud835\ude5a \ud835\ude59\ud835\ude5a\ud835\ude68\ud835\ude56\ud835\ude67\ud835\ude67\ud835\ude64\ud835\ude61\ud835\ude61\ud835\ude56\ud835\ude67\ud835\ude56\u0301 \ud835\ude5a\ud835\ude63 \ud835\ude5a\ud835\ude61 \ud835\ude68\ud835\ude5a\ud835\ude58\ud835\ude69\ud835\ude64\ud835\ude67 \ud835\ude59\ud835\ude5a \ud835\ude3c\ud835\ude6a\ud835\ude66\ud835\ude6a\ud835\ude5e\ud835\ude62\ud835\ude56\ud835\ude67\ud835\ude58\ud835\ude56. Seg\u00fan lo dispuesto en la Resoluci\u00f3n Ministerial N\u00b0 013-2022-PCM, este\u00a0 martes 15 de agosto a las 3:00 de la tarde, se desarrollar\u00e1 el Simulacro Nacional Multipeligro, con el objetivo de fortalecer las capacidades de preparaci\u00f3n y respuesta de las entidades integrantes&hellip;","_links":{"self":[{"href":"https:\/\/munichilca.gob.pe\/site\/wp-json\/wp\/v2\/posts\/18269","targetHints":{"allow":["GET"]}}],"collection":[{"href":"https:\/\/munichilca.gob.pe\/site\/wp-json\/wp\/v2\/posts"}],"about":[{"href":"https:\/\/munichilca.gob.pe\/site\/wp-json\/wp\/v2\/types\/post"}],"author":[{"embeddable":true,"href":"https:\/\/munichilca.gob.pe\/site\/wp-json\/wp\/v2\/users\/4"}],"replies":[{"embeddable":true,"href":"https:\/\/munichilca.gob.pe\/site\/wp-json\/wp\/v2\/comments?post=18269"}],"version-history":[{"count":0,"href":"https:\/\/munichilca.gob.pe\/site\/wp-json\/wp\/v2\/posts\/18269\/revisions"}],"wp:attachment":[{"href":"https:\/\/munichilca.gob.pe\/site\/wp-json\/wp\/v2\/media?parent=18269"}],"wp:term":[{"taxonomy":"category","embeddable":true,"href":"https:\/\/munichilca.gob.pe\/site\/wp-json\/wp\/v2\/categories?post=18269"},{"taxonomy":"post_tag","embeddable":true,"href":"https:\/\/munichilca.gob.pe\/site\/wp-json\/wp\/v2\/tags?post=18269"}],"curies":[{"name":"wp","href":"https:\/\/api.w.org\/{rel}","templated":true}]}}