{"id":18266,"date":"2023-08-15T11:34:49","date_gmt":"2023-08-15T11:34:49","guid":{"rendered":"https:\/\/munichilca.gob.pe\/site\/?p=6741"},"modified":"2023-08-15T11:34:49","modified_gmt":"2023-08-15T11:34:49","slug":"%f0%9d%97%a0%f0%9d%97%94%f0%9d%97%a6-%f0%9d%97%97%f0%9d%97%98-%f0%9d%9f%ad%f0%9d%9f%ad-mil-%f0%9d%97%a6%f0%9d%97%a2%f0%9d%97%9f%f0%9d%97%98%f0%9d%97%a6-2","status":"publish","type":"post","link":"https:\/\/munichilca.gob.pe\/site\/2023\/08\/15\/%f0%9d%97%a0%f0%9d%97%94%f0%9d%97%a6-%f0%9d%97%97%f0%9d%97%98-%f0%9d%9f%ad%f0%9d%9f%ad-mil-%f0%9d%97%a6%f0%9d%97%a2%f0%9d%97%9f%f0%9d%97%98%f0%9d%97%a6-2\/","title":{"rendered":"\ud835\uddd6\ud835\udde2\ud835\udde0\ud835\udde8\ud835\udde1\ud835\uddd4 \ud835\uddd7\ud835\uddd8 \ud835\uddd6\ud835\udddb\ud835\udddc\ud835\udddf\ud835\uddd6\ud835\uddd4 \ud835\udde5\ud835\uddd8\ud835\uddd6\ud835\uddd4\ud835\udde8\ud835\uddd7\u00d3 \ud835\udde0\u00c1\ud835\udde6 \ud835\uddd7\ud835\uddd8 \ud835\udfed\ud835\udfed MIL \ud835\udde6\ud835\udde2\ud835\udddf\ud835\uddd8\ud835\udde6 \ud835\udde3\ud835\uddd4\ud835\udde5\ud835\uddd4 \ud835\udde9\ud835\udddc\ud835\uddd4\ud835\udddd\ud835\uddd8 \ud835\uddd7\ud835\uddd8 \ud835\uddd6\ud835\udddb\ud835\uddd4\ud835\udde1\ud835\uddd6\ud835\udde2\ud835\udde1\ud835\uddd8\ud835\udde6 \ud835\uddd4 \ud835\udde3\ud835\udde2\ud835\udddf\ud835\udde2\ud835\udde1\ud835\udddc\ud835\uddd4"},"content":{"rendered":"<p>\ud835\ude3c\ud835\ude61\ud835\ude58\ud835\ude56\ud835\ude61\ud835\ude59\ud835\ude5a \ud835\ude3f\ud835\ude56\ud835\ude62\ud835\ude56\ud835\ude68 \ud835\ude65\ud835\ude56\ud835\ude67\ud835\ude69\ud835\ude5e\ud835\ude58\ud835\ude5e\ud835\ude65\ud835\ude56 \ud835\ude56\ud835\ude58\ud835\ude69\ud835\ude5e\ud835\ude6b\ud835\ude56\ud835\ude62\ud835\ude5a\ud835\ude63\ud835\ude69\ud835\ude5a, \ud835\ude5a\ud835\ude63 \ud835\ude58\ud835\ude64\ud835\ude61\ud835\ude5a\ud835\ude58\ud835\ude69\ud835\ude56\ud835\ude69\ud835\ude64\u0301\ud835\ude63, \ud835\ude65\ud835\ude56\ud835\ude67\ud835\ude56 \ud835\ude56\ud835\ude65\ud835\ude64\ud835\ude6e\ud835\ude56\ud835\ude67 \ud835\ude5a\ud835\ude63 \ud835\ude5c\ud835\ude56\ud835\ude68\ud835\ude69\ud835\ude64\ud835\ude68 \ud835\ude59\ud835\ude5a \ud835\ude6b\ud835\ude5e\ud835\ude56\ud835\ude5f\ud835\ude5a \ud835\ude6e \ud835\ude5a\ud835\ude68\ud835\ude69\ud835\ude56\ud835\ude59\ud835\ude5e\u0301\ud835\ude56 \ud835\ude59\ud835\ude5a \ud835\ude63\ud835\ude6a\ud835\ude5a\ud835\ude68\ud835\ude69\ud835\ude67\ud835\ude64\ud835\ude68 \ud835\ude5a\ud835\ude68\ud835\ude69\ud835\ude6a\ud835\ude59\ud835\ude5e\ud835\ude56\ud835\ude63\ud835\ude69\ud835\ude5a\ud835\ude68.<\/p>\n<p>La Municipalidad Distrital de Chilca, organiz\u00f3 una colecta econ\u00f3mica denominada \u201cColectat\u00f3n para chancones rumbo a Polonia\u201d, que tuvo como finalidad, recaudar fondos para cubrir el costo del viaje y estad\u00eda de los alumnos V\u00edctor Diego de la Cruz, Mateo S\u00e1nchez Asto y Daniel Eduardo Barrientos Guti\u00e9rrez, representar\u00e1n al Per\u00fa en el Campeonato Internacional de Juegos Matem\u00e1ticos y L\u00f3gicos este 19 de agosto en Polonia.<br \/>\n\u201cColectat\u00f3n\u201d, que se realiz\u00f3 este pasado viernes desde de las 3 de la tarde en el parque Abel Mart\u00ednez, cont\u00f3 con la presentaci\u00f3n de j\u00f3venes talentos en canto de la escuela municipal del folklore, entre otros artistas destacados, tuvo como resultado la recaudaci\u00f3n de 11,174 soles.<br \/>\nComo ya es de conocimiento, los destacados estudiantes son del nivel primaria y secundaria, quienes participaron en diferentes fases llegando a clasificar a la etapa final. Este a\u00f1o, Per\u00fa participar\u00e1, por primera vez, en el Campeonato Internacional de Juegos Matem\u00e1ticos y L\u00f3gicos. El evento se llevar\u00e1 a cabo desde el 19, hasta el 26 de agosto en la ciudad europea de Polonia.<\/p>\n<p>\u201cEl equipo necesita apoyo econ\u00f3mico para costear sus pasajes y gastos del viaje; por tal motivo hago un llamado m\u00e1s, a ciudadanos y empresas privadas para invertir en el futuro de estos j\u00f3venes y en el honor de nuestra naci\u00f3n. Es un aproximado de 9 mil soles por ni\u00f1o, y son tres ni\u00f1os, entonces comprender\u00e1n que los gastos son muy amplios. Sin contar que haya la posibilidad de que un docente o representante del colegio los acompa\u00f1e\u201d, precis\u00f3 la primera autoridad edil, C\u00e9sar Damas.<\/p>\n<p>Por otro lado, los familiares de los menores siguen buscando fondos para los vi\u00e1ticos y estad\u00eda en el pa\u00eds europeo, quienes piden a la poblaci\u00f3n, apoyar depositando en la cuenta mancomunada N.\u00ba 106932621000023043, y la cuenta interbancaria (CCI), 80609632100002304345, de la entidad financiera de Caja Cusco.<\/p>\n","protected":false},"excerpt":{"rendered":"<p>\ud835\ude3c\ud835\ude61\ud835\ude58\ud835\ude56\ud835\ude61\ud835\ude59\ud835\ude5a \ud835\ude3f\ud835\ude56\ud835\ude62\ud835\ude56\ud835\ude68 \ud835\ude65\ud835\ude56\ud835\ude67\ud835\ude69\ud835\ude5e\ud835\ude58\ud835\ude5e\ud835\ude65\ud835\ude56 \ud835\ude56\ud835\ude58\ud835\ude69\ud835\ude5e\ud835\ude6b\ud835\ude56\ud835\ude62\ud835\ude5a\ud835\ude63\ud835\ude69\ud835\ude5a, \ud835\ude5a\ud835\ude63 \ud835\ude58\ud835\ude64\ud835\ude61\ud835\ude5a\ud835\ude58\ud835\ude69\ud835\ude56\ud835\ude69\ud835\ude64\u0301\ud835\ude63, \ud835\ude65\ud835\ude56\ud835\ude67\ud835\ude56 \ud835\ude56\ud835\ude65\ud835\ude64\ud835\ude6e\ud835\ude56\ud835\ude67 \ud835\ude5a\ud835\ude63 \ud835\ude5c\ud835\ude56\ud835\ude68\ud835\ude69\ud835\ude64\ud835\ude68 \ud835\ude59\ud835\ude5a \ud835\ude6b\ud835\ude5e\ud835\ude56\ud835\ude5f\ud835\ude5a \ud835\ude6e \ud835\ude5a\ud835\ude68\ud835\ude69\ud835\ude56\ud835\ude59\ud835\ude5e\u0301\ud835\ude56 \ud835\ude59\ud835\ude5a \ud835\ude63\ud835\ude6a\ud835\ude5a\ud835\ude68\ud835\ude69\ud835\ude67\ud835\ude64\ud835\ude68 \ud835\ude5a\ud835\ude68\ud835\ude69\ud835\ude6a\ud835\ude59\ud835\ude5e\ud835\ude56\ud835\ude63\ud835\ude69\ud835\ude5a\ud835\ude68. La Municipalidad Distrital de Chilca, organiz\u00f3 una colecta econ\u00f3mica denominada \u201cColectat\u00f3n para chancones rumbo a Polonia\u201d, que tuvo como finalidad, recaudar fondos para cubrir el costo del viaje y estad\u00eda de los alumnos V\u00edctor Diego de la Cruz, [&hellip;]<\/p>\n","protected":false},"author":4,"featured_media":0,"comment_status":"closed","ping_status":"open","sticky":false,"template":"","format":"image","meta":{"footnotes":""},"categories":[25],"tags":[],"class_list":["post-18266","post","type-post","status-publish","format-image","hentry","category-noticias","post_format-post-format-image"],"blocksy_meta":[],"rttpg_featured_image_url":null,"rttpg_author":{"display_name":"JGUTARRA","author_link":"https:\/\/munichilca.gob.pe\/site\/author\/jgutarra\/"},"rttpg_comment":0,"rttpg_category":"<a href=\"https:\/\/munichilca.gob.pe\/site\/category\/noticias\/\" rel=\"category tag\">Noticias<\/a>","rttpg_excerpt":"\ud835\ude3c\ud835\ude61\ud835\ude58\ud835\ude56\ud835\ude61\ud835\ude59\ud835\ude5a \ud835\ude3f\ud835\ude56\ud835\ude62\ud835\ude56\ud835\ude68 \ud835\ude65\ud835\ude56\ud835\ude67\ud835\ude69\ud835\ude5e\ud835\ude58\ud835\ude5e\ud835\ude65\ud835\ude56 \ud835\ude56\ud835\ude58\ud835\ude69\ud835\ude5e\ud835\ude6b\ud835\ude56\ud835\ude62\ud835\ude5a\ud835\ude63\ud835\ude69\ud835\ude5a, \ud835\ude5a\ud835\ude63 \ud835\ude58\ud835\ude64\ud835\ude61\ud835\ude5a\ud835\ude58\ud835\ude69\ud835\ude56\ud835\ude69\ud835\ude64\u0301\ud835\ude63, \ud835\ude65\ud835\ude56\ud835\ude67\ud835\ude56 \ud835\ude56\ud835\ude65\ud835\ude64\ud835\ude6e\ud835\ude56\ud835\ude67 \ud835\ude5a\ud835\ude63 \ud835\ude5c\ud835\ude56\ud835\ude68\ud835\ude69\ud835\ude64\ud835\ude68 \ud835\ude59\ud835\ude5a \ud835\ude6b\ud835\ude5e\ud835\ude56\ud835\ude5f\ud835\ude5a \ud835\ude6e \ud835\ude5a\ud835\ude68\ud835\ude69\ud835\ude56\ud835\ude59\ud835\ude5e\u0301\ud835\ude56 \ud835\ude59\ud835\ude5a \ud835\ude63\ud835\ude6a\ud835\ude5a\ud835\ude68\ud835\ude69\ud835\ude67\ud835\ude64\ud835\ude68 \ud835\ude5a\ud835\ude68\ud835\ude69\ud835\ude6a\ud835\ude59\ud835\ude5e\ud835\ude56\ud835\ude63\ud835\ude69\ud835\ude5a\ud835\ude68. La Municipalidad Distrital de Chilca, organiz\u00f3 una colecta econ\u00f3mica denominada \u201cColectat\u00f3n para chancones rumbo a Polonia\u201d, que tuvo como finalidad, recaudar fondos para cubrir el costo del viaje y estad\u00eda de los alumnos V\u00edctor Diego de la Cruz,&hellip;","_links":{"self":[{"href":"https:\/\/munichilca.gob.pe\/site\/wp-json\/wp\/v2\/posts\/18266","targetHints":{"allow":["GET"]}}],"collection":[{"href":"https:\/\/munichilca.gob.pe\/site\/wp-json\/wp\/v2\/posts"}],"about":[{"href":"https:\/\/munichilca.gob.pe\/site\/wp-json\/wp\/v2\/types\/post"}],"author":[{"embeddable":true,"href":"https:\/\/munichilca.gob.pe\/site\/wp-json\/wp\/v2\/users\/4"}],"replies":[{"embeddable":true,"href":"https:\/\/munichilca.gob.pe\/site\/wp-json\/wp\/v2\/comments?post=18266"}],"version-history":[{"count":0,"href":"https:\/\/munichilca.gob.pe\/site\/wp-json\/wp\/v2\/posts\/18266\/revisions"}],"wp:attachment":[{"href":"https:\/\/munichilca.gob.pe\/site\/wp-json\/wp\/v2\/media?parent=18266"}],"wp:term":[{"taxonomy":"category","embeddable":true,"href":"https:\/\/munichilca.gob.pe\/site\/wp-json\/wp\/v2\/categories?post=18266"},{"taxonomy":"post_tag","embeddable":true,"href":"https:\/\/munichilca.gob.pe\/site\/wp-json\/wp\/v2\/tags?post=18266"}],"curies":[{"name":"wp","href":"https:\/\/api.w.org\/{rel}","templated":true}]}}