{"id":18265,"date":"2023-08-16T10:04:34","date_gmt":"2023-08-16T10:04:34","guid":{"rendered":"https:\/\/munichilca.gob.pe\/site\/?p=6749"},"modified":"2023-08-16T10:04:34","modified_gmt":"2023-08-16T10:04:34","slug":"%f0%9d%97%96%f0%9d%97%94%f0%9d%97%99%f0%9d%97%98%f0%9d%97%a7%f0%9d%97%9c%f0%9d%97%a1%f0%9d%97%98%f0%9d%97%a6-%f0%9d%97%98%f0%9d%97%a6%f0%9d%97%96%f0%9d%97%a2%f0%9d%97%9f%f0%9d%97%94%f0%9d%97%a5","status":"publish","type":"post","link":"https:\/\/munichilca.gob.pe\/site\/2023\/08\/16\/%f0%9d%97%96%f0%9d%97%94%f0%9d%97%99%f0%9d%97%98%f0%9d%97%a7%f0%9d%97%9c%f0%9d%97%a1%f0%9d%97%98%f0%9d%97%a6-%f0%9d%97%98%f0%9d%97%a6%f0%9d%97%96%f0%9d%97%a2%f0%9d%97%9f%f0%9d%97%94%f0%9d%97%a5\/","title":{"rendered":"\ud835\uddd6\ud835\uddd4\ud835\uddd9\ud835\uddd8\ud835\udde7\ud835\udddc\ud835\udde1\ud835\uddd8\ud835\udde6 \ud835\uddd8\ud835\udde6\ud835\uddd6\ud835\udde2\ud835\udddf\ud835\uddd4\ud835\udde5\ud835\uddd8\ud835\udde6 \ud835\uddd8\ud835\udde1 \ud835\uddd6\ud835\udddb\ud835\udddc\ud835\udddf\ud835\uddd6\ud835\uddd4 \ud835\udde6\ud835\udde2\ud835\udde1 \ud835\uddd9\ud835\udddc\ud835\udde6\ud835\uddd6\ud835\uddd4\ud835\udddf\ud835\udddc\ud835\udded\ud835\uddd4\ud835\uddd7\ud835\udde2\ud835\udde6 \ud835\uddd6\ud835\udde2\ud835\udde1 \ud835\uddd9\ud835\udde5\ud835\uddd8\ud835\uddd6\ud835\udde8\ud835\uddd8\ud835\udde1\ud835\uddd6\ud835\udddc\ud835\uddd4"},"content":{"rendered":"<p>\ud835\ude3e\ud835\ude64\ud835\ude63 \ud835\ude67\ud835\ude5a\ud835\ude58\ud835\ude64\ud835\ude62\ud835\ude5a\ud835\ude63\ud835\ude59\ud835\ude56\ud835\ude58\ud835\ude5e\ud835\ude64\ud835\ude63\ud835\ude5a\ud835\ude68 \ud835\ude68\ud835\ude64\ud835\ude57\ud835\ude67\ud835\ude5a \ud835\ude61\ud835\ude56 \ud835\ude58\ud835\ude64\ud835\ude67\ud835\ude67\ud835\ude5a\ud835\ude58\ud835\ude69\ud835\ude56 \ud835\ude65\ud835\ude67\ud835\ude5a\ud835\ude65\ud835\ude56\ud835\ude67\ud835\ude56\ud835\ude58\ud835\ude5e\ud835\ude64\u0301\ud835\ude63, \ud835\ude62\ud835\ude56\ud835\ude63\ud835\ude5e\ud835\ude65\ud835\ude6a\ud835\ude61\ud835\ude56\ud835\ude58\ud835\ude5e\ud835\ude64\u0301\ud835\ude63 \ud835\ude5a \ud835\ude5d\ud835\ude5e\ud835\ude5c\ud835\ude5e\ud835\ude5a\ud835\ude63\ud835\ude5a \ud835\ude59\ud835\ude5a \ud835\ude56\ud835\ude61\ud835\ude5e\ud835\ude62\ud835\ude5a\ud835\ude63\ud835\ude69\ud835\ude64\ud835\ude68, \ud835\ude65\ud835\ude5a\ud835\ude67\ud835\ude68\ud835\ude64\ud835\ude63\ud835\ude56\ud835\ude61 \ud835\ude62\ud835\ude6a\ud835\ude63\ud835\ude5e\ud835\ude58\ud835\ude5e\ud835\ude65\ud835\ude56\ud835\ude61 \ud835\ude6b\ud835\ude5e\ud835\ude68\ud835\ude5e\ud835\ude69\ud835\ude56 \ud835\ude58\ud835\ude64\ud835\ude61\ud835\ude5a\ud835\ude5c\ud835\ude5e\ud835\ude64\ud835\ude68.<\/p>\n<p>Con la finalidad de verificar la alimentaci\u00f3n que reciben nuestros ni\u00f1os y j\u00f3venes, en los cafetines de las instituciones educativas, la Municipalidad Distrital de Chilca, a trav\u00e9s de la Gerencia de Desarrollo Econ\u00f3mico, las \u00e1reas de inocuidad y actividades productivas, realizaron una inspecci\u00f3n preventiva a los cafetines escolares de los diversos planteles del distrito, esto para conocer las condiciones de atenci\u00f3n a los alumnos quienes hacen uso de los cafetines durante el horario de recreo.<\/p>\n<p>En este sentido, con el apoyo de personal de la polic\u00eda municipal fueron inspeccionados los cafetines de la I.E. Tupac Amaru nivel primario y secundario, donde se hallaron m\u00ednimas deficiencias en la limpieza de los ambientes y al personal de atenci\u00f3n se les verific\u00f3 la portabilidad de los carnets de sanidad, contar con las indumentarias adecuadas, se verific\u00f3 que los ambientes se encuentren en condiciones salubres, sobre todo por tratarse de establecimientos donde se expende y prepara alimentos que son para el consumo humano.<\/p>\n<p>Ante esto, el sub gerente Hugo Bustamante, manifest\u00f3 que se desarrollar\u00e1 una charla de capacitaci\u00f3n al personal que atiende los cafetines, como medida de prevenci\u00f3n, quien alert\u00f3 que de forma sorpresiva se continuar\u00e1n con los operativos, teniendo en consideraci\u00f3n que por encima de todo est\u00e1 el cuidado de la salud de los ni\u00f1os y adolescentes que son los consumidores directos en los cafetines.<\/p>\n<p>Como aporte del \u00e1rea de actividades productivas la encargada, Isabel Berm\u00fadez hizo un llamado a los padres para promover el consumo de una lonchera saludable y una alimentaci\u00f3n nutritiva en beneficio de sus hijos.<\/p>\n<p>Por la otra parte, el director de la I.E. \u201cTupac Amaru\u201d, Lic. Wilfredo Mezarina Esquivel, resalt\u00f3 la acci\u00f3n de la presente gesti\u00f3n de capacitar y brindar recomendaciones a su personal ya que m\u00ednimos errores puedan ser corregidos y brindar un servicio de calidad para sus estudiantes.<\/p>\n","protected":false},"excerpt":{"rendered":"<p>\ud835\ude3e\ud835\ude64\ud835\ude63 \ud835\ude67\ud835\ude5a\ud835\ude58\ud835\ude64\ud835\ude62\ud835\ude5a\ud835\ude63\ud835\ude59\ud835\ude56\ud835\ude58\ud835\ude5e\ud835\ude64\ud835\ude63\ud835\ude5a\ud835\ude68 \ud835\ude68\ud835\ude64\ud835\ude57\ud835\ude67\ud835\ude5a \ud835\ude61\ud835\ude56 \ud835\ude58\ud835\ude64\ud835\ude67\ud835\ude67\ud835\ude5a\ud835\ude58\ud835\ude69\ud835\ude56 \ud835\ude65\ud835\ude67\ud835\ude5a\ud835\ude65\ud835\ude56\ud835\ude67\ud835\ude56\ud835\ude58\ud835\ude5e\ud835\ude64\u0301\ud835\ude63, \ud835\ude62\ud835\ude56\ud835\ude63\ud835\ude5e\ud835\ude65\ud835\ude6a\ud835\ude61\ud835\ude56\ud835\ude58\ud835\ude5e\ud835\ude64\u0301\ud835\ude63 \ud835\ude5a \ud835\ude5d\ud835\ude5e\ud835\ude5c\ud835\ude5e\ud835\ude5a\ud835\ude63\ud835\ude5a \ud835\ude59\ud835\ude5a \ud835\ude56\ud835\ude61\ud835\ude5e\ud835\ude62\ud835\ude5a\ud835\ude63\ud835\ude69\ud835\ude64\ud835\ude68, \ud835\ude65\ud835\ude5a\ud835\ude67\ud835\ude68\ud835\ude64\ud835\ude63\ud835\ude56\ud835\ude61 \ud835\ude62\ud835\ude6a\ud835\ude63\ud835\ude5e\ud835\ude58\ud835\ude5e\ud835\ude65\ud835\ude56\ud835\ude61 \ud835\ude6b\ud835\ude5e\ud835\ude68\ud835\ude5e\ud835\ude69\ud835\ude56 \ud835\ude58\ud835\ude64\ud835\ude61\ud835\ude5a\ud835\ude5c\ud835\ude5e\ud835\ude64\ud835\ude68. Con la finalidad de verificar la alimentaci\u00f3n que reciben nuestros ni\u00f1os y j\u00f3venes, en los cafetines de las instituciones educativas, la Municipalidad Distrital de Chilca, a trav\u00e9s de la Gerencia de Desarrollo Econ\u00f3mico, las \u00e1reas de inocuidad y actividades productivas, [&hellip;]<\/p>\n","protected":false},"author":4,"featured_media":0,"comment_status":"closed","ping_status":"open","sticky":false,"template":"","format":"image","meta":{"footnotes":""},"categories":[25],"tags":[],"class_list":["post-18265","post","type-post","status-publish","format-image","hentry","category-noticias","post_format-post-format-image"],"blocksy_meta":[],"rttpg_featured_image_url":null,"rttpg_author":{"display_name":"JGUTARRA","author_link":"https:\/\/munichilca.gob.pe\/site\/author\/jgutarra\/"},"rttpg_comment":0,"rttpg_category":"<a href=\"https:\/\/munichilca.gob.pe\/site\/category\/noticias\/\" rel=\"category tag\">Noticias<\/a>","rttpg_excerpt":"\ud835\ude3e\ud835\ude64\ud835\ude63 \ud835\ude67\ud835\ude5a\ud835\ude58\ud835\ude64\ud835\ude62\ud835\ude5a\ud835\ude63\ud835\ude59\ud835\ude56\ud835\ude58\ud835\ude5e\ud835\ude64\ud835\ude63\ud835\ude5a\ud835\ude68 \ud835\ude68\ud835\ude64\ud835\ude57\ud835\ude67\ud835\ude5a \ud835\ude61\ud835\ude56 \ud835\ude58\ud835\ude64\ud835\ude67\ud835\ude67\ud835\ude5a\ud835\ude58\ud835\ude69\ud835\ude56 \ud835\ude65\ud835\ude67\ud835\ude5a\ud835\ude65\ud835\ude56\ud835\ude67\ud835\ude56\ud835\ude58\ud835\ude5e\ud835\ude64\u0301\ud835\ude63, \ud835\ude62\ud835\ude56\ud835\ude63\ud835\ude5e\ud835\ude65\ud835\ude6a\ud835\ude61\ud835\ude56\ud835\ude58\ud835\ude5e\ud835\ude64\u0301\ud835\ude63 \ud835\ude5a \ud835\ude5d\ud835\ude5e\ud835\ude5c\ud835\ude5e\ud835\ude5a\ud835\ude63\ud835\ude5a \ud835\ude59\ud835\ude5a \ud835\ude56\ud835\ude61\ud835\ude5e\ud835\ude62\ud835\ude5a\ud835\ude63\ud835\ude69\ud835\ude64\ud835\ude68, \ud835\ude65\ud835\ude5a\ud835\ude67\ud835\ude68\ud835\ude64\ud835\ude63\ud835\ude56\ud835\ude61 \ud835\ude62\ud835\ude6a\ud835\ude63\ud835\ude5e\ud835\ude58\ud835\ude5e\ud835\ude65\ud835\ude56\ud835\ude61 \ud835\ude6b\ud835\ude5e\ud835\ude68\ud835\ude5e\ud835\ude69\ud835\ude56 \ud835\ude58\ud835\ude64\ud835\ude61\ud835\ude5a\ud835\ude5c\ud835\ude5e\ud835\ude64\ud835\ude68. Con la finalidad de verificar la alimentaci\u00f3n que reciben nuestros ni\u00f1os y j\u00f3venes, en los cafetines de las instituciones educativas, la Municipalidad Distrital de Chilca, a trav\u00e9s de la Gerencia de Desarrollo Econ\u00f3mico, las \u00e1reas de inocuidad y actividades productivas,&hellip;","_links":{"self":[{"href":"https:\/\/munichilca.gob.pe\/site\/wp-json\/wp\/v2\/posts\/18265","targetHints":{"allow":["GET"]}}],"collection":[{"href":"https:\/\/munichilca.gob.pe\/site\/wp-json\/wp\/v2\/posts"}],"about":[{"href":"https:\/\/munichilca.gob.pe\/site\/wp-json\/wp\/v2\/types\/post"}],"author":[{"embeddable":true,"href":"https:\/\/munichilca.gob.pe\/site\/wp-json\/wp\/v2\/users\/4"}],"replies":[{"embeddable":true,"href":"https:\/\/munichilca.gob.pe\/site\/wp-json\/wp\/v2\/comments?post=18265"}],"version-history":[{"count":0,"href":"https:\/\/munichilca.gob.pe\/site\/wp-json\/wp\/v2\/posts\/18265\/revisions"}],"wp:attachment":[{"href":"https:\/\/munichilca.gob.pe\/site\/wp-json\/wp\/v2\/media?parent=18265"}],"wp:term":[{"taxonomy":"category","embeddable":true,"href":"https:\/\/munichilca.gob.pe\/site\/wp-json\/wp\/v2\/categories?post=18265"},{"taxonomy":"post_tag","embeddable":true,"href":"https:\/\/munichilca.gob.pe\/site\/wp-json\/wp\/v2\/tags?post=18265"}],"curies":[{"name":"wp","href":"https:\/\/api.w.org\/{rel}","templated":true}]}}