{"id":18261,"date":"2023-08-17T10:17:36","date_gmt":"2023-08-17T10:17:36","guid":{"rendered":"https:\/\/munichilca.gob.pe\/site\/?p=6815"},"modified":"2023-08-17T10:17:36","modified_gmt":"2023-08-17T10:17:36","slug":"%f0%9d%97%94%f0%9d%97%97%f0%9d%97%a8%f0%9d%97%9f%f0%9d%97%a7%f0%9d%97%a2%f0%9d%97%a6-%f0%9d%97%a0%f0%9d%97%94%f0%9d%97%ac%f0%9d%97%a2%f0%9d%97%a5%f0%9d%97%98%f0%9d%97%a6-%f0%9d%97%98%f0%9d%97%a1","status":"publish","type":"post","link":"https:\/\/munichilca.gob.pe\/site\/2023\/08\/17\/%f0%9d%97%94%f0%9d%97%97%f0%9d%97%a8%f0%9d%97%9f%f0%9d%97%a7%f0%9d%97%a2%f0%9d%97%a6-%f0%9d%97%a0%f0%9d%97%94%f0%9d%97%ac%f0%9d%97%a2%f0%9d%97%a5%f0%9d%97%98%f0%9d%97%a6-%f0%9d%97%98%f0%9d%97%a1\/","title":{"rendered":"\ud835\uddd4\ud835\uddd7\ud835\udde8\ud835\udddf\ud835\udde7\ud835\udde2\ud835\udde6 \ud835\udde0\ud835\uddd4\ud835\uddec\ud835\udde2\ud835\udde5\ud835\uddd8\ud835\udde6 \ud835\uddd8\ud835\udde1\ud835\udde6\ud835\uddd8\u00d1\ud835\uddd4\ud835\udde5\ud835\uddd4\ud835\udde1 \ud835\udddd\ud835\udde8\ud835\uddd8\ud835\uddda\ud835\udde2\ud835\udde6 \ud835\uddd7\ud835\uddd8 \ud835\udde6\ud835\udde8 \ud835\udddc\ud835\udde1\ud835\uddd9\ud835\uddd4\ud835\udde1\ud835\uddd6\ud835\udddc\ud835\uddd4 \ud835\uddd4 \ud835\udddf\ud835\udde2\ud835\udde6 \ud835\udde1\ud835\udddc\u00d1\ud835\udde2\ud835\udde6 \ud835\uddd7\ud835\uddd8 \ud835\uddd6\ud835\udddb\ud835\udddc\ud835\udddf\ud835\uddd6\ud835\uddd4"},"content":{"rendered":"<p>\ud835\ude40\ud835\ude63 \ud835\ude6a\ud835\ude63 \ud835\ude5a\ud835\ude63\ud835\ude58\ud835\ude6a\ud835\ude5a\ud835\ude63\ud835\ude69\ud835\ude67\ud835\ude64 \ud835\ude5c\ud835\ude5a\ud835\ude63\ud835\ude5a\ud835\ude67\ud835\ude56\ud835\ude58\ud835\ude5e\ud835\ude64\ud835\ude63\ud835\ude56\ud835\ude61, \ud835\ude56\ud835\ude63\ud835\ude58\ud835\ude5e\ud835\ude56\ud835\ude63\ud835\ude64\ud835\ude68 \ud835\ude67\ud835\ude5a\ud835\ude6b\ud835\ude5e\ud835\ude6b\ud835\ude5e\ud835\ude67\ud835\ude56\u0301\ud835\ude63 \ud835\ude5f\ud835\ude6a\ud835\ude5a\ud835\ude5c\ud835\ude64\ud835\ude68 \ud835\ude6e \ud835\ude58\ud835\ude64\ud835\ude63\ud835\ude69\ud835\ude56\ud835\ude67\ud835\ude56\u0301\ud835\ude63 \ud835\ude5d\ud835\ude5e\ud835\ude68\ud835\ude69\ud835\ude64\ud835\ude67\ud835\ude5e\ud835\ude56\ud835\ude68 \ud835\ude56 \ud835\ude61\ud835\ude64\ud835\ude68 \ud835\ude63\ud835\ude5e\ud835\ude63\u0303\ud835\ude64\ud835\ude68 \ud835\ude59\ud835\ude5a \ud835\ude5d\ud835\ude64\ud835\ude6e.<\/p>\n<p>Ancianos y ni\u00f1os, participar\u00e1n de una jornada de convivencia intergeneracional que viene organizando la Municipalidad Distrital de Chilca, a trav\u00e9s de la Gerencia de Desarrollo Social y el Centro Integral de Atenci\u00f3n al Adulto Mayor (CIAM), con motivos de celebrar pr\u00f3ximamente el d\u00eda del abuelo, momentos donde los m\u00e1s peque\u00f1os aprender\u00e1n cuales eran los juegos que jugaban los mayores.<\/p>\n<p>Se desarrollar\u00e1n diferentes juegos con los que los ancianos pasaran sus ratos libres, recordando vivencias de cuando eran peque\u00f1os. Desde tirar las latas, traspasar balones por un agujero, la oca, el parch\u00eds, coger peces con una ca\u00f1a o la tela, entre otros.<\/p>\n<p>Con estas actividades recreacionales, reproducidos de nuevo, har\u00e1n disfrutar tanto a mayores como a peque\u00f1os. \u00abA unos porque recuerdan su infancia y a otros porque aprenden algo nuevo con lo que divertirse, nunca es tarde para jugar, para poner en marcha a trav\u00e9s de esta estrategia, la infinita capacidad de nuestro cerebro de aprender, de crear nuevas redes neuronales que permiten que la conducta est\u00e9 en constante evoluci\u00f3n y adaptaci\u00f3n, fortaleciendo las habilidades ya desarrolladas a lo largo de la vida.\u00bb, se\u00f1al\u00f3 la encargada del (CIAM), Lucy Vilcahuam\u00e1n, quien anunci\u00f3 que las pr\u00f3ximas actividades para los mayores ser\u00e1n en los pr\u00f3ximos d\u00edas.<\/p>\n<p>Los juegos y las actividades l\u00fadicas contribuyen a la salud de las personas mayores, por medio del desarrollo de cualidades f\u00edsicas, afectivas, sociales, intelectuales de la persona, e inciden sobre el ambiente y la vida del propio grupo, es un est\u00edmulo global, esto se convierte en un medio para combatir la inmovilidad y favorecer la autonom\u00eda personal, otorgando el espacio id\u00f3neo para resolver problemas de la realidad, en contextos de simulaci\u00f3n, de juego, espacios protegidos en la recreaci\u00f3n personal, permitiendo que la persona ponga a prueba su experiencia, sus aprendizajes y resuelva desde su manifestaci\u00f3n personal.<\/p>\n<p>Participar de actividades de ocio y tiempo libre, se ha identificado como un factor predictor de satisfacci\u00f3n vital de las personas mayores, favoreciendo la calidad de vida y promoviendo el bienestar de las personas.<\/p>\n<p>&nbsp;<\/p>\n","protected":false},"excerpt":{"rendered":"<p>\ud835\ude40\ud835\ude63 \ud835\ude6a\ud835\ude63 \ud835\ude5a\ud835\ude63\ud835\ude58\ud835\ude6a\ud835\ude5a\ud835\ude63\ud835\ude69\ud835\ude67\ud835\ude64 \ud835\ude5c\ud835\ude5a\ud835\ude63\ud835\ude5a\ud835\ude67\ud835\ude56\ud835\ude58\ud835\ude5e\ud835\ude64\ud835\ude63\ud835\ude56\ud835\ude61, \ud835\ude56\ud835\ude63\ud835\ude58\ud835\ude5e\ud835\ude56\ud835\ude63\ud835\ude64\ud835\ude68 \ud835\ude67\ud835\ude5a\ud835\ude6b\ud835\ude5e\ud835\ude6b\ud835\ude5e\ud835\ude67\ud835\ude56\u0301\ud835\ude63 \ud835\ude5f\ud835\ude6a\ud835\ude5a\ud835\ude5c\ud835\ude64\ud835\ude68 \ud835\ude6e \ud835\ude58\ud835\ude64\ud835\ude63\ud835\ude69\ud835\ude56\ud835\ude67\ud835\ude56\u0301\ud835\ude63 \ud835\ude5d\ud835\ude5e\ud835\ude68\ud835\ude69\ud835\ude64\ud835\ude67\ud835\ude5e\ud835\ude56\ud835\ude68 \ud835\ude56 \ud835\ude61\ud835\ude64\ud835\ude68 \ud835\ude63\ud835\ude5e\ud835\ude63\u0303\ud835\ude64\ud835\ude68 \ud835\ude59\ud835\ude5a \ud835\ude5d\ud835\ude64\ud835\ude6e. Ancianos y ni\u00f1os, participar\u00e1n de una jornada de convivencia intergeneracional que viene organizando la Municipalidad Distrital de Chilca, a trav\u00e9s de la Gerencia de Desarrollo Social y el Centro Integral de Atenci\u00f3n al Adulto Mayor (CIAM), con motivos de celebrar [&hellip;]<\/p>\n","protected":false},"author":4,"featured_media":0,"comment_status":"closed","ping_status":"open","sticky":false,"template":"","format":"image","meta":{"footnotes":""},"categories":[25],"tags":[],"class_list":["post-18261","post","type-post","status-publish","format-image","hentry","category-noticias","post_format-post-format-image"],"blocksy_meta":[],"rttpg_featured_image_url":null,"rttpg_author":{"display_name":"JGUTARRA","author_link":"https:\/\/munichilca.gob.pe\/site\/author\/jgutarra\/"},"rttpg_comment":0,"rttpg_category":"<a href=\"https:\/\/munichilca.gob.pe\/site\/category\/noticias\/\" rel=\"category tag\">Noticias<\/a>","rttpg_excerpt":"\ud835\ude40\ud835\ude63 \ud835\ude6a\ud835\ude63 \ud835\ude5a\ud835\ude63\ud835\ude58\ud835\ude6a\ud835\ude5a\ud835\ude63\ud835\ude69\ud835\ude67\ud835\ude64 \ud835\ude5c\ud835\ude5a\ud835\ude63\ud835\ude5a\ud835\ude67\ud835\ude56\ud835\ude58\ud835\ude5e\ud835\ude64\ud835\ude63\ud835\ude56\ud835\ude61, \ud835\ude56\ud835\ude63\ud835\ude58\ud835\ude5e\ud835\ude56\ud835\ude63\ud835\ude64\ud835\ude68 \ud835\ude67\ud835\ude5a\ud835\ude6b\ud835\ude5e\ud835\ude6b\ud835\ude5e\ud835\ude67\ud835\ude56\u0301\ud835\ude63 \ud835\ude5f\ud835\ude6a\ud835\ude5a\ud835\ude5c\ud835\ude64\ud835\ude68 \ud835\ude6e \ud835\ude58\ud835\ude64\ud835\ude63\ud835\ude69\ud835\ude56\ud835\ude67\ud835\ude56\u0301\ud835\ude63 \ud835\ude5d\ud835\ude5e\ud835\ude68\ud835\ude69\ud835\ude64\ud835\ude67\ud835\ude5e\ud835\ude56\ud835\ude68 \ud835\ude56 \ud835\ude61\ud835\ude64\ud835\ude68 \ud835\ude63\ud835\ude5e\ud835\ude63\u0303\ud835\ude64\ud835\ude68 \ud835\ude59\ud835\ude5a \ud835\ude5d\ud835\ude64\ud835\ude6e. Ancianos y ni\u00f1os, participar\u00e1n de una jornada de convivencia intergeneracional que viene organizando la Municipalidad Distrital de Chilca, a trav\u00e9s de la Gerencia de Desarrollo Social y el Centro Integral de Atenci\u00f3n al Adulto Mayor (CIAM), con motivos de celebrar&hellip;","_links":{"self":[{"href":"https:\/\/munichilca.gob.pe\/site\/wp-json\/wp\/v2\/posts\/18261","targetHints":{"allow":["GET"]}}],"collection":[{"href":"https:\/\/munichilca.gob.pe\/site\/wp-json\/wp\/v2\/posts"}],"about":[{"href":"https:\/\/munichilca.gob.pe\/site\/wp-json\/wp\/v2\/types\/post"}],"author":[{"embeddable":true,"href":"https:\/\/munichilca.gob.pe\/site\/wp-json\/wp\/v2\/users\/4"}],"replies":[{"embeddable":true,"href":"https:\/\/munichilca.gob.pe\/site\/wp-json\/wp\/v2\/comments?post=18261"}],"version-history":[{"count":0,"href":"https:\/\/munichilca.gob.pe\/site\/wp-json\/wp\/v2\/posts\/18261\/revisions"}],"wp:attachment":[{"href":"https:\/\/munichilca.gob.pe\/site\/wp-json\/wp\/v2\/media?parent=18261"}],"wp:term":[{"taxonomy":"category","embeddable":true,"href":"https:\/\/munichilca.gob.pe\/site\/wp-json\/wp\/v2\/categories?post=18261"},{"taxonomy":"post_tag","embeddable":true,"href":"https:\/\/munichilca.gob.pe\/site\/wp-json\/wp\/v2\/tags?post=18261"}],"curies":[{"name":"wp","href":"https:\/\/api.w.org\/{rel}","templated":true}]}}