{"id":18260,"date":"2023-08-17T10:28:37","date_gmt":"2023-08-17T10:28:37","guid":{"rendered":"https:\/\/munichilca.gob.pe\/site\/?p=6823"},"modified":"2023-08-17T10:28:37","modified_gmt":"2023-08-17T10:28:37","slug":"%f0%9d%97%96%f0%9d%97%a2%f0%9d%97%a1-%f0%9d%97%96%f0%9d%97%94%f0%9d%97%a0%f0%9d%97%9c%f0%9d%97%a2%f0%9d%97%a1%f0%9d%97%98%f0%9d%97%a6-%f0%9d%97%96%f0%9d%97%9c%f0%9d%97%a6%f0%9d%97%a7%f0%9d%97%98","status":"publish","type":"post","link":"https:\/\/munichilca.gob.pe\/site\/2023\/08\/17\/%f0%9d%97%96%f0%9d%97%a2%f0%9d%97%a1-%f0%9d%97%96%f0%9d%97%94%f0%9d%97%a0%f0%9d%97%9c%f0%9d%97%a2%f0%9d%97%a1%f0%9d%97%98%f0%9d%97%a6-%f0%9d%97%96%f0%9d%97%9c%f0%9d%97%a6%f0%9d%97%a7%f0%9d%97%98\/","title":{"rendered":"\ud835\uddd6\ud835\udde2\ud835\udde1 \ud835\uddd6\ud835\uddd4\ud835\udde0\ud835\udddc\ud835\udde2\ud835\udde1\ud835\uddd8\ud835\udde6 \ud835\uddd6\ud835\udddc\ud835\udde6\ud835\udde7\ud835\uddd8\ud835\udde5\ud835\udde1\ud835\uddd4, \ud835\udde5\ud835\uddd8\ud835\udde3\ud835\uddd4\ud835\udde5\ud835\udde7\ud835\uddd8\ud835\udde1 \ud835\uddd4\ud835\uddda\ud835\udde8\ud835\uddd4 \ud835\uddd8\ud835\udde1 \ud835\uddd6\ud835\udddb\ud835\udddc\ud835\udddf\ud835\uddd6\ud835\uddd4 \ud835\uddd4\ud835\udddf\ud835\udde7\ud835\uddd4"},"content":{"rendered":"<p>\ud835\ude48\ud835\ude6a\ud835\ude63\ud835\ude5e\ud835\ude58\ud835\ude5e\ud835\ude65\ud835\ude5e\ud835\ude64, \ud835\ude4e\ud835\ude40\ud835\ude3f\ud835\ude3c\ud835\ude48 \ud835\ude43\ud835\ude6a\ud835\ude56\ud835\ude63\ud835\ude58\ud835\ude56\ud835\ude6e\ud835\ude64 \ud835\ude6e \ud835\ude5a\ud835\ude61 \ud835\ude5c\ud835\ude64\ud835\ude57\ud835\ude5e\ud835\ude5a\ud835\ude67\ud835\ude63\ud835\ude64 \ud835\ude67\ud835\ude5a\ud835\ude5c\ud835\ude5e\ud835\ude64\ud835\ude63\ud835\ude56\ud835\ude61, \ud835\ude56\ud835\ude57\ud835\ude56\ud835\ude68\ud835\ude69\ud835\ude5a\ud835\ude58\ud835\ude5a\ud835\ude63 \ud835\ude58\ud835\ude64\ud835\ude63 \ud835\ude56\ud835\ude5c\ud835\ude6a\ud835\ude56 \ud835\ude65\ud835\ude64\ud835\ude69\ud835\ude56\ud835\ude57\ud835\ude61\ud835\ude5a, \ud835\ude69\ud835\ude56\ud835\ude63\ud835\ude66\ud835\ude6a\ud835\ude5a\ud835\ude68 \ud835\ude5a\ud835\ude63 \ud835\ude61\ud835\ude64\ud835\ude68 12 \ud835\ude57\ud835\ude56\ud835\ude67\ud835\ude67\ud835\ude5e\ud835\ude64\ud835\ude68 \ud835\ude59\ud835\ude5a \ud835\ude3e\ud835\ude5d\ud835\ude5e\ud835\ude61\ud835\ude58\ud835\ude56 \ud835\ude3c\ud835\ude61\ud835\ude69\ud835\ude56.<\/p>\n<p>Con una reuni\u00f3n anticipada entre los representantes de la municipalidad distrital de Chilca, el gobierno regional de Jun\u00edn y SEDAM Huancayo, donde participaron los presidentes de los 12 barrios del sector de Chilca Alta; hoy con camiones cisterna se reparti\u00f3 el l\u00edquido elemento en el barrio de Buenos Aires Alto y Mirador Pe\u00f1aloza en el distrito de Chilca.<\/p>\n<p>El gerente municipal, Robert Cris\u00f3stomo en representaci\u00f3n del alcalde C\u00e9sar Damas, recorri\u00f3 juntamente con la sub gerente de desarrollo social e igualdad de oportunidades del gobierno regional Maril\u00fa Camarena, los puntos donde se encontraban ubicados los tanques cisterna, los cuales eran abastecidos con agua apta para el consumo de los pobladores del lugar.<\/p>\n<p>Por tal motivo la sub gerente Camarena, mencion\u00f3 que el d\u00eda lunes se firmar\u00e1 un convenio tripartito entre la municipalidad distrital, el gobierno regional y SEDAM Huancayo, donde se priorizar\u00e1 el reparto del l\u00edquido elemento por dos veces por semana durante tres a\u00f1os, mientras se de inicio al proyecto integral de instalaci\u00f3n de agua y desag\u00fce que ser\u00e1 financiado por el gobierno regional de Jun\u00edn, con un monto de 15 millones de soles.<\/p>\n<p>A su turno el gerente municipal de la comuna de Chilca, cit\u00f3 a los pobladores a una reuni\u00f3n previa, antes de la firma del convenio, esto con la finalidad de estipular bien los acuerdos de reparto, exhortando a los pobladores a tener plasmado la ubicaci\u00f3n exacta de los 13 tanques de 10 mil litros de capacidad, para efectivizar el abastecimiento.<\/p>\n<p>Por su parte el representante del comit\u00e9 de gesti\u00f3n de Chilca Alta, Walter Surichaqui, no dej\u00f3 de agradecer, mencion\u00f3 \u201cel agua potable y saneamiento b\u00e1sico es un derecho de toda sociedad, por ello toda la poblaci\u00f3n beneficiaria espera con ansias la ejecuci\u00f3n de esta emblem\u00e1tica obra, que les permitir\u00e1 vivir en mejores condiciones porque contaran con saneamiento b\u00e1sico.<\/p>\n<p>Cabe se\u00f1alar que los dirigentes de los 12 barrios y representantes de Juntas Administradoras de Servicio y Saneamiento (JASS), ser\u00e1n veedores de abastecimiento de agua potable, con constante sensibilizaci\u00f3n a sus vecinos sobre el cuidado de los tanques y sobre todo del l\u00edquido elemento.<\/p>\n","protected":false},"excerpt":{"rendered":"<p>\ud835\ude48\ud835\ude6a\ud835\ude63\ud835\ude5e\ud835\ude58\ud835\ude5e\ud835\ude65\ud835\ude5e\ud835\ude64, \ud835\ude4e\ud835\ude40\ud835\ude3f\ud835\ude3c\ud835\ude48 \ud835\ude43\ud835\ude6a\ud835\ude56\ud835\ude63\ud835\ude58\ud835\ude56\ud835\ude6e\ud835\ude64 \ud835\ude6e \ud835\ude5a\ud835\ude61 \ud835\ude5c\ud835\ude64\ud835\ude57\ud835\ude5e\ud835\ude5a\ud835\ude67\ud835\ude63\ud835\ude64 \ud835\ude67\ud835\ude5a\ud835\ude5c\ud835\ude5e\ud835\ude64\ud835\ude63\ud835\ude56\ud835\ude61, \ud835\ude56\ud835\ude57\ud835\ude56\ud835\ude68\ud835\ude69\ud835\ude5a\ud835\ude58\ud835\ude5a\ud835\ude63 \ud835\ude58\ud835\ude64\ud835\ude63 \ud835\ude56\ud835\ude5c\ud835\ude6a\ud835\ude56 \ud835\ude65\ud835\ude64\ud835\ude69\ud835\ude56\ud835\ude57\ud835\ude61\ud835\ude5a, \ud835\ude69\ud835\ude56\ud835\ude63\ud835\ude66\ud835\ude6a\ud835\ude5a\ud835\ude68 \ud835\ude5a\ud835\ude63 \ud835\ude61\ud835\ude64\ud835\ude68 12 \ud835\ude57\ud835\ude56\ud835\ude67\ud835\ude67\ud835\ude5e\ud835\ude64\ud835\ude68 \ud835\ude59\ud835\ude5a \ud835\ude3e\ud835\ude5d\ud835\ude5e\ud835\ude61\ud835\ude58\ud835\ude56 \ud835\ude3c\ud835\ude61\ud835\ude69\ud835\ude56. Con una reuni\u00f3n anticipada entre los representantes de la municipalidad distrital de Chilca, el gobierno regional de Jun\u00edn y SEDAM Huancayo, donde participaron los presidentes de los 12 barrios del sector de Chilca Alta; hoy con [&hellip;]<\/p>\n","protected":false},"author":4,"featured_media":0,"comment_status":"closed","ping_status":"open","sticky":false,"template":"","format":"image","meta":{"footnotes":""},"categories":[25],"tags":[],"class_list":["post-18260","post","type-post","status-publish","format-image","hentry","category-noticias","post_format-post-format-image"],"blocksy_meta":[],"rttpg_featured_image_url":null,"rttpg_author":{"display_name":"JGUTARRA","author_link":"https:\/\/munichilca.gob.pe\/site\/author\/jgutarra\/"},"rttpg_comment":0,"rttpg_category":"<a href=\"https:\/\/munichilca.gob.pe\/site\/category\/noticias\/\" rel=\"category tag\">Noticias<\/a>","rttpg_excerpt":"\ud835\ude48\ud835\ude6a\ud835\ude63\ud835\ude5e\ud835\ude58\ud835\ude5e\ud835\ude65\ud835\ude5e\ud835\ude64, \ud835\ude4e\ud835\ude40\ud835\ude3f\ud835\ude3c\ud835\ude48 \ud835\ude43\ud835\ude6a\ud835\ude56\ud835\ude63\ud835\ude58\ud835\ude56\ud835\ude6e\ud835\ude64 \ud835\ude6e \ud835\ude5a\ud835\ude61 \ud835\ude5c\ud835\ude64\ud835\ude57\ud835\ude5e\ud835\ude5a\ud835\ude67\ud835\ude63\ud835\ude64 \ud835\ude67\ud835\ude5a\ud835\ude5c\ud835\ude5e\ud835\ude64\ud835\ude63\ud835\ude56\ud835\ude61, \ud835\ude56\ud835\ude57\ud835\ude56\ud835\ude68\ud835\ude69\ud835\ude5a\ud835\ude58\ud835\ude5a\ud835\ude63 \ud835\ude58\ud835\ude64\ud835\ude63 \ud835\ude56\ud835\ude5c\ud835\ude6a\ud835\ude56 \ud835\ude65\ud835\ude64\ud835\ude69\ud835\ude56\ud835\ude57\ud835\ude61\ud835\ude5a, \ud835\ude69\ud835\ude56\ud835\ude63\ud835\ude66\ud835\ude6a\ud835\ude5a\ud835\ude68 \ud835\ude5a\ud835\ude63 \ud835\ude61\ud835\ude64\ud835\ude68 12 \ud835\ude57\ud835\ude56\ud835\ude67\ud835\ude67\ud835\ude5e\ud835\ude64\ud835\ude68 \ud835\ude59\ud835\ude5a \ud835\ude3e\ud835\ude5d\ud835\ude5e\ud835\ude61\ud835\ude58\ud835\ude56 \ud835\ude3c\ud835\ude61\ud835\ude69\ud835\ude56. Con una reuni\u00f3n anticipada entre los representantes de la municipalidad distrital de Chilca, el gobierno regional de Jun\u00edn y SEDAM Huancayo, donde participaron los presidentes de los 12 barrios del sector de Chilca Alta; hoy con&hellip;","_links":{"self":[{"href":"https:\/\/munichilca.gob.pe\/site\/wp-json\/wp\/v2\/posts\/18260","targetHints":{"allow":["GET"]}}],"collection":[{"href":"https:\/\/munichilca.gob.pe\/site\/wp-json\/wp\/v2\/posts"}],"about":[{"href":"https:\/\/munichilca.gob.pe\/site\/wp-json\/wp\/v2\/types\/post"}],"author":[{"embeddable":true,"href":"https:\/\/munichilca.gob.pe\/site\/wp-json\/wp\/v2\/users\/4"}],"replies":[{"embeddable":true,"href":"https:\/\/munichilca.gob.pe\/site\/wp-json\/wp\/v2\/comments?post=18260"}],"version-history":[{"count":0,"href":"https:\/\/munichilca.gob.pe\/site\/wp-json\/wp\/v2\/posts\/18260\/revisions"}],"wp:attachment":[{"href":"https:\/\/munichilca.gob.pe\/site\/wp-json\/wp\/v2\/media?parent=18260"}],"wp:term":[{"taxonomy":"category","embeddable":true,"href":"https:\/\/munichilca.gob.pe\/site\/wp-json\/wp\/v2\/categories?post=18260"},{"taxonomy":"post_tag","embeddable":true,"href":"https:\/\/munichilca.gob.pe\/site\/wp-json\/wp\/v2\/tags?post=18260"}],"curies":[{"name":"wp","href":"https:\/\/api.w.org\/{rel}","templated":true}]}}