{"id":18216,"date":"2023-09-14T11:24:36","date_gmt":"2023-09-14T11:24:36","guid":{"rendered":"https:\/\/munichilca.gob.pe\/site\/?p=7082"},"modified":"2023-09-14T11:24:36","modified_gmt":"2023-09-14T11:24:36","slug":"%f0%9d%97%a0%f0%9d%97%a8%f0%9d%97%a1%f0%9d%97%9c%f0%9d%97%96%f0%9d%97%9c%f0%9d%97%a3%f0%9d%97%9c%f0%9d%97%a2-%f0%9d%97%97%f0%9d%97%98-%f0%9d%97%96%f0%9d%97%9b%f0%9d%97%9c%f0%9d%97%9f%f0%9d%97%96-8","status":"publish","type":"post","link":"https:\/\/munichilca.gob.pe\/site\/2023\/09\/14\/%f0%9d%97%a0%f0%9d%97%a8%f0%9d%97%a1%f0%9d%97%9c%f0%9d%97%96%f0%9d%97%9c%f0%9d%97%a3%f0%9d%97%9c%f0%9d%97%a2-%f0%9d%97%97%f0%9d%97%98-%f0%9d%97%96%f0%9d%97%9b%f0%9d%97%9c%f0%9d%97%9f%f0%9d%97%96-8\/","title":{"rendered":"\ud835\udde0\ud835\udde8\ud835\udde1\ud835\udddc\ud835\uddd6\ud835\udddc\ud835\udde3\ud835\udddc\ud835\udde2 \ud835\uddd7\ud835\uddd8 \ud835\uddd6\ud835\udddb\ud835\udddc\ud835\udddf\ud835\uddd6\ud835\uddd4 \ud835\udde5\ud835\uddd8\ud835\uddd6\ud835\udde8\ud835\udde3\ud835\uddd8\ud835\udde5\ud835\uddd4 \u00c1\ud835\udde5\ud835\uddd8\ud835\uddd4\ud835\udde6 \ud835\udde9\ud835\uddd8\ud835\udde5\ud835\uddd7\ud835\uddd8\ud835\udde6 \ud835\uddd7\ud835\uddd8 \ud835\uddd5\ud835\uddd8\ud835\udde5\ud835\udde0\ud835\uddd4\ud835\udde6 \ud835\uddd6\ud835\uddd8\ud835\udde1\ud835\udde7\ud835\udde5\ud835\uddd4\ud835\udddf\ud835\uddd8\ud835\udde6"},"content":{"rendered":"<p>\ud835\ude3e\ud835\ude64\ud835\ude63 \ud835\ude65\ud835\ude61\ud835\ude56\ud835\ude63\ud835\ude69\ud835\ude56\ud835\ude58\ud835\ude5e\ud835\ude64\u0301\ud835\ude63 \ud835\ude59\ud835\ude5a \ud835\ude56\u0301\ud835\ude67\ud835\ude57\ud835\ude64\ud835\ude61\ud835\ude5a\ud835\ude68, \ud835\ude58\ud835\ude64\ud835\ude63\ud835\ude68\ud835\ude69\ud835\ude56\ud835\ude63\ud835\ude69\ud835\ude5a \ud835\ude62\ud835\ude56\ud835\ude63\ud835\ude69\ud835\ude5a\ud835\ude63\ud835\ude5e\ud835\ude62\ud835\ude5e\ud835\ude5a\ud835\ude63\ud835\ude69\ud835\ude64 \ud835\ude5a \ud835\ude5e\ud835\ude63\ud835\ude68\ud835\ude69\ud835\ude56\ud835\ude61\ud835\ude56\ud835\ude58\ud835\ude5e\ud835\ude64\u0301\ud835\ude63 \ud835\ude59\ud835\ude5a \ud835\ude58\ud835\ude5a\ud835\ude67\ud835\ude58\ud835\ude64\ud835\ude68 \ud835\ude59\ud835\ude5a \ud835\ude65\ud835\ude67\ud835\ude64\ud835\ude69\ud835\ude5a\ud835\ude58\ud835\ude58\ud835\ude5e\ud835\ude64\u0301\ud835\ude63, \ud835\ude65\ud835\ude67\ud835\ude64\ud835\ude5c\ud835\ude67\ud835\ude56\ud835\ude62\ud835\ude56 \ud835\ude62\ud835\ude6a\ud835\ude63\ud835\ude5e\ud835\ude58\ud835\ude5e\ud835\ude65\ud835\ude56\ud835\ude61 \u275e\ud835\ude3e\ud835\ude5d\ud835\ude5e\ud835\ude61\ud835\ude58\ud835\ude56 \ud835\ude51\ud835\ude5a\ud835\ude67\ud835\ude59\ud835\ude5a\u275e, \ud835\ude68\ud835\ude5e\ud835\ude5c\ud835\ude6a\ud835\ude5a \ud835\ude5a\ud835\ude63 \ud835\ude62\ud835\ude56\ud835\ude67\ud835\ude58\ud835\ude5d\ud835\ude56.<\/p>\n<p>Con la finalidad de fomentar y mejorar la limpieza de los espacios p\u00fablicos como calles, parques y bermas del distrito; la municipalidad distrital de Chilca, mediante la gerencia de servicios p\u00fablicos y medio ambiente, vienen recuperando las \u00e1reas verdes de las bermas centrales en las principales avenidas, que tiene como objetivo reverdecer el distrito.<\/p>\n<p>En tal sentido, el personal municipal de mantenimiento de parque y jardines, vienen realizando trabajos de plantaci\u00f3n de \u00e1rboles e instalaci\u00f3n de cercos de protecci\u00f3n, en las \u00e1reas verdes de la berma central de la avenida Jacinto Ibarra, desde la avenida Leoncio Prado hasta el jir\u00f3n Uni\u00f3n; acci\u00f3n que consta de la colocaci\u00f3n de estacas de madera y p\u00faas de metal, que tiene como objetivo de proteger las plantas.<\/p>\n<p>Cabe se\u00f1alar que el personal de \u00e1reas verdes realiza trabajos de compensaci\u00f3n ambiental, reposici\u00f3n de \u00e1reas verdes, limpieza de los espacios ubicados para siembra, adem\u00e1s de preparar el terreno con tierra de chacra y abono org\u00e1nico, donde es importante indicar que las \u00e1reas verdes son fertilizadas con abono org\u00e1nico que produce la comuna en la planta de compostaje, el producto se esparce para reforzar las ra\u00edces de las plantas.<br \/>\nLa primera autoridad edil, C\u00e9sar Damas supervisa diariamente el despliegue de un contingente de personal municipal que recorre el distrito regando las \u00e1reas verdes de parques, plazas, jardines y bermas, a trav\u00e9s de camiones cisternas abastecidos en la planta de tratamiento municipal.<\/p>\n<p>\u201cYa iniciamos la recuperaci\u00f3n de las \u00e1reas verdes, de manera directa y con nuestros propios recursos, estamos trabajando en ello y, en las pr\u00f3ximas semanas, los parques, plazas, bermas y jardines, recobrar\u00e1n la prestancia que caracteriza a nuestro distrito. Es nuestro compromiso\u201d, se\u00f1al\u00f3 el burgomaestre.<\/p>\n","protected":false},"excerpt":{"rendered":"<p>\ud835\ude3e\ud835\ude64\ud835\ude63 \ud835\ude65\ud835\ude61\ud835\ude56\ud835\ude63\ud835\ude69\ud835\ude56\ud835\ude58\ud835\ude5e\ud835\ude64\u0301\ud835\ude63 \ud835\ude59\ud835\ude5a \ud835\ude56\u0301\ud835\ude67\ud835\ude57\ud835\ude64\ud835\ude61\ud835\ude5a\ud835\ude68, \ud835\ude58\ud835\ude64\ud835\ude63\ud835\ude68\ud835\ude69\ud835\ude56\ud835\ude63\ud835\ude69\ud835\ude5a \ud835\ude62\ud835\ude56\ud835\ude63\ud835\ude69\ud835\ude5a\ud835\ude63\ud835\ude5e\ud835\ude62\ud835\ude5e\ud835\ude5a\ud835\ude63\ud835\ude69\ud835\ude64 \ud835\ude5a \ud835\ude5e\ud835\ude63\ud835\ude68\ud835\ude69\ud835\ude56\ud835\ude61\ud835\ude56\ud835\ude58\ud835\ude5e\ud835\ude64\u0301\ud835\ude63 \ud835\ude59\ud835\ude5a \ud835\ude58\ud835\ude5a\ud835\ude67\ud835\ude58\ud835\ude64\ud835\ude68 \ud835\ude59\ud835\ude5a \ud835\ude65\ud835\ude67\ud835\ude64\ud835\ude69\ud835\ude5a\ud835\ude58\ud835\ude58\ud835\ude5e\ud835\ude64\u0301\ud835\ude63, \ud835\ude65\ud835\ude67\ud835\ude64\ud835\ude5c\ud835\ude67\ud835\ude56\ud835\ude62\ud835\ude56 \ud835\ude62\ud835\ude6a\ud835\ude63\ud835\ude5e\ud835\ude58\ud835\ude5e\ud835\ude65\ud835\ude56\ud835\ude61 \u275e\ud835\ude3e\ud835\ude5d\ud835\ude5e\ud835\ude61\ud835\ude58\ud835\ude56 \ud835\ude51\ud835\ude5a\ud835\ude67\ud835\ude59\ud835\ude5a\u275e, \ud835\ude68\ud835\ude5e\ud835\ude5c\ud835\ude6a\ud835\ude5a \ud835\ude5a\ud835\ude63 \ud835\ude62\ud835\ude56\ud835\ude67\ud835\ude58\ud835\ude5d\ud835\ude56. Con la finalidad de fomentar y mejorar la limpieza de los espacios p\u00fablicos como calles, parques y bermas del distrito; la municipalidad distrital de Chilca, mediante la gerencia de servicios p\u00fablicos y medio ambiente, vienen recuperando [&hellip;]<\/p>\n","protected":false},"author":4,"featured_media":0,"comment_status":"closed","ping_status":"open","sticky":false,"template":"","format":"image","meta":{"footnotes":""},"categories":[25],"tags":[],"class_list":["post-18216","post","type-post","status-publish","format-image","hentry","category-noticias","post_format-post-format-image"],"blocksy_meta":[],"rttpg_featured_image_url":null,"rttpg_author":{"display_name":"JGUTARRA","author_link":"https:\/\/munichilca.gob.pe\/site\/author\/jgutarra\/"},"rttpg_comment":0,"rttpg_category":"<a href=\"https:\/\/munichilca.gob.pe\/site\/category\/noticias\/\" rel=\"category tag\">Noticias<\/a>","rttpg_excerpt":"\ud835\ude3e\ud835\ude64\ud835\ude63 \ud835\ude65\ud835\ude61\ud835\ude56\ud835\ude63\ud835\ude69\ud835\ude56\ud835\ude58\ud835\ude5e\ud835\ude64\u0301\ud835\ude63 \ud835\ude59\ud835\ude5a \ud835\ude56\u0301\ud835\ude67\ud835\ude57\ud835\ude64\ud835\ude61\ud835\ude5a\ud835\ude68, \ud835\ude58\ud835\ude64\ud835\ude63\ud835\ude68\ud835\ude69\ud835\ude56\ud835\ude63\ud835\ude69\ud835\ude5a \ud835\ude62\ud835\ude56\ud835\ude63\ud835\ude69\ud835\ude5a\ud835\ude63\ud835\ude5e\ud835\ude62\ud835\ude5e\ud835\ude5a\ud835\ude63\ud835\ude69\ud835\ude64 \ud835\ude5a \ud835\ude5e\ud835\ude63\ud835\ude68\ud835\ude69\ud835\ude56\ud835\ude61\ud835\ude56\ud835\ude58\ud835\ude5e\ud835\ude64\u0301\ud835\ude63 \ud835\ude59\ud835\ude5a \ud835\ude58\ud835\ude5a\ud835\ude67\ud835\ude58\ud835\ude64\ud835\ude68 \ud835\ude59\ud835\ude5a \ud835\ude65\ud835\ude67\ud835\ude64\ud835\ude69\ud835\ude5a\ud835\ude58\ud835\ude58\ud835\ude5e\ud835\ude64\u0301\ud835\ude63, \ud835\ude65\ud835\ude67\ud835\ude64\ud835\ude5c\ud835\ude67\ud835\ude56\ud835\ude62\ud835\ude56 \ud835\ude62\ud835\ude6a\ud835\ude63\ud835\ude5e\ud835\ude58\ud835\ude5e\ud835\ude65\ud835\ude56\ud835\ude61 \u275e\ud835\ude3e\ud835\ude5d\ud835\ude5e\ud835\ude61\ud835\ude58\ud835\ude56 \ud835\ude51\ud835\ude5a\ud835\ude67\ud835\ude59\ud835\ude5a\u275e, \ud835\ude68\ud835\ude5e\ud835\ude5c\ud835\ude6a\ud835\ude5a \ud835\ude5a\ud835\ude63 \ud835\ude62\ud835\ude56\ud835\ude67\ud835\ude58\ud835\ude5d\ud835\ude56. Con la finalidad de fomentar y mejorar la limpieza de los espacios p\u00fablicos como calles, parques y bermas del distrito; la municipalidad distrital de Chilca, mediante la gerencia de servicios p\u00fablicos y medio ambiente, vienen recuperando&hellip;","_links":{"self":[{"href":"https:\/\/munichilca.gob.pe\/site\/wp-json\/wp\/v2\/posts\/18216","targetHints":{"allow":["GET"]}}],"collection":[{"href":"https:\/\/munichilca.gob.pe\/site\/wp-json\/wp\/v2\/posts"}],"about":[{"href":"https:\/\/munichilca.gob.pe\/site\/wp-json\/wp\/v2\/types\/post"}],"author":[{"embeddable":true,"href":"https:\/\/munichilca.gob.pe\/site\/wp-json\/wp\/v2\/users\/4"}],"replies":[{"embeddable":true,"href":"https:\/\/munichilca.gob.pe\/site\/wp-json\/wp\/v2\/comments?post=18216"}],"version-history":[{"count":0,"href":"https:\/\/munichilca.gob.pe\/site\/wp-json\/wp\/v2\/posts\/18216\/revisions"}],"wp:attachment":[{"href":"https:\/\/munichilca.gob.pe\/site\/wp-json\/wp\/v2\/media?parent=18216"}],"wp:term":[{"taxonomy":"category","embeddable":true,"href":"https:\/\/munichilca.gob.pe\/site\/wp-json\/wp\/v2\/categories?post=18216"},{"taxonomy":"post_tag","embeddable":true,"href":"https:\/\/munichilca.gob.pe\/site\/wp-json\/wp\/v2\/tags?post=18216"}],"curies":[{"name":"wp","href":"https:\/\/api.w.org\/{rel}","templated":true}]}}