{"id":18213,"date":"2023-09-14T11:35:14","date_gmt":"2023-09-14T11:35:14","guid":{"rendered":"https:\/\/munichilca.gob.pe\/site\/?p=7061"},"modified":"2023-09-14T11:35:14","modified_gmt":"2023-09-14T11:35:14","slug":"%f0%9d%97%a3%f0%9d%97%9f%f0%9d%97%94%f0%9d%97%a1%f0%9d%97%a7%f0%9d%97%94%f0%9d%97%a5%f0%9d%97%a2%f0%9d%97%a1-%f0%9d%97%98%f0%9d%97%a1-%f0%9d%97%98%f0%9d%97%9f-%f0%9d%97%a6%f0%9d%97%98%f0%9d%97%96","status":"publish","type":"post","link":"https:\/\/munichilca.gob.pe\/site\/2023\/09\/14\/%f0%9d%97%a3%f0%9d%97%9f%f0%9d%97%94%f0%9d%97%a1%f0%9d%97%a7%f0%9d%97%94%f0%9d%97%a5%f0%9d%97%a2%f0%9d%97%a1-%f0%9d%97%98%f0%9d%97%a1-%f0%9d%97%98%f0%9d%97%9f-%f0%9d%97%a6%f0%9d%97%98%f0%9d%97%96\/","title":{"rendered":"\ud835\udfee\ud835\udfec\ud835\udfec \u00c1\ud835\udde5\ud835\uddd5\ud835\udde2\ud835\udddf\ud835\uddd8\ud835\udde6 \ud835\uddd7\ud835\uddd8 \ud835\udde4\ud835\udde8\ud835\udddc\ud835\udde1\ud835\udde8\ud835\uddd4\ud835\udddf \ud835\udde6\ud835\uddd8 \ud835\udde3\ud835\udddf\ud835\uddd4\ud835\udde1\ud835\udde7\ud835\uddd4\ud835\udde5\ud835\udde2\ud835\udde1 \ud835\uddd8\ud835\udde1 \ud835\uddd8\ud835\udddf \ud835\udde6\ud835\uddd8\ud835\uddd6\ud835\udde7\ud835\udde2\ud835\udde5 \ud835\uddd7\ud835\uddd8 \ud835\udddb\ud835\udde8\ud835\udddc\ud835\uddd6\ud835\udddb\ud835\udde2 \ud835\uddd6\ud835\udde5\ud835\udde8\ud835\udded"},"content":{"rendered":"<p>\ud835\ude4b\ud835\ude64\ud835\ude67 \ud835\ude5a\ud835\ude61 \ud835\ude59\ud835\ude5e\u0301\ud835\ude56 \ud835\ude59\ud835\ude5a\ud835\ude61 \ud835\ude56\u0301\ud835\ude67\ud835\ude57\ud835\ude64\ud835\ude61, \ud835\ude58\ud835\ude64\ud835\ude62\ud835\ude6a\ud835\ude63\ud835\ude56 \ud835\ude59\ud835\ude5a \ud835\ude3e\ud835\ude5d\ud835\ude5e\ud835\ude61\ud835\ude58\ud835\ude56, \ud835\ude58\ud835\ude64\ud835\ude62\ud835\ude6a\ud835\ude63\ud835\ude5a\ud835\ude67\ud835\ude64\ud835\ude68 \ud835\ude6e \ud835\ude65\ud835\ude64\ud835\ude61\ud835\ude5e\ud835\ude58\ud835\ude5e\u0301\ud835\ude56\ud835\ude68, \ud835\ude67\ud835\ude5a\ud835\ude56\ud835\ude61\ud835\ude5e\ud835\ude6f\ud835\ude56\ud835\ude67\ud835\ude64\ud835\ude63 \ud835\ude5f\ud835\ude64\ud835\ude67\ud835\ude63\ud835\ude56\ud835\ude59\ud835\ude56.<\/p>\n<p>Con el prop\u00f3sito de hacer frente a la crisis clim\u00e1tica y mejorar la calidad de vida de la comunidad, la municipalidad distrital de Chilca, se sum\u00f3 a la \u201cII Gran Cruzada Verde Nacional\u201d por el d\u00eda del \u00e1rbol, organizada el \u00faltimo 1 de septiembre de 2023, por el ministerio del ambiente del Per\u00fa (MINAM), donde se logr\u00f3 sembrar 200 \u00e1rboles de Quinuales, actividad que se desarroll\u00f3 en el sector de Huicho Cruz en el distrito de Chilca.<\/p>\n<p>Esta meta se logr\u00f3 gracias al apoyo de alrededor de 50 comuneros voluntarios y con la alianza de la polic\u00eda nacional del Per\u00fa. En cada uno de estos lugares, se cont\u00f3 con la participaci\u00f3n de autoridades, funcionarios y representantes de la municipalidad de Chilca.<\/p>\n<p>Tras esta productiva campa\u00f1a, el sub gerente de servicios p\u00fablicos y medio ambiente, Ing. Richard Aquino Vivanco de la comuna de Chilca con el personal del MINAM, sumaron esfuerzos con el fin de sensibilizar a la ciudadan\u00eda y realizar acciones que contribuyan a la protecci\u00f3n y restauraci\u00f3n de la naturaleza.<\/p>\n<p>\u201cParticipar de esta jornada de sensibilizaci\u00f3n, concientizaci\u00f3n y compromiso, a trav\u00e9s de la plantaci\u00f3n de \u00e1rboles, es un motivo de orgullo, alegr\u00eda y esperanza. Esta ha sido una nueva oportunidad para demostrar con acciones el compromiso que tiene la poblaci\u00f3n chilquense con el cuidado del medio ambiente\u201d, manifest\u00f3 el funcionario edil.<\/p>\n<p>Esta \u201cII Gran Cruzada Verde Nacional\u201d por el d\u00eda del \u00e1rbol fue de suma importancia, pues promueve acciones de forestaci\u00f3n que mejoran la calidad del aire, as\u00ed como la vida de los ciudadanos. Adem\u00e1s, a trav\u00e9s de esta gran jornada, la municipalidad contribuy\u00f3 a la meta de plantar 1000 \u00e1rboles, a trav\u00e9s del programa municipal \u201cChilca Verde\u201d que sigue en marcha en el distrito sure\u00f1o.<\/p>\n","protected":false},"excerpt":{"rendered":"<p>\ud835\ude4b\ud835\ude64\ud835\ude67 \ud835\ude5a\ud835\ude61 \ud835\ude59\ud835\ude5e\u0301\ud835\ude56 \ud835\ude59\ud835\ude5a\ud835\ude61 \ud835\ude56\u0301\ud835\ude67\ud835\ude57\ud835\ude64\ud835\ude61, \ud835\ude58\ud835\ude64\ud835\ude62\ud835\ude6a\ud835\ude63\ud835\ude56 \ud835\ude59\ud835\ude5a \ud835\ude3e\ud835\ude5d\ud835\ude5e\ud835\ude61\ud835\ude58\ud835\ude56, \ud835\ude58\ud835\ude64\ud835\ude62\ud835\ude6a\ud835\ude63\ud835\ude5a\ud835\ude67\ud835\ude64\ud835\ude68 \ud835\ude6e \ud835\ude65\ud835\ude64\ud835\ude61\ud835\ude5e\ud835\ude58\ud835\ude5e\u0301\ud835\ude56\ud835\ude68, \ud835\ude67\ud835\ude5a\ud835\ude56\ud835\ude61\ud835\ude5e\ud835\ude6f\ud835\ude56\ud835\ude67\ud835\ude64\ud835\ude63 \ud835\ude5f\ud835\ude64\ud835\ude67\ud835\ude63\ud835\ude56\ud835\ude59\ud835\ude56. Con el prop\u00f3sito de hacer frente a la crisis clim\u00e1tica y mejorar la calidad de vida de la comunidad, la municipalidad distrital de Chilca, se sum\u00f3 a la \u201cII Gran Cruzada Verde Nacional\u201d por el d\u00eda del \u00e1rbol, organizada el \u00faltimo 1 [&hellip;]<\/p>\n","protected":false},"author":4,"featured_media":0,"comment_status":"closed","ping_status":"open","sticky":false,"template":"","format":"image","meta":{"footnotes":""},"categories":[25],"tags":[],"class_list":["post-18213","post","type-post","status-publish","format-image","hentry","category-noticias","post_format-post-format-image"],"blocksy_meta":[],"rttpg_featured_image_url":null,"rttpg_author":{"display_name":"JGUTARRA","author_link":"https:\/\/munichilca.gob.pe\/site\/author\/jgutarra\/"},"rttpg_comment":0,"rttpg_category":"<a href=\"https:\/\/munichilca.gob.pe\/site\/category\/noticias\/\" rel=\"category tag\">Noticias<\/a>","rttpg_excerpt":"\ud835\ude4b\ud835\ude64\ud835\ude67 \ud835\ude5a\ud835\ude61 \ud835\ude59\ud835\ude5e\u0301\ud835\ude56 \ud835\ude59\ud835\ude5a\ud835\ude61 \ud835\ude56\u0301\ud835\ude67\ud835\ude57\ud835\ude64\ud835\ude61, \ud835\ude58\ud835\ude64\ud835\ude62\ud835\ude6a\ud835\ude63\ud835\ude56 \ud835\ude59\ud835\ude5a \ud835\ude3e\ud835\ude5d\ud835\ude5e\ud835\ude61\ud835\ude58\ud835\ude56, \ud835\ude58\ud835\ude64\ud835\ude62\ud835\ude6a\ud835\ude63\ud835\ude5a\ud835\ude67\ud835\ude64\ud835\ude68 \ud835\ude6e \ud835\ude65\ud835\ude64\ud835\ude61\ud835\ude5e\ud835\ude58\ud835\ude5e\u0301\ud835\ude56\ud835\ude68, \ud835\ude67\ud835\ude5a\ud835\ude56\ud835\ude61\ud835\ude5e\ud835\ude6f\ud835\ude56\ud835\ude67\ud835\ude64\ud835\ude63 \ud835\ude5f\ud835\ude64\ud835\ude67\ud835\ude63\ud835\ude56\ud835\ude59\ud835\ude56. Con el prop\u00f3sito de hacer frente a la crisis clim\u00e1tica y mejorar la calidad de vida de la comunidad, la municipalidad distrital de Chilca, se sum\u00f3 a la \u201cII Gran Cruzada Verde Nacional\u201d por el d\u00eda del \u00e1rbol, organizada el \u00faltimo 1&hellip;","_links":{"self":[{"href":"https:\/\/munichilca.gob.pe\/site\/wp-json\/wp\/v2\/posts\/18213","targetHints":{"allow":["GET"]}}],"collection":[{"href":"https:\/\/munichilca.gob.pe\/site\/wp-json\/wp\/v2\/posts"}],"about":[{"href":"https:\/\/munichilca.gob.pe\/site\/wp-json\/wp\/v2\/types\/post"}],"author":[{"embeddable":true,"href":"https:\/\/munichilca.gob.pe\/site\/wp-json\/wp\/v2\/users\/4"}],"replies":[{"embeddable":true,"href":"https:\/\/munichilca.gob.pe\/site\/wp-json\/wp\/v2\/comments?post=18213"}],"version-history":[{"count":0,"href":"https:\/\/munichilca.gob.pe\/site\/wp-json\/wp\/v2\/posts\/18213\/revisions"}],"wp:attachment":[{"href":"https:\/\/munichilca.gob.pe\/site\/wp-json\/wp\/v2\/media?parent=18213"}],"wp:term":[{"taxonomy":"category","embeddable":true,"href":"https:\/\/munichilca.gob.pe\/site\/wp-json\/wp\/v2\/categories?post=18213"},{"taxonomy":"post_tag","embeddable":true,"href":"https:\/\/munichilca.gob.pe\/site\/wp-json\/wp\/v2\/tags?post=18213"}],"curies":[{"name":"wp","href":"https:\/\/api.w.org\/{rel}","templated":true}]}}