{"id":18104,"date":"2023-10-05T12:10:38","date_gmt":"2023-10-05T12:10:38","guid":{"rendered":"https:\/\/munichilca.gob.pe\/site\/?p=7231"},"modified":"2023-10-05T12:10:38","modified_gmt":"2023-10-05T12:10:38","slug":"%f0%9d%97%a9%f0%9d%97%9c%f0%9d%97%9a%f0%9d%97%9c%f0%9d%97%9f%f0%9d%97%94%f0%9d%97%a1%f0%9d%97%96%f0%9d%97%9c%f0%9d%97%94-%f0%9d%97%a3%f0%9d%97%94%f0%9d%97%a5%f0%9d%97%94-%f0%9d%97%a6%f0%9d%97%98","status":"publish","type":"post","link":"https:\/\/munichilca.gob.pe\/site\/2023\/10\/05\/%f0%9d%97%a9%f0%9d%97%9c%f0%9d%97%9a%f0%9d%97%9c%f0%9d%97%9f%f0%9d%97%94%f0%9d%97%a1%f0%9d%97%96%f0%9d%97%9c%f0%9d%97%94-%f0%9d%97%a3%f0%9d%97%94%f0%9d%97%a5%f0%9d%97%94-%f0%9d%97%a6%f0%9d%97%98\/","title":{"rendered":"\ud835\udde0\u00c1\ud835\udde6 \ud835\uddd6\u00c1\ud835\udde0\ud835\uddd4\ud835\udde5\ud835\uddd4\ud835\udde6 \ud835\uddd7\ud835\uddd8 \ud835\udde9\ud835\udddc\ud835\uddda\ud835\udddc\ud835\udddf\ud835\uddd4\ud835\udde1\ud835\uddd6\ud835\udddc\ud835\uddd4 \ud835\udde3\ud835\uddd4\ud835\udde5\ud835\uddd4 \ud835\udde6\ud835\uddd8\ud835\uddda\ud835\udde8\ud835\udde5\ud835\udddc\ud835\uddd7\ud835\uddd4\ud835\uddd7 \ud835\uddd6\ud835\udddc\ud835\udde8\ud835\uddd7\ud835\uddd4\ud835\uddd7\ud835\uddd4\ud835\udde1\ud835\uddd4 \ud835\uddd8\ud835\udde1 \ud835\uddd6\ud835\udddb\ud835\udddc\ud835\udddf\ud835\uddd6\ud835\uddd4"},"content":{"rendered":"<p>\ud835\ude44\ud835\ude63\ud835\ude5c\ud835\ude67\ud835\ude5a\ud835\ude68\ud835\ude64\ud835\ude68 \ud835\ude59\ud835\ude5a \ud835\ude61\ud835\ude56\ud835\ude68 \ud835\ude56\ud835\ude58\ud835\ude69\ud835\ude5e\ud835\ude6b\ud835\ude5e\ud835\ude59\ud835\ude56\ud835\ude59\ud835\ude5a\ud835\ude68 \ud835\ude59\ud835\ude5a\ud835\ude61 \ud835\ude5b\ud835\ude5a\ud835\ude68\ud835\ude69\ud835\ude5e\ud835\ude6b\ud835\ude56\ud835\ude61 \u275e\ud835\ude3e\ud835\ude5d\ud835\ude5e\ud835\ude61\ud835\ude58\ud835\ude56 \ud835\ude5b\ud835\ude5a\ud835\ude68\ud835\ude69 \ud835\ude65\ud835\ude67\ud835\ude5e\ud835\ude62\ud835\ude56\ud835\ude6b\ud835\ude5a\ud835\ude67\ud835\ude56 2023\u275e, \ud835\ude68\ud835\ude5a\ud835\ude67\ud835\ude6b\ud835\ude5e\ud835\ude67\ud835\ude56\u0301\ud835\ude63 \ud835\ude65\ud835\ude56\ud835\ude67\ud835\ude56 \ud835\ude61\ud835\ude56 \ud835\ude56\ud835\ude59\ud835\ude66\ud835\ude6a\ud835\ude5e\ud835\ude68\ud835\ude5e\ud835\ude58\ud835\ude5e\ud835\ude64\u0301\ud835\ude63 \ud835\ude59\ud835\ude5a \ud835\ude62\ud835\ude56\u0301\ud835\ude68 \ud835\ude58\ud835\ude56\u0301\ud835\ude62\ud835\ude56\ud835\ude67\ud835\ude56\ud835\ude68 \ud835\ude59\ud835\ude5a \ud835\ude6b\ud835\ude5e\ud835\ude59\ud835\ude5a\ud835\ude64 \ud835\ude6b\ud835\ude5e\ud835\ude5c\ud835\ude5e\ud835\ude61\ud835\ude56\ud835\ude63\ud835\ude58\ud835\ude5e\ud835\ude56.<\/p>\n<p>Como parte de una estrategia para fortalecer la prevenci\u00f3n del delito y generar una mayor capacidad de respuesta ante cualquier incidente, fortaleciendo el trabajo conjunto entre la unidad de serenazgo y la Polic\u00eda Nacional, a trav\u00e9s de herramientas tecnol\u00f3gicas de \u00faltima generaci\u00f3n; y en el marco de celebrar el d\u00eda de la primavera; la municipalidad distrital de Chilca organiza, \u201cEl Chilca Fest primavera 2023\u201d, evento a desarrollarse los d\u00edas 22, 23 y 24 de setiembre que tiene como finalidad convocar el turismo en el distrito, por ello habr\u00e1 diversas actividades culturales, art\u00edsticas y gastron\u00f3micas, donde se espera la masiva concurrencia de la poblaci\u00f3n y comerciantes al campo zonal de Coto Coto, cuyo costo de entrada por persona adulta, ser\u00e1 la suma de 2 soles; ingresos que en su totalidad servir\u00e1n para reforzar la seguridad ciudadana con la adquisici\u00f3n de c\u00e1maras de video vigilancia.<\/p>\n<p>Actividades donde se espera la asistencia de m\u00e1s de 40 mil turistas y visitantes, quienes al realizar el pago de sus entradas participar\u00e1n autom\u00e1ticamente de una rifa, donde los premios ser\u00e1n; 3 televisores Smart de 43 pulgadas y premios sorpresa los cuales ser\u00e1n sorteados cada d\u00eda durante los d\u00edas del festival.<\/p>\n<p>Entre las actividades a desarrollarse est\u00e1n, el gran pasacalle alusivo al d\u00eda de la primavera, la distribuci\u00f3n de la papa a la huanca\u00edna m\u00e1s grande del mundo, el certamen de belleza donde se coronar\u00e1 a la miss primavera 2023, la carrera de tricicleros y mototaxis, concurso de canto \u201cChilca tiene talento\u201d, concurso canino, la carrera de mozos, festival regional de artesan\u00eda agro industria y gastronom\u00eda, tardes folcl\u00f3ricas, el \u00e9xito de dicha actividad repercutir\u00e1 en la dinamizaci\u00f3n de la econom\u00eda del distrito.<\/p>\n<p>Estas c\u00e1maras se instalar\u00e1n en lugares estrat\u00e9gicos del distrito, a trav\u00e9s de postes exclusivos y estar\u00e1n interconectadas a trav\u00e9s una red de fibra \u00f3ptica de 45 kil\u00f3metros de extensi\u00f3n, que ser\u00e1 de propiedad de la comuna y estar\u00e1 conectada a los puestos de auxilio r\u00e1pido, y la unidad central de serenazgo.<\/p>\n","protected":false},"excerpt":{"rendered":"<p>\ud835\ude44\ud835\ude63\ud835\ude5c\ud835\ude67\ud835\ude5a\ud835\ude68\ud835\ude64\ud835\ude68 \ud835\ude59\ud835\ude5a \ud835\ude61\ud835\ude56\ud835\ude68 \ud835\ude56\ud835\ude58\ud835\ude69\ud835\ude5e\ud835\ude6b\ud835\ude5e\ud835\ude59\ud835\ude56\ud835\ude59\ud835\ude5a\ud835\ude68 \ud835\ude59\ud835\ude5a\ud835\ude61 \ud835\ude5b\ud835\ude5a\ud835\ude68\ud835\ude69\ud835\ude5e\ud835\ude6b\ud835\ude56\ud835\ude61 \u275e\ud835\ude3e\ud835\ude5d\ud835\ude5e\ud835\ude61\ud835\ude58\ud835\ude56 \ud835\ude5b\ud835\ude5a\ud835\ude68\ud835\ude69 \ud835\ude65\ud835\ude67\ud835\ude5e\ud835\ude62\ud835\ude56\ud835\ude6b\ud835\ude5a\ud835\ude67\ud835\ude56 2023\u275e, \ud835\ude68\ud835\ude5a\ud835\ude67\ud835\ude6b\ud835\ude5e\ud835\ude67\ud835\ude56\u0301\ud835\ude63 \ud835\ude65\ud835\ude56\ud835\ude67\ud835\ude56 \ud835\ude61\ud835\ude56 \ud835\ude56\ud835\ude59\ud835\ude66\ud835\ude6a\ud835\ude5e\ud835\ude68\ud835\ude5e\ud835\ude58\ud835\ude5e\ud835\ude64\u0301\ud835\ude63 \ud835\ude59\ud835\ude5a \ud835\ude62\ud835\ude56\u0301\ud835\ude68 \ud835\ude58\ud835\ude56\u0301\ud835\ude62\ud835\ude56\ud835\ude67\ud835\ude56\ud835\ude68 \ud835\ude59\ud835\ude5a \ud835\ude6b\ud835\ude5e\ud835\ude59\ud835\ude5a\ud835\ude64 \ud835\ude6b\ud835\ude5e\ud835\ude5c\ud835\ude5e\ud835\ude61\ud835\ude56\ud835\ude63\ud835\ude58\ud835\ude5e\ud835\ude56. Como parte de una estrategia para fortalecer la prevenci\u00f3n del delito y generar una mayor capacidad de respuesta ante cualquier incidente, fortaleciendo el trabajo conjunto entre la unidad de serenazgo y la Polic\u00eda Nacional, a [&hellip;]<\/p>\n","protected":false},"author":4,"featured_media":0,"comment_status":"closed","ping_status":"open","sticky":false,"template":"","format":"image","meta":{"footnotes":""},"categories":[25],"tags":[],"class_list":["post-18104","post","type-post","status-publish","format-image","hentry","category-noticias","post_format-post-format-image"],"blocksy_meta":[],"rttpg_featured_image_url":null,"rttpg_author":{"display_name":"JGUTARRA","author_link":"https:\/\/munichilca.gob.pe\/site\/author\/jgutarra\/"},"rttpg_comment":0,"rttpg_category":"<a href=\"https:\/\/munichilca.gob.pe\/site\/category\/noticias\/\" rel=\"category tag\">Noticias<\/a>","rttpg_excerpt":"\ud835\ude44\ud835\ude63\ud835\ude5c\ud835\ude67\ud835\ude5a\ud835\ude68\ud835\ude64\ud835\ude68 \ud835\ude59\ud835\ude5a \ud835\ude61\ud835\ude56\ud835\ude68 \ud835\ude56\ud835\ude58\ud835\ude69\ud835\ude5e\ud835\ude6b\ud835\ude5e\ud835\ude59\ud835\ude56\ud835\ude59\ud835\ude5a\ud835\ude68 \ud835\ude59\ud835\ude5a\ud835\ude61 \ud835\ude5b\ud835\ude5a\ud835\ude68\ud835\ude69\ud835\ude5e\ud835\ude6b\ud835\ude56\ud835\ude61 \u275e\ud835\ude3e\ud835\ude5d\ud835\ude5e\ud835\ude61\ud835\ude58\ud835\ude56 \ud835\ude5b\ud835\ude5a\ud835\ude68\ud835\ude69 \ud835\ude65\ud835\ude67\ud835\ude5e\ud835\ude62\ud835\ude56\ud835\ude6b\ud835\ude5a\ud835\ude67\ud835\ude56 2023\u275e, \ud835\ude68\ud835\ude5a\ud835\ude67\ud835\ude6b\ud835\ude5e\ud835\ude67\ud835\ude56\u0301\ud835\ude63 \ud835\ude65\ud835\ude56\ud835\ude67\ud835\ude56 \ud835\ude61\ud835\ude56 \ud835\ude56\ud835\ude59\ud835\ude66\ud835\ude6a\ud835\ude5e\ud835\ude68\ud835\ude5e\ud835\ude58\ud835\ude5e\ud835\ude64\u0301\ud835\ude63 \ud835\ude59\ud835\ude5a \ud835\ude62\ud835\ude56\u0301\ud835\ude68 \ud835\ude58\ud835\ude56\u0301\ud835\ude62\ud835\ude56\ud835\ude67\ud835\ude56\ud835\ude68 \ud835\ude59\ud835\ude5a \ud835\ude6b\ud835\ude5e\ud835\ude59\ud835\ude5a\ud835\ude64 \ud835\ude6b\ud835\ude5e\ud835\ude5c\ud835\ude5e\ud835\ude61\ud835\ude56\ud835\ude63\ud835\ude58\ud835\ude5e\ud835\ude56. Como parte de una estrategia para fortalecer la prevenci\u00f3n del delito y generar una mayor capacidad de respuesta ante cualquier incidente, fortaleciendo el trabajo conjunto entre la unidad de serenazgo y la Polic\u00eda Nacional, a&hellip;","_links":{"self":[{"href":"https:\/\/munichilca.gob.pe\/site\/wp-json\/wp\/v2\/posts\/18104","targetHints":{"allow":["GET"]}}],"collection":[{"href":"https:\/\/munichilca.gob.pe\/site\/wp-json\/wp\/v2\/posts"}],"about":[{"href":"https:\/\/munichilca.gob.pe\/site\/wp-json\/wp\/v2\/types\/post"}],"author":[{"embeddable":true,"href":"https:\/\/munichilca.gob.pe\/site\/wp-json\/wp\/v2\/users\/4"}],"replies":[{"embeddable":true,"href":"https:\/\/munichilca.gob.pe\/site\/wp-json\/wp\/v2\/comments?post=18104"}],"version-history":[{"count":0,"href":"https:\/\/munichilca.gob.pe\/site\/wp-json\/wp\/v2\/posts\/18104\/revisions"}],"wp:attachment":[{"href":"https:\/\/munichilca.gob.pe\/site\/wp-json\/wp\/v2\/media?parent=18104"}],"wp:term":[{"taxonomy":"category","embeddable":true,"href":"https:\/\/munichilca.gob.pe\/site\/wp-json\/wp\/v2\/categories?post=18104"},{"taxonomy":"post_tag","embeddable":true,"href":"https:\/\/munichilca.gob.pe\/site\/wp-json\/wp\/v2\/tags?post=18104"}],"curies":[{"name":"wp","href":"https:\/\/api.w.org\/{rel}","templated":true}]}}