{"id":18097,"date":"2023-10-06T09:36:54","date_gmt":"2023-10-06T09:36:54","guid":{"rendered":"https:\/\/munichilca.gob.pe\/site\/?p=7436"},"modified":"2023-10-06T09:36:54","modified_gmt":"2023-10-06T09:36:54","slug":"%f0%9d%97%97%f0%9d%97%98%f0%9d%97%a6%f0%9d%97%94%f0%9d%97%9f%f0%9d%97%a2%f0%9d%97%9d%f0%9d%97%94%f0%9d%97%a1-%f0%9d%97%94-%f0%9d%97%96%f0%9d%97%94%f0%9d%97%96%f0%9d%97%9b%f0%9d%97%9c%f0%9d%97%a1","status":"publish","type":"post","link":"https:\/\/munichilca.gob.pe\/site\/2023\/10\/06\/%f0%9d%97%97%f0%9d%97%98%f0%9d%97%a6%f0%9d%97%94%f0%9d%97%9f%f0%9d%97%a2%f0%9d%97%9d%f0%9d%97%94%f0%9d%97%a1-%f0%9d%97%94-%f0%9d%97%96%f0%9d%97%94%f0%9d%97%96%f0%9d%97%9b%f0%9d%97%9c%f0%9d%97%a1\/","title":{"rendered":"\ud835\uddd7\ud835\uddd8\ud835\udde6\ud835\uddd4\ud835\udddf\ud835\udde2\ud835\udddd\ud835\uddd4\ud835\udde1 \ud835\uddd4 \ud835\uddd6\ud835\uddd4\ud835\uddd6\ud835\udddb\ud835\udddc\ud835\udde1\ud835\uddd8\ud835\udde5\ud835\udde2\ud835\udde6, \ud835\udde4\ud835\udde8\ud835\uddd8 \ud835\udde2\ud835\uddd6\ud835\udde8\ud835\udde3\ud835\uddd4\ud835\uddd5\ud835\uddd4\ud835\udde1 \ud835\uddd6\ud835\uddd4\ud835\udde0\ud835\udde3\ud835\udde2 \ud835\uddd7\ud835\uddd8\ud835\udde3\ud835\udde2\ud835\udde5\ud835\udde7\ud835\udddc\ud835\udde9\ud835\udde2 \ud835\uddec \ud835\udde9\u00cd\ud835\uddd4\ud835\udde6 \ud835\uddd7\ud835\uddd8\ud835\udddf \ud835\udddd\ud835\udddc\ud835\udde5\u00d3\ud835\udde1 \ud835\uddd9\ud835\udddf\ud835\udde2\ud835\udde5\ud835\udddc\ud835\uddd7\ud835\uddd4"},"content":{"rendered":"<p>\ud835\ude3e\ud835\ude64\ud835\ude62\ud835\ude5a\ud835\ude67\ud835\ude58\ud835\ude5e\ud835\ude56\ud835\ude63\ud835\ude69\ud835\ude5a\ud835\ude68 \ud835\ude59\ud835\ude5a \ud835\ude56\ud835\ude67\ud835\ude69\ud835\ude5e\u0301\ud835\ude58\ud835\ude6a\ud835\ude61\ud835\ude64\ud835\ude68 \ud835\ude67\ud835\ude5a\ud835\ude65\ud835\ude64\ud835\ude69\ud835\ude5a\ud835\ude63\ud835\ude58\ud835\ude5e\ud835\ude56\ud835\ude59\ud835\ude64\ud835\ude68 \ud835\ude6a\ud835\ude68\ud835\ude56\ud835\ude57\ud835\ude56\ud835\ude63 \ud835\ude6b\ud835\ude5e\u0301\ud835\ude56 \ud835\ude65\ud835\ude6a\u0301\ud835\ude57\ud835\ude61\ud835\ude5e\ud835\ude58\ud835\ude56 \ud835\ude65\ud835\ude56\ud835\ude67\ud835\ude56 \ud835\ude6b\ud835\ude5a\ud835\ude63\ud835\ude59\ud835\ude5a\ud835\ude67, \ud835\ude5c\ud835\ude5a\ud835\ude63\ud835\ude5a\ud835\ude67\ud835\ude56\ud835\ude63\ud835\ude59\ud835\ude64 \ud835\ude62\ud835\ude56\ud835\ude61\ud835\ude5a\ud835\ude68\ud835\ude69\ud835\ude56\ud835\ude67 \ud835\ude5a\ud835\ude63 \ud835\ude61\ud835\ude64\ud835\ude68 \ud835\ude6b\ud835\ude5a\ud835\ude58\ud835\ude5e\ud835\ude63\ud835\ude64\ud835\ude68.<\/p>\n<p>En el marco del plan de control de los espacios p\u00fablicos, la Municipalidad Distrital de Chilca contin\u00faa trabajando para garantizar el orden en estos espacios, as\u00ed como el bienestar y seguridad de todas las personas; es as\u00ed que, en horas de la ma\u00f1ana, el personal de la Gerencia de Desarrollo Econ\u00f3mico y el \u00e1rea de fiscalizaci\u00f3n realizaron una visita inopinada a un establecimiento donde almacenaban y comercializaban art\u00edculos repotenciados.<br \/>\nEn un trabajo conjunto entre gerencias, la comuna de Chilca notific\u00f3 a los establecimientos de reciclaje ubicados en el Jr. Florida 640, donde adem\u00e1s de laborar sin licencia de funcionamiento, presentaban un alto riesgo para los vecinos y transe\u00fantes, quienes usaban parte del campo deportivo para almacenar sus costales llenos de botellas de pl\u00e1stico.<\/p>\n<p>El personal de defensa civil, tambi\u00e9n realiz\u00f3 la inspecci\u00f3n, notificando a los propietarios ya que el establecimiento no contaba con el certificado de Inspecci\u00f3n T\u00e9cnica de Seguridad en Edificaciones (ITSE).<br \/>\nEl gerente de desarrollo econ\u00f3mico, Hugo Bustamante, record\u00f3 que no existe autorizaci\u00f3n para este tipo de giros en la zona urbana, por el alto riesgo que representan, \u201cDe no reubicarse se proceder\u00e1 con el decomiso y de reincidir en estas faltas se aplicar\u00e1 las infracciones de acuerdo a la ordenanza municipal, la intenci\u00f3n es sensibilizar, notificar y sancionar, pero tambi\u00e9n educar y hacer entender a las personas que no deben utilizar el espacio p\u00fablico como parte de su negocio\u00bb.<\/p>\n<p>\u201cSe est\u00e1 limpiando y decomisando aquellos bienes que ocupan la v\u00eda sin ning\u00fan permiso. Vamos a estar patrullando constantemente con nuestros veh\u00edculos para decomisar todo aquello que est\u00e9 indebidamente en la v\u00eda p\u00fablica. En este caso, vamos a dejar personal ac\u00e1\u201d, finaliz\u00f3 Bustamante Toscano.<br \/>\nLos vecinos de las inmediaciones saludaron el operativo de desalojo, al asegurar que los recicladores y cachineros no solo bloqueaban la v\u00eda, sino que perturbaban la tranquilidad del barrio haciendo bulla hasta altas horas de la noche dejando los espacios lleno de basura.<\/p>\n","protected":false},"excerpt":{"rendered":"<p>\ud835\ude3e\ud835\ude64\ud835\ude62\ud835\ude5a\ud835\ude67\ud835\ude58\ud835\ude5e\ud835\ude56\ud835\ude63\ud835\ude69\ud835\ude5a\ud835\ude68 \ud835\ude59\ud835\ude5a \ud835\ude56\ud835\ude67\ud835\ude69\ud835\ude5e\u0301\ud835\ude58\ud835\ude6a\ud835\ude61\ud835\ude64\ud835\ude68 \ud835\ude67\ud835\ude5a\ud835\ude65\ud835\ude64\ud835\ude69\ud835\ude5a\ud835\ude63\ud835\ude58\ud835\ude5e\ud835\ude56\ud835\ude59\ud835\ude64\ud835\ude68 \ud835\ude6a\ud835\ude68\ud835\ude56\ud835\ude57\ud835\ude56\ud835\ude63 \ud835\ude6b\ud835\ude5e\u0301\ud835\ude56 \ud835\ude65\ud835\ude6a\u0301\ud835\ude57\ud835\ude61\ud835\ude5e\ud835\ude58\ud835\ude56 \ud835\ude65\ud835\ude56\ud835\ude67\ud835\ude56 \ud835\ude6b\ud835\ude5a\ud835\ude63\ud835\ude59\ud835\ude5a\ud835\ude67, \ud835\ude5c\ud835\ude5a\ud835\ude63\ud835\ude5a\ud835\ude67\ud835\ude56\ud835\ude63\ud835\ude59\ud835\ude64 \ud835\ude62\ud835\ude56\ud835\ude61\ud835\ude5a\ud835\ude68\ud835\ude69\ud835\ude56\ud835\ude67 \ud835\ude5a\ud835\ude63 \ud835\ude61\ud835\ude64\ud835\ude68 \ud835\ude6b\ud835\ude5a\ud835\ude58\ud835\ude5e\ud835\ude63\ud835\ude64\ud835\ude68. En el marco del plan de control de los espacios p\u00fablicos, la Municipalidad Distrital de Chilca contin\u00faa trabajando para garantizar el orden en estos espacios, as\u00ed como el bienestar y seguridad de todas las personas; es as\u00ed que, en horas de [&hellip;]<\/p>\n","protected":false},"author":4,"featured_media":0,"comment_status":"closed","ping_status":"open","sticky":false,"template":"","format":"image","meta":{"footnotes":""},"categories":[25],"tags":[],"class_list":["post-18097","post","type-post","status-publish","format-image","hentry","category-noticias","post_format-post-format-image"],"blocksy_meta":[],"rttpg_featured_image_url":null,"rttpg_author":{"display_name":"JGUTARRA","author_link":"https:\/\/munichilca.gob.pe\/site\/author\/jgutarra\/"},"rttpg_comment":0,"rttpg_category":"<a href=\"https:\/\/munichilca.gob.pe\/site\/category\/noticias\/\" rel=\"category tag\">Noticias<\/a>","rttpg_excerpt":"\ud835\ude3e\ud835\ude64\ud835\ude62\ud835\ude5a\ud835\ude67\ud835\ude58\ud835\ude5e\ud835\ude56\ud835\ude63\ud835\ude69\ud835\ude5a\ud835\ude68 \ud835\ude59\ud835\ude5a \ud835\ude56\ud835\ude67\ud835\ude69\ud835\ude5e\u0301\ud835\ude58\ud835\ude6a\ud835\ude61\ud835\ude64\ud835\ude68 \ud835\ude67\ud835\ude5a\ud835\ude65\ud835\ude64\ud835\ude69\ud835\ude5a\ud835\ude63\ud835\ude58\ud835\ude5e\ud835\ude56\ud835\ude59\ud835\ude64\ud835\ude68 \ud835\ude6a\ud835\ude68\ud835\ude56\ud835\ude57\ud835\ude56\ud835\ude63 \ud835\ude6b\ud835\ude5e\u0301\ud835\ude56 \ud835\ude65\ud835\ude6a\u0301\ud835\ude57\ud835\ude61\ud835\ude5e\ud835\ude58\ud835\ude56 \ud835\ude65\ud835\ude56\ud835\ude67\ud835\ude56 \ud835\ude6b\ud835\ude5a\ud835\ude63\ud835\ude59\ud835\ude5a\ud835\ude67, \ud835\ude5c\ud835\ude5a\ud835\ude63\ud835\ude5a\ud835\ude67\ud835\ude56\ud835\ude63\ud835\ude59\ud835\ude64 \ud835\ude62\ud835\ude56\ud835\ude61\ud835\ude5a\ud835\ude68\ud835\ude69\ud835\ude56\ud835\ude67 \ud835\ude5a\ud835\ude63 \ud835\ude61\ud835\ude64\ud835\ude68 \ud835\ude6b\ud835\ude5a\ud835\ude58\ud835\ude5e\ud835\ude63\ud835\ude64\ud835\ude68. En el marco del plan de control de los espacios p\u00fablicos, la Municipalidad Distrital de Chilca contin\u00faa trabajando para garantizar el orden en estos espacios, as\u00ed como el bienestar y seguridad de todas las personas; es as\u00ed que, en horas de&hellip;","_links":{"self":[{"href":"https:\/\/munichilca.gob.pe\/site\/wp-json\/wp\/v2\/posts\/18097","targetHints":{"allow":["GET"]}}],"collection":[{"href":"https:\/\/munichilca.gob.pe\/site\/wp-json\/wp\/v2\/posts"}],"about":[{"href":"https:\/\/munichilca.gob.pe\/site\/wp-json\/wp\/v2\/types\/post"}],"author":[{"embeddable":true,"href":"https:\/\/munichilca.gob.pe\/site\/wp-json\/wp\/v2\/users\/4"}],"replies":[{"embeddable":true,"href":"https:\/\/munichilca.gob.pe\/site\/wp-json\/wp\/v2\/comments?post=18097"}],"version-history":[{"count":0,"href":"https:\/\/munichilca.gob.pe\/site\/wp-json\/wp\/v2\/posts\/18097\/revisions"}],"wp:attachment":[{"href":"https:\/\/munichilca.gob.pe\/site\/wp-json\/wp\/v2\/media?parent=18097"}],"wp:term":[{"taxonomy":"category","embeddable":true,"href":"https:\/\/munichilca.gob.pe\/site\/wp-json\/wp\/v2\/categories?post=18097"},{"taxonomy":"post_tag","embeddable":true,"href":"https:\/\/munichilca.gob.pe\/site\/wp-json\/wp\/v2\/tags?post=18097"}],"curies":[{"name":"wp","href":"https:\/\/api.w.org\/{rel}","templated":true}]}}