{"id":18029,"date":"2023-10-23T10:02:03","date_gmt":"2023-10-23T10:02:03","guid":{"rendered":"https:\/\/munichilca.gob.pe\/site\/?p=7621"},"modified":"2023-10-23T10:02:03","modified_gmt":"2023-10-23T10:02:03","slug":"%f0%9d%97%a0a%f0%9d%97%a6-%f0%9d%97%97%f0%9d%97%98-%f0%9d%9f%ad%f0%9d%9f%ac%f0%9d%9f%ac-%f0%9d%97%a3%f0%9d%97%94%f0%9d%97%a5%f0%9d%97%98%f0%9d%97%9d%f0%9d%97%94%f0%9d%97%a6-%f0%9d%97%a6%f0%9d%97%98","status":"publish","type":"post","link":"https:\/\/munichilca.gob.pe\/site\/2023\/10\/23\/%f0%9d%97%a0a%f0%9d%97%a6-%f0%9d%97%97%f0%9d%97%98-%f0%9d%9f%ad%f0%9d%9f%ac%f0%9d%9f%ac-%f0%9d%97%a3%f0%9d%97%94%f0%9d%97%a5%f0%9d%97%98%f0%9d%97%9d%f0%9d%97%94%f0%9d%97%a6-%f0%9d%97%a6%f0%9d%97%98\/","title":{"rendered":"\ud835\udde0\u00c1\ud835\udde6 \ud835\uddd7\ud835\uddd8 \ud835\udfed\ud835\udfec\ud835\udfec \ud835\udde3\ud835\uddd4\ud835\udde5\ud835\uddd8\ud835\udddd\ud835\uddd4\ud835\udde6 \ud835\udde6\ud835\uddd8 \ud835\uddd7\ud835\udddc\ud835\uddd8\ud835\udde5\ud835\udde2\ud835\udde1 \ud835\uddd8\ud835\udddf \ud835\udde6\ud835\udddc \ud835\uddd8\ud835\udde1 \ud835\uddd8\ud835\udddf \ud835\udde0\ud835\uddd4\ud835\udde7\ud835\udde5\ud835\udddc\ud835\udde0\ud835\udde2\ud835\udde1\ud835\udddc\ud835\udde2 \ud835\uddd6\ud835\udddc\ud835\udde9\ud835\udddc\ud835\udddf \ud835\udde0\ud835\uddd4\ud835\udde6\ud835\udddc\ud835\udde9\ud835\udde2 \ud835\uddd8\ud835\udde1 \ud835\uddd6\ud835\udddb\ud835\udddc\ud835\udddf\ud835\uddd6\ud835\uddd4"},"content":{"rendered":"<p>\ud835\ude3e\ud835\ude64\ud835\ude63 \ud835\ude5a\ud835\ude62\ud835\ude64\ud835\ude58\ud835\ude5e\ud835\ude64\u0301\ud835\ude63 \ud835\ude61\ud835\ude64\ud835\ude68 \ud835\ude67\ud835\ude5a\ud835\ude58\ud835\ude5e\ud835\ude5a\u0301\ud835\ude63 \ud835\ude58\ud835\ude56\ud835\ude68\ud835\ude56\ud835\ude59\ud835\ude64\ud835\ude68 \ud835\ude58\ud835\ude5a\ud835\ude61\ud835\ude5a\ud835\ude57\ud835\ude67\ud835\ude56\ud835\ude67\ud835\ude64\ud835\ude63 \ud835\ude6a\ud835\ude63\ud835\ude5e\ud835\ude64\u0301\ud835\ude63, \ud835\ude5a\ud835\ude63 \ud835\ude58\ud835\ude64\ud835\ude62\ud835\ude65\ud835\ude56\ud835\ude63\u0303\ud835\ude5e\u0301\ud835\ude56 \ud835\ude59\ud835\ude5a \ud835\ude68\ud835\ude6a\ud835\ude68 \ud835\ude56\ud835\ude62\ud835\ude5e\ud835\ude5c\ud835\ude64\ud835\ude68 \ud835\ude6e \ud835\ude5b\ud835\ude56\ud835\ude62\ud835\ude5e\ud835\ude61\ud835\ude5e\ud835\ude56\ud835\ude67\ud835\ude5a\ud835\ude68.<\/p>\n<p>Esperado evento que servi\u00f3 para fortalecer y consolidar la uni\u00f3n familiar, donde la Municipalidad Distrital de Chilca, a trav\u00e9s del \u00e1rea de registrador civil de la comuna, Samuel Ticllacuri Huam\u00e1n, uni\u00f3 a los contrayentes de todas las edades mayores de edad, en el matrimonio civil masivo \u00abKuyanakuy Chilca 2023\u00bb, que se llevo a cabo en el local de recepciones Mil Maravillas, las parejas vivieron momentos de emoci\u00f3n cuando se dieron el tan esperado \u00absi acepto\u00bb, donde m\u00e1s de una pareja se pusieron nerviosos.<\/p>\n<p>En total fueron m\u00e1s de 100 parejas, quienes legalizaron su relaci\u00f3n, y se consolidaron como una familia debidamente constituida, protegida por el estado y la sociedad, contribuyendo a su prosperidad moral y econ\u00f3mica.<\/p>\n<p>Cabe resaltar que el matrimonio civil masivo \u201cKuyanakuy Chilca 2023\u201d, se realiz\u00f3 totalmente gratis, donde los reci\u00e9n casados disfrutaron de una inicial sesi\u00f3n de fotos, inmensas tortas, premios y regalos sorpresa, donde tambi\u00e9n se sortearon un televisor de 65 pulgadas, una cocina de 6 hornillas y un horno microondas; a la vez bailaron el tradicional Danubio Azul, con la presentaci\u00f3n de la \u201cBanda Pap\u00e1 Sinf\u00f3nica Huarochirana\u201d y el \u00abGrupo Tropical Alegr\u00eda\u201d, a esto se sum\u00f3 los regalos sorpresa para las parejas que se presentar\u00f3n con disfraces t\u00edpicos y tradicionales.<\/p>\n<p>A su turno, la primera autoridad edil del distrito, Ces\u00e1r Damas quien personalmente entreg\u00f3 los regalos a los contrayentes a ritmo de la tradicional \u00abpalpa\u00bb, enfatiz\u00f3,<br \/>\n\u00abfue una oportunidad para que las parejas puedan formalizar su uni\u00f3n legalmente, nuestro fin es que las familias se fortalezcan porque son la base de la sociedad, y sobre todo que la felicidad desborde en sus hogares\u00bb.<\/p>\n<p>Lo m\u00e1s resaltante de esta ceremonia fue la pareja Melvin De la Cruz Chanco y Karina Aponte Huam\u00e1n de 20 y 21 a\u00f1os de edad, quienes fueron los m\u00e1s j\u00f3venes, y la pareja denominada \u00ab40 y 20\u00bb se trat\u00f3 de Sixto Alania Le\u00f3n y Ana Gutierrez Gonz\u00e1les de 65 y 45 a\u00f1os, entre las parejas resaltaron tambi\u00e9n la uni\u00f3n de Ces\u00e1r Illanes de nacionalidad peruana y Maria Reinoso del pa\u00eds de Argentina, donde todos ellos se llevaron fuertes aplausos de los asistentes.<\/p>\n<p>Por otra parte dos reci\u00e9n casados se vistieron con trajes t\u00edpicos de Huancavelica y Puno, quienes recibieron regalos por parte de las autoridades.<\/p>\n","protected":false},"excerpt":{"rendered":"<p>\ud835\ude3e\ud835\ude64\ud835\ude63 \ud835\ude5a\ud835\ude62\ud835\ude64\ud835\ude58\ud835\ude5e\ud835\ude64\u0301\ud835\ude63 \ud835\ude61\ud835\ude64\ud835\ude68 \ud835\ude67\ud835\ude5a\ud835\ude58\ud835\ude5e\ud835\ude5a\u0301\ud835\ude63 \ud835\ude58\ud835\ude56\ud835\ude68\ud835\ude56\ud835\ude59\ud835\ude64\ud835\ude68 \ud835\ude58\ud835\ude5a\ud835\ude61\ud835\ude5a\ud835\ude57\ud835\ude67\ud835\ude56\ud835\ude67\ud835\ude64\ud835\ude63 \ud835\ude6a\ud835\ude63\ud835\ude5e\ud835\ude64\u0301\ud835\ude63, \ud835\ude5a\ud835\ude63 \ud835\ude58\ud835\ude64\ud835\ude62\ud835\ude65\ud835\ude56\ud835\ude63\u0303\ud835\ude5e\u0301\ud835\ude56 \ud835\ude59\ud835\ude5a \ud835\ude68\ud835\ude6a\ud835\ude68 \ud835\ude56\ud835\ude62\ud835\ude5e\ud835\ude5c\ud835\ude64\ud835\ude68 \ud835\ude6e \ud835\ude5b\ud835\ude56\ud835\ude62\ud835\ude5e\ud835\ude61\ud835\ude5e\ud835\ude56\ud835\ude67\ud835\ude5a\ud835\ude68. Esperado evento que servi\u00f3 para fortalecer y consolidar la uni\u00f3n familiar, donde la Municipalidad Distrital de Chilca, a trav\u00e9s del \u00e1rea de registrador civil de la comuna, Samuel Ticllacuri Huam\u00e1n, uni\u00f3 a los contrayentes de todas las edades mayores de edad, [&hellip;]<\/p>\n","protected":false},"author":4,"featured_media":18032,"comment_status":"closed","ping_status":"open","sticky":false,"template":"","format":"image","meta":{"footnotes":""},"categories":[25],"tags":[],"class_list":["post-18029","post","type-post","status-publish","format-image","has-post-thumbnail","hentry","category-noticias","post_format-post-format-image"],"blocksy_meta":[],"rttpg_featured_image_url":{"full":["https:\/\/munichilca.gob.pe\/site\/wp-content\/uploads\/2023\/10\/WhatsApp-Image-2023-10-21-at-11.51.37-AM.jpeg",1599,1066,false],"landscape":["https:\/\/munichilca.gob.pe\/site\/wp-content\/uploads\/2023\/10\/WhatsApp-Image-2023-10-21-at-11.51.37-AM.jpeg",1599,1066,false],"portraits":["https:\/\/munichilca.gob.pe\/site\/wp-content\/uploads\/2023\/10\/WhatsApp-Image-2023-10-21-at-11.51.37-AM.jpeg",1599,1066,false],"thumbnail":["https:\/\/munichilca.gob.pe\/site\/wp-content\/uploads\/2023\/10\/WhatsApp-Image-2023-10-21-at-11.51.37-AM-150x150.jpeg",150,150,true],"medium":["https:\/\/munichilca.gob.pe\/site\/wp-content\/uploads\/2023\/10\/WhatsApp-Image-2023-10-21-at-11.51.37-AM-300x200.jpeg",300,200,true],"large":["https:\/\/munichilca.gob.pe\/site\/wp-content\/uploads\/2023\/10\/WhatsApp-Image-2023-10-21-at-11.51.37-AM-1024x683.jpeg",1024,683,true],"1536x1536":["https:\/\/munichilca.gob.pe\/site\/wp-content\/uploads\/2023\/10\/WhatsApp-Image-2023-10-21-at-11.51.37-AM-1536x1024.jpeg",1536,1024,true],"2048x2048":["https:\/\/munichilca.gob.pe\/site\/wp-content\/uploads\/2023\/10\/WhatsApp-Image-2023-10-21-at-11.51.37-AM.jpeg",1599,1066,false],"tp-image-grid":["https:\/\/munichilca.gob.pe\/site\/wp-content\/uploads\/2023\/10\/WhatsApp-Image-2023-10-21-at-11.51.37-AM-700x700.jpeg",700,700,true]},"rttpg_author":{"display_name":"JGUTARRA","author_link":"https:\/\/munichilca.gob.pe\/site\/author\/jgutarra\/"},"rttpg_comment":0,"rttpg_category":"<a href=\"https:\/\/munichilca.gob.pe\/site\/category\/noticias\/\" rel=\"category tag\">Noticias<\/a>","rttpg_excerpt":"\ud835\ude3e\ud835\ude64\ud835\ude63 \ud835\ude5a\ud835\ude62\ud835\ude64\ud835\ude58\ud835\ude5e\ud835\ude64\u0301\ud835\ude63 \ud835\ude61\ud835\ude64\ud835\ude68 \ud835\ude67\ud835\ude5a\ud835\ude58\ud835\ude5e\ud835\ude5a\u0301\ud835\ude63 \ud835\ude58\ud835\ude56\ud835\ude68\ud835\ude56\ud835\ude59\ud835\ude64\ud835\ude68 \ud835\ude58\ud835\ude5a\ud835\ude61\ud835\ude5a\ud835\ude57\ud835\ude67\ud835\ude56\ud835\ude67\ud835\ude64\ud835\ude63 \ud835\ude6a\ud835\ude63\ud835\ude5e\ud835\ude64\u0301\ud835\ude63, \ud835\ude5a\ud835\ude63 \ud835\ude58\ud835\ude64\ud835\ude62\ud835\ude65\ud835\ude56\ud835\ude63\u0303\ud835\ude5e\u0301\ud835\ude56 \ud835\ude59\ud835\ude5a \ud835\ude68\ud835\ude6a\ud835\ude68 \ud835\ude56\ud835\ude62\ud835\ude5e\ud835\ude5c\ud835\ude64\ud835\ude68 \ud835\ude6e \ud835\ude5b\ud835\ude56\ud835\ude62\ud835\ude5e\ud835\ude61\ud835\ude5e\ud835\ude56\ud835\ude67\ud835\ude5a\ud835\ude68. Esperado evento que servi\u00f3 para fortalecer y consolidar la uni\u00f3n familiar, donde la Municipalidad Distrital de Chilca, a trav\u00e9s del \u00e1rea de registrador civil de la comuna, Samuel Ticllacuri Huam\u00e1n, uni\u00f3 a los contrayentes de todas las edades mayores de edad,&hellip;","_links":{"self":[{"href":"https:\/\/munichilca.gob.pe\/site\/wp-json\/wp\/v2\/posts\/18029","targetHints":{"allow":["GET"]}}],"collection":[{"href":"https:\/\/munichilca.gob.pe\/site\/wp-json\/wp\/v2\/posts"}],"about":[{"href":"https:\/\/munichilca.gob.pe\/site\/wp-json\/wp\/v2\/types\/post"}],"author":[{"embeddable":true,"href":"https:\/\/munichilca.gob.pe\/site\/wp-json\/wp\/v2\/users\/4"}],"replies":[{"embeddable":true,"href":"https:\/\/munichilca.gob.pe\/site\/wp-json\/wp\/v2\/comments?post=18029"}],"version-history":[{"count":0,"href":"https:\/\/munichilca.gob.pe\/site\/wp-json\/wp\/v2\/posts\/18029\/revisions"}],"wp:featuredmedia":[{"embeddable":true,"href":"https:\/\/munichilca.gob.pe\/site\/wp-json\/wp\/v2\/media\/18032"}],"wp:attachment":[{"href":"https:\/\/munichilca.gob.pe\/site\/wp-json\/wp\/v2\/media?parent=18029"}],"wp:term":[{"taxonomy":"category","embeddable":true,"href":"https:\/\/munichilca.gob.pe\/site\/wp-json\/wp\/v2\/categories?post=18029"},{"taxonomy":"post_tag","embeddable":true,"href":"https:\/\/munichilca.gob.pe\/site\/wp-json\/wp\/v2\/tags?post=18029"}],"curies":[{"name":"wp","href":"https:\/\/api.w.org\/{rel}","templated":true}]}}