{"id":17992,"date":"2023-10-26T09:36:35","date_gmt":"2023-10-26T09:36:35","guid":{"rendered":"https:\/\/munichilca.gob.pe\/site\/?p=7683"},"modified":"2023-10-26T09:36:35","modified_gmt":"2023-10-26T09:36:35","slug":"%f0%9d%97%94%f0%9d%97%9f%f0%9d%97%96%f0%9d%97%94%f0%9d%97%9f%f0%9d%97%97%f0%9d%97%98-%f0%9d%97%97%f0%9d%97%94%f0%9d%97%a0%f0%9d%97%94%f0%9d%97%a6-8","status":"publish","type":"post","link":"https:\/\/munichilca.gob.pe\/site\/2023\/10\/26\/%f0%9d%97%94%f0%9d%97%9f%f0%9d%97%96%f0%9d%97%94%f0%9d%97%9f%f0%9d%97%97%f0%9d%97%98-%f0%9d%97%97%f0%9d%97%94%f0%9d%97%a0%f0%9d%97%94%f0%9d%97%a6-8\/","title":{"rendered":"\ud835\uddd4\ud835\udddf\ud835\uddd6\ud835\uddd4\ud835\udddf\ud835\uddd7\ud835\uddd8 \ud835\uddd7\ud835\uddd4\ud835\udde0\ud835\uddd4\ud835\udde6 \ud835\uddda\ud835\uddd8\ud835\udde6\ud835\udde7\ud835\udddc\ud835\udde2\ud835\udde1\ud835\uddd4 \ud835\uddd6\ud835\udde2\ud835\udde1\ud835\udde7\ud835\uddd8\ud835\udde1\ud835\uddd8\ud835\uddd7\ud835\udde2\ud835\udde5\ud835\uddd8\ud835\udde6 \ud835\uddd7\ud835\uddd8 \ud835\uddd4\ud835\uddda\ud835\udde8\ud835\uddd4 \ud835\udde3\ud835\udde2\ud835\udde7\ud835\uddd4\ud835\uddd5\ud835\udddf\ud835\uddd8 \ud835\udde3\ud835\uddd4\ud835\udde5\ud835\uddd4 \ud835\uddd6\ud835\udddb\ud835\udddc\ud835\udddf\ud835\uddd6\ud835\uddd4 \ud835\uddd4\ud835\udddf\ud835\udde7\ud835\uddd4"},"content":{"rendered":"<p>\ud835\ude3e\ud835\ude64\ud835\ude63\ud835\ude69\ud835\ude5a\ud835\ude63\ud835\ude5a\ud835\ude59\ud835\ude64\ud835\ude67\ud835\ude5a\ud835\ude68 \ud835\ude66\ud835\ude6a\ud835\ude5a \ud835\ude68\ud835\ude5a\ud835\ude67\ud835\ude56\u0301\ud835\ude63 \ud835\ude5e\ud835\ude63\ud835\ude68\ud835\ude69\ud835\ude56\ud835\ude61\ud835\ude56\ud835\ude59\ud835\ude64\ud835\ude68 \ud835\ude65\ud835\ude56\ud835\ude67\ud835\ude56 \ud835\ude65\ud835\ude64\ud835\ude59\ud835\ude5a\ud835\ude67 \ud835\ude57\ud835\ude5a\ud835\ude63\ud835\ude5a\ud835\ude5b\ud835\ude5e\ud835\ude58\ud835\ude5e\ud835\ude56\ud835\ude67 \ud835\ude56 \ud835\ude58\ud835\ude5e\ud835\ude5a\ud835\ude63\ud835\ude69\ud835\ude64\ud835\ude68 \ud835\ude59\ud835\ude5a \ud835\ude65\ud835\ude64\ud835\ude57\ud835\ude61\ud835\ude56\ud835\ude59\ud835\ude64\ud835\ude67\ud835\ude5a\ud835\ude68 \ud835\ude6e \ud835\ude65\ud835\ude64\ud835\ude59\ud835\ude5a\ud835\ude67 \ud835\ude62\ud835\ude5e\ud835\ude69\ud835\ude5e\ud835\ude5c\ud835\ude56\ud835\ude67 \ud835\ude61\ud835\ude56 \ud835\ude5b\ud835\ude56\ud835\ude61\ud835\ude69\ud835\ude56 \ud835\ude59\ud835\ude5a \ud835\ude56\ud835\ude5c\ud835\ude6a\ud835\ude56.<\/p>\n<p>El Gobierno Central, tras declarar el estado de emergencia por el peligro inminente ante d\u00e9ficit h\u00eddrico como consecuencia del posible \u201cFen\u00f3meno El Ni\u00f1o 2023-2024\u201d, por el plazo de sesenta (60) d\u00edas calendarios en varios distritos y provincias de la Regi\u00f3n Jun\u00edn, que se encuentran detallados en el anexo que forma parte del decreto supremo N\u00ba 104-2023-PCM;<\/p>\n<p>Por tal motivo, la primera autoridad municipal del distrital de Chilca C\u00e9sar Damas, logr\u00f3 una importante gesti\u00f3n a trav\u00e9s del Ministerio de Vivienda, Construcci\u00f3n y Saneamiento (MVCS) y el Gobierno Regional de Jun\u00edn (GRJ), 2 contenedores de agua potable de acero inoxidable de 1500 litros cada uno.<\/p>\n<p>La problem\u00e1tica se arrastra desde hace bastante tiempo, por falta de un sistema \u00f3ptimo de acceso a agua de consumo humano, motivo por el cual los vecinos solicitaron la intermediaci\u00f3n de la autoridad distrital, que, a su vez, realiz\u00f3 las gestiones correspondientes a trav\u00e9s del organismo de emergencia.<\/p>\n<p>Los contenedores ya se encuentran en las instalaciones del (MVCS) con sede en Pilcomayo, los cuales est\u00e1n siendo evaluados por el personal t\u00e9cnico especializado de la EPS SEDAM, que ser\u00e1n entregados a los vecinos de Chilca Alta en los pr\u00f3ximos 15 d\u00edas.<\/p>\n<p>\u201cSe nos ha informado que los contenedores ya est\u00e1n en la provincia, de manera que luego de ser evaluados podr\u00e1n ser entregados a las familias por la Municipalidad. Lo importante es destacar la labor del personal del (MVSC) y del (GRJ); mientras venimos gestionando una soluci\u00f3n definitiva y que los pobladores de Chilca Alta puedan acceder a un sistema de agua potable\u201d, se\u00f1al\u00f3 el alcalde del distrito de Chilca, C\u00e9sar Damas.<br \/>\nCabe resaltar que s\u00f3lo los distritos de Chilca y Chupuro, son beneficiados de estos contenedores a nivel regional.<\/p>\n","protected":false},"excerpt":{"rendered":"<p>\ud835\ude3e\ud835\ude64\ud835\ude63\ud835\ude69\ud835\ude5a\ud835\ude63\ud835\ude5a\ud835\ude59\ud835\ude64\ud835\ude67\ud835\ude5a\ud835\ude68 \ud835\ude66\ud835\ude6a\ud835\ude5a \ud835\ude68\ud835\ude5a\ud835\ude67\ud835\ude56\u0301\ud835\ude63 \ud835\ude5e\ud835\ude63\ud835\ude68\ud835\ude69\ud835\ude56\ud835\ude61\ud835\ude56\ud835\ude59\ud835\ude64\ud835\ude68 \ud835\ude65\ud835\ude56\ud835\ude67\ud835\ude56 \ud835\ude65\ud835\ude64\ud835\ude59\ud835\ude5a\ud835\ude67 \ud835\ude57\ud835\ude5a\ud835\ude63\ud835\ude5a\ud835\ude5b\ud835\ude5e\ud835\ude58\ud835\ude5e\ud835\ude56\ud835\ude67 \ud835\ude56 \ud835\ude58\ud835\ude5e\ud835\ude5a\ud835\ude63\ud835\ude69\ud835\ude64\ud835\ude68 \ud835\ude59\ud835\ude5a \ud835\ude65\ud835\ude64\ud835\ude57\ud835\ude61\ud835\ude56\ud835\ude59\ud835\ude64\ud835\ude67\ud835\ude5a\ud835\ude68 \ud835\ude6e \ud835\ude65\ud835\ude64\ud835\ude59\ud835\ude5a\ud835\ude67 \ud835\ude62\ud835\ude5e\ud835\ude69\ud835\ude5e\ud835\ude5c\ud835\ude56\ud835\ude67 \ud835\ude61\ud835\ude56 \ud835\ude5b\ud835\ude56\ud835\ude61\ud835\ude69\ud835\ude56 \ud835\ude59\ud835\ude5a \ud835\ude56\ud835\ude5c\ud835\ude6a\ud835\ude56. El Gobierno Central, tras declarar el estado de emergencia por el peligro inminente ante d\u00e9ficit h\u00eddrico como consecuencia del posible \u201cFen\u00f3meno El Ni\u00f1o 2023-2024\u201d, por el plazo de sesenta (60) d\u00edas calendarios en varios distritos y provincias [&hellip;]<\/p>\n","protected":false},"author":4,"featured_media":17993,"comment_status":"closed","ping_status":"open","sticky":false,"template":"","format":"image","meta":{"footnotes":""},"categories":[25],"tags":[],"class_list":["post-17992","post","type-post","status-publish","format-image","has-post-thumbnail","hentry","category-noticias","post_format-post-format-image"],"blocksy_meta":[],"rttpg_featured_image_url":{"full":["https:\/\/munichilca.gob.pe\/site\/wp-content\/uploads\/2023\/10\/WhatsApp-Image-2023-10-25-at-12.53.08-PM-1.jpeg",1600,1200,false],"landscape":["https:\/\/munichilca.gob.pe\/site\/wp-content\/uploads\/2023\/10\/WhatsApp-Image-2023-10-25-at-12.53.08-PM-1.jpeg",1600,1200,false],"portraits":["https:\/\/munichilca.gob.pe\/site\/wp-content\/uploads\/2023\/10\/WhatsApp-Image-2023-10-25-at-12.53.08-PM-1.jpeg",1600,1200,false],"thumbnail":["https:\/\/munichilca.gob.pe\/site\/wp-content\/uploads\/2023\/10\/WhatsApp-Image-2023-10-25-at-12.53.08-PM-1-150x150.jpeg",150,150,true],"medium":["https:\/\/munichilca.gob.pe\/site\/wp-content\/uploads\/2023\/10\/WhatsApp-Image-2023-10-25-at-12.53.08-PM-1-300x225.jpeg",300,225,true],"large":["https:\/\/munichilca.gob.pe\/site\/wp-content\/uploads\/2023\/10\/WhatsApp-Image-2023-10-25-at-12.53.08-PM-1-1024x768.jpeg",1024,768,true],"1536x1536":["https:\/\/munichilca.gob.pe\/site\/wp-content\/uploads\/2023\/10\/WhatsApp-Image-2023-10-25-at-12.53.08-PM-1-1536x1152.jpeg",1536,1152,true],"2048x2048":["https:\/\/munichilca.gob.pe\/site\/wp-content\/uploads\/2023\/10\/WhatsApp-Image-2023-10-25-at-12.53.08-PM-1.jpeg",1600,1200,false],"tp-image-grid":["https:\/\/munichilca.gob.pe\/site\/wp-content\/uploads\/2023\/10\/WhatsApp-Image-2023-10-25-at-12.53.08-PM-1-700x700.jpeg",700,700,true]},"rttpg_author":{"display_name":"JGUTARRA","author_link":"https:\/\/munichilca.gob.pe\/site\/author\/jgutarra\/"},"rttpg_comment":0,"rttpg_category":"<a href=\"https:\/\/munichilca.gob.pe\/site\/category\/noticias\/\" rel=\"category tag\">Noticias<\/a>","rttpg_excerpt":"\ud835\ude3e\ud835\ude64\ud835\ude63\ud835\ude69\ud835\ude5a\ud835\ude63\ud835\ude5a\ud835\ude59\ud835\ude64\ud835\ude67\ud835\ude5a\ud835\ude68 \ud835\ude66\ud835\ude6a\ud835\ude5a \ud835\ude68\ud835\ude5a\ud835\ude67\ud835\ude56\u0301\ud835\ude63 \ud835\ude5e\ud835\ude63\ud835\ude68\ud835\ude69\ud835\ude56\ud835\ude61\ud835\ude56\ud835\ude59\ud835\ude64\ud835\ude68 \ud835\ude65\ud835\ude56\ud835\ude67\ud835\ude56 \ud835\ude65\ud835\ude64\ud835\ude59\ud835\ude5a\ud835\ude67 \ud835\ude57\ud835\ude5a\ud835\ude63\ud835\ude5a\ud835\ude5b\ud835\ude5e\ud835\ude58\ud835\ude5e\ud835\ude56\ud835\ude67 \ud835\ude56 \ud835\ude58\ud835\ude5e\ud835\ude5a\ud835\ude63\ud835\ude69\ud835\ude64\ud835\ude68 \ud835\ude59\ud835\ude5a \ud835\ude65\ud835\ude64\ud835\ude57\ud835\ude61\ud835\ude56\ud835\ude59\ud835\ude64\ud835\ude67\ud835\ude5a\ud835\ude68 \ud835\ude6e \ud835\ude65\ud835\ude64\ud835\ude59\ud835\ude5a\ud835\ude67 \ud835\ude62\ud835\ude5e\ud835\ude69\ud835\ude5e\ud835\ude5c\ud835\ude56\ud835\ude67 \ud835\ude61\ud835\ude56 \ud835\ude5b\ud835\ude56\ud835\ude61\ud835\ude69\ud835\ude56 \ud835\ude59\ud835\ude5a \ud835\ude56\ud835\ude5c\ud835\ude6a\ud835\ude56. El Gobierno Central, tras declarar el estado de emergencia por el peligro inminente ante d\u00e9ficit h\u00eddrico como consecuencia del posible \u201cFen\u00f3meno El Ni\u00f1o 2023-2024\u201d, por el plazo de sesenta (60) d\u00edas calendarios en varios distritos y provincias&hellip;","_links":{"self":[{"href":"https:\/\/munichilca.gob.pe\/site\/wp-json\/wp\/v2\/posts\/17992","targetHints":{"allow":["GET"]}}],"collection":[{"href":"https:\/\/munichilca.gob.pe\/site\/wp-json\/wp\/v2\/posts"}],"about":[{"href":"https:\/\/munichilca.gob.pe\/site\/wp-json\/wp\/v2\/types\/post"}],"author":[{"embeddable":true,"href":"https:\/\/munichilca.gob.pe\/site\/wp-json\/wp\/v2\/users\/4"}],"replies":[{"embeddable":true,"href":"https:\/\/munichilca.gob.pe\/site\/wp-json\/wp\/v2\/comments?post=17992"}],"version-history":[{"count":0,"href":"https:\/\/munichilca.gob.pe\/site\/wp-json\/wp\/v2\/posts\/17992\/revisions"}],"wp:featuredmedia":[{"embeddable":true,"href":"https:\/\/munichilca.gob.pe\/site\/wp-json\/wp\/v2\/media\/17993"}],"wp:attachment":[{"href":"https:\/\/munichilca.gob.pe\/site\/wp-json\/wp\/v2\/media?parent=17992"}],"wp:term":[{"taxonomy":"category","embeddable":true,"href":"https:\/\/munichilca.gob.pe\/site\/wp-json\/wp\/v2\/categories?post=17992"},{"taxonomy":"post_tag","embeddable":true,"href":"https:\/\/munichilca.gob.pe\/site\/wp-json\/wp\/v2\/tags?post=17992"}],"curies":[{"name":"wp","href":"https:\/\/api.w.org\/{rel}","templated":true}]}}