{"id":17965,"date":"2023-11-07T12:19:31","date_gmt":"2023-11-07T12:19:31","guid":{"rendered":"https:\/\/munichilca.gob.pe\/site\/?p=7744"},"modified":"2023-11-07T12:19:31","modified_gmt":"2023-11-07T12:19:31","slug":"%f0%9d%97%a5%f0%9d%97%98%f0%9d%97%94%f0%9d%97%9f%f0%9d%97%9c%f0%9d%97%ad%f0%9d%97%94-%f0%9d%97%a7%f0%9d%97%98%f0%9d%97%a5%f0%9d%97%96%f0%9d%97%98%f0%9d%97%a5-%f0%9d%97%a6%f0%9d%97%9c%f0%9d%97%a0","status":"publish","type":"post","link":"https:\/\/munichilca.gob.pe\/site\/2023\/11\/07\/%f0%9d%97%a5%f0%9d%97%98%f0%9d%97%94%f0%9d%97%9f%f0%9d%97%9c%f0%9d%97%ad%f0%9d%97%94-%f0%9d%97%a7%f0%9d%97%98%f0%9d%97%a5%f0%9d%97%96%f0%9d%97%98%f0%9d%97%a5-%f0%9d%97%a6%f0%9d%97%9c%f0%9d%97%a0\/","title":{"rendered":"\ud835\udde0\ud835\uddd7\ud835\uddd6\ud835\udddb, \ud835\udde5\ud835\uddd8\ud835\uddd4\ud835\udddf\ud835\udddc\ud835\udded\ud835\uddd4 \ud835\udde7\ud835\uddd8\ud835\udde5\ud835\uddd6\ud835\uddd8\ud835\udde5 \ud835\udde6\ud835\udddc\ud835\udde0\ud835\udde8\ud835\udddf\ud835\uddd4\ud835\uddd6\ud835\udde5\ud835\udde2 \ud835\uddd7\ud835\uddd8 \ud835\udde6\ud835\udddc\ud835\udde6\ud835\udde0\ud835\udde2 \ud835\uddd8\ud835\udde1 \ud835\uddd8\ud835\udddf \ud835\udde6\ud835\uddd8\ud835\uddd6\ud835\udde7\ud835\udde2\ud835\udde5 \ud835\uddd7\ud835\uddd8 \ud835\udde9\ud835\udddc\ud835\udddf\ud835\udddf\ud835\uddd4 \ud835\udde5\ud835\uddd8\ud835\udde7\ud835\uddd4\ud835\udde0\ud835\uddd4"},"content":{"rendered":"<p>\ud835\ude3e\ud835\ude64\ud835\ude63 \ud835\ude65\ud835\ude56\ud835\ude67\ud835\ude69\ud835\ude5e\ud835\ude58\ud835\ude5e\ud835\ude65\ud835\ude56\ud835\ude58\ud835\ude5e\ud835\ude64\u0301\ud835\ude63 \ud835\ude56\ud835\ude58\ud835\ude69\ud835\ude5e\ud835\ude6b\ud835\ude56 \ud835\ude59\ud835\ude5a \ud835\ude61\ud835\ude56 \ud835\ude65\ud835\ude64\ud835\ude57\ud835\ude61\ud835\ude56\ud835\ude58\ud835\ude5e\ud835\ude64\u0301\ud835\ude63, \ud835\ude68\ud835\ude5a \ud835\ude59\ud835\ude5a\ud835\ude68\ud835\ude56\ud835\ude67\ud835\ude67\ud835\ude64\ud835\ude61\ud835\ude61\ud835\ude64\u0301 \ud835\ude59\ud835\ude5a \ud835\ude62\ud835\ude56\ud835\ude63\ud835\ude5a\ud835\ude67\ud835\ude56 \ud835\ude67\ud835\ude5a\ud835\ude68\ud835\ude65\ud835\ude64\ud835\ude63\ud835\ude68\ud835\ude56\ud835\ude57\ud835\ude61\ud835\ude5a \ud835\ude6e \ud835\ude68\ud835\ude56\ud835\ude69\ud835\ude5e\ud835\ude68\ud835\ude5b\ud835\ude56\ud835\ude58\ud835\ude69\ud835\ude64\ud835\ude67\ud835\ude5e\ud835\ude56.<\/p>\n<p>Simulacro dise\u00f1ado sobre el escenario de un sismo de magnitud de 8.0, en la escala de Mercalli; evento que se desarroll\u00f3 en el sector de Villa Retama, que permiti\u00f3 que la Municipalidad, ponga en pr\u00e1ctica su plan de operaciones de emergencias distrital y los planes de emergencias comunitarias, desarrollando acciones para la intervenci\u00f3n inicial, primera respuesta y respuesta complementaria en coordinaci\u00f3n con dirigentes, brigadistas y organismos.<\/p>\n<p>En tal sentido, la comuna en coordinaci\u00f3n con la Plataforma de Defensa Civil del distrito, particip\u00f3 satisfactoriamente del Tercer Simulacro Nacional Multipeligro 2023, realizado este lunes 06 de noviembre a las 8 de la noche, acci\u00f3n que cont\u00f3 con la participaci\u00f3n de los alumnos de los miembros de las fuerzas armadas como el ej\u00e9rcito peruano y la polic\u00eda nacional, donde se sumaron el personal de la INPE, la unidad de Bomberos, el MIDIS, el SAMU, la DIRESA, personal del INDECI, y los agentes de serenazgo de Chilca, esto con el objetivo de medir la las capacidades de preparaci\u00f3n y respuesta de la poblaci\u00f3n.<\/p>\n<p>En este ejercicio, se cont\u00f3 con la participaci\u00f3n activa del gerente municipal de la comuna de Chilca, Arq. Robert Cris\u00f3stomo, quien felicit\u00f3 la intervenci\u00f3n de los organismos de primera respuesta y la participaci\u00f3n de los vecinos de la zona. \u201cHemos hecho un muy buen trabajo y felicito a todas las instituciones y a los vecinos del sector de Villa Retama, por su capacidad de organizaci\u00f3n en este simulacro\u201d, resalt\u00f3.<\/p>\n<p>Es as\u00ed que las familias organizadas de la zona realizaron la evacuaci\u00f3n de sus viviendas hacia las zonas seguras externas, acompa\u00f1ados de las brigadas de evacuaci\u00f3n y voluntarios en emergencias y rehabilitaci\u00f3n con el apoyo del personal municipal.<\/p>\n<p>A su turno, C\u00e9sar Ramos Escalante, jefe del \u00c1rea de Defensa Civil de la comuna de Chilca, se\u00f1al\u00f3 la importancia de que la poblaci\u00f3n participe de este tipo de ejercicios para poner en pr\u00e1ctica y demostrar su capacidad de organizaci\u00f3n. \u201cEstamos trabajando de la mano de las juntas vecinales para preparar a la poblaci\u00f3n ante un sismo de gran envergadura\u201d, se\u00f1al\u00f3.<\/p>\n","protected":false},"excerpt":{"rendered":"<p>\ud835\ude3e\ud835\ude64\ud835\ude63 \ud835\ude65\ud835\ude56\ud835\ude67\ud835\ude69\ud835\ude5e\ud835\ude58\ud835\ude5e\ud835\ude65\ud835\ude56\ud835\ude58\ud835\ude5e\ud835\ude64\u0301\ud835\ude63 \ud835\ude56\ud835\ude58\ud835\ude69\ud835\ude5e\ud835\ude6b\ud835\ude56 \ud835\ude59\ud835\ude5a \ud835\ude61\ud835\ude56 \ud835\ude65\ud835\ude64\ud835\ude57\ud835\ude61\ud835\ude56\ud835\ude58\ud835\ude5e\ud835\ude64\u0301\ud835\ude63, \ud835\ude68\ud835\ude5a \ud835\ude59\ud835\ude5a\ud835\ude68\ud835\ude56\ud835\ude67\ud835\ude67\ud835\ude64\ud835\ude61\ud835\ude61\ud835\ude64\u0301 \ud835\ude59\ud835\ude5a \ud835\ude62\ud835\ude56\ud835\ude63\ud835\ude5a\ud835\ude67\ud835\ude56 \ud835\ude67\ud835\ude5a\ud835\ude68\ud835\ude65\ud835\ude64\ud835\ude63\ud835\ude68\ud835\ude56\ud835\ude57\ud835\ude61\ud835\ude5a \ud835\ude6e \ud835\ude68\ud835\ude56\ud835\ude69\ud835\ude5e\ud835\ude68\ud835\ude5b\ud835\ude56\ud835\ude58\ud835\ude69\ud835\ude64\ud835\ude67\ud835\ude5e\ud835\ude56. Simulacro dise\u00f1ado sobre el escenario de un sismo de magnitud de 8.0, en la escala de Mercalli; evento que se desarroll\u00f3 en el sector de Villa Retama, que permiti\u00f3 que la Municipalidad, ponga en pr\u00e1ctica su plan de operaciones de emergencias distrital [&hellip;]<\/p>\n","protected":false},"author":4,"featured_media":0,"comment_status":"open","ping_status":"open","sticky":false,"template":"","format":"standard","meta":{"footnotes":""},"categories":[25],"tags":[],"class_list":["post-17965","post","type-post","status-publish","format-standard","hentry","category-noticias"],"blocksy_meta":[],"rttpg_featured_image_url":null,"rttpg_author":{"display_name":"JGUTARRA","author_link":"https:\/\/munichilca.gob.pe\/site\/author\/jgutarra\/"},"rttpg_comment":0,"rttpg_category":"<a href=\"https:\/\/munichilca.gob.pe\/site\/category\/noticias\/\" rel=\"category tag\">Noticias<\/a>","rttpg_excerpt":"\ud835\ude3e\ud835\ude64\ud835\ude63 \ud835\ude65\ud835\ude56\ud835\ude67\ud835\ude69\ud835\ude5e\ud835\ude58\ud835\ude5e\ud835\ude65\ud835\ude56\ud835\ude58\ud835\ude5e\ud835\ude64\u0301\ud835\ude63 \ud835\ude56\ud835\ude58\ud835\ude69\ud835\ude5e\ud835\ude6b\ud835\ude56 \ud835\ude59\ud835\ude5a \ud835\ude61\ud835\ude56 \ud835\ude65\ud835\ude64\ud835\ude57\ud835\ude61\ud835\ude56\ud835\ude58\ud835\ude5e\ud835\ude64\u0301\ud835\ude63, \ud835\ude68\ud835\ude5a \ud835\ude59\ud835\ude5a\ud835\ude68\ud835\ude56\ud835\ude67\ud835\ude67\ud835\ude64\ud835\ude61\ud835\ude61\ud835\ude64\u0301 \ud835\ude59\ud835\ude5a \ud835\ude62\ud835\ude56\ud835\ude63\ud835\ude5a\ud835\ude67\ud835\ude56 \ud835\ude67\ud835\ude5a\ud835\ude68\ud835\ude65\ud835\ude64\ud835\ude63\ud835\ude68\ud835\ude56\ud835\ude57\ud835\ude61\ud835\ude5a \ud835\ude6e \ud835\ude68\ud835\ude56\ud835\ude69\ud835\ude5e\ud835\ude68\ud835\ude5b\ud835\ude56\ud835\ude58\ud835\ude69\ud835\ude64\ud835\ude67\ud835\ude5e\ud835\ude56. Simulacro dise\u00f1ado sobre el escenario de un sismo de magnitud de 8.0, en la escala de Mercalli; evento que se desarroll\u00f3 en el sector de Villa Retama, que permiti\u00f3 que la Municipalidad, ponga en pr\u00e1ctica su plan de operaciones de emergencias distrital&hellip;","_links":{"self":[{"href":"https:\/\/munichilca.gob.pe\/site\/wp-json\/wp\/v2\/posts\/17965","targetHints":{"allow":["GET"]}}],"collection":[{"href":"https:\/\/munichilca.gob.pe\/site\/wp-json\/wp\/v2\/posts"}],"about":[{"href":"https:\/\/munichilca.gob.pe\/site\/wp-json\/wp\/v2\/types\/post"}],"author":[{"embeddable":true,"href":"https:\/\/munichilca.gob.pe\/site\/wp-json\/wp\/v2\/users\/4"}],"replies":[{"embeddable":true,"href":"https:\/\/munichilca.gob.pe\/site\/wp-json\/wp\/v2\/comments?post=17965"}],"version-history":[{"count":0,"href":"https:\/\/munichilca.gob.pe\/site\/wp-json\/wp\/v2\/posts\/17965\/revisions"}],"wp:attachment":[{"href":"https:\/\/munichilca.gob.pe\/site\/wp-json\/wp\/v2\/media?parent=17965"}],"wp:term":[{"taxonomy":"category","embeddable":true,"href":"https:\/\/munichilca.gob.pe\/site\/wp-json\/wp\/v2\/categories?post=17965"},{"taxonomy":"post_tag","embeddable":true,"href":"https:\/\/munichilca.gob.pe\/site\/wp-json\/wp\/v2\/tags?post=17965"}],"curies":[{"name":"wp","href":"https:\/\/api.w.org\/{rel}","templated":true}]}}