{"id":17960,"date":"2023-11-09T10:35:16","date_gmt":"2023-11-09T10:35:16","guid":{"rendered":"https:\/\/munichilca.gob.pe\/site\/?p=7792"},"modified":"2023-11-09T10:35:16","modified_gmt":"2023-11-09T10:35:16","slug":"%f0%9d%97%97%f0%9d%97%98%f0%9d%97%99%f0%9d%97%98%f0%9d%97%a1%f0%9d%97%a6%f0%9d%97%94-%f0%9d%97%96%f0%9d%97%9c%f0%9d%97%a9%f0%9d%97%9c%f0%9d%97%9f-2","status":"publish","type":"post","link":"https:\/\/munichilca.gob.pe\/site\/2023\/11\/09\/%f0%9d%97%97%f0%9d%97%98%f0%9d%97%99%f0%9d%97%98%f0%9d%97%a1%f0%9d%97%a6%f0%9d%97%94-%f0%9d%97%96%f0%9d%97%9c%f0%9d%97%a9%f0%9d%97%9c%f0%9d%97%9f-2\/","title":{"rendered":"\ud835\uddd7\ud835\uddd8\ud835\uddd9\ud835\uddd8\ud835\udde1\ud835\udde6\ud835\uddd4 \ud835\uddd6\ud835\udddc\ud835\udde9\ud835\udddc\ud835\udddf \ud835\udde3\ud835\udde5\ud835\udde2\ud835\uddda\ud835\udde5\ud835\uddd4\ud835\udde0\ud835\uddd4 \ud835\udddf\ud835\udddc\ud835\udde0\ud835\udde3\ud835\udddc\ud835\uddd8\ud835\udded\ud835\uddd4 \ud835\uddd7\ud835\uddd8\ud835\udddf \ud835\udde5\ud835\udddc\u0301\ud835\udde2 \ud835\uddd4\ud835\udddf\ud835\udddc \ud835\uddd7\ud835\uddd8\ud835\udde6\ud835\uddd7\ud835\uddd8 \ud835\uddd6\ud835\udddb\ud835\udddc\ud835\udddf\ud835\uddd6\ud835\uddd4 \ud835\uddd4\ud835\udddf\ud835\udde7\ud835\uddd4 \ud835\udddb\ud835\uddd4\ud835\udde6\ud835\udde7\ud835\uddd4 \ud835\udddf\ud835\uddd4 \ud835\uddd6\ud835\uddd4\ud835\udddf\ud835\udddf\ud835\uddd8 \ud835\udde5\ud835\uddd8\ud835\uddd4\ud835\udddf"},"content":{"rendered":"<p>\ud835\ude3e\ud835\ude64\ud835\ude63 \ud835\ude56\ud835\ude65\ud835\ude64\ud835\ude6e\ud835\ude64 \ud835\ude59\ud835\ude5a \ud835\ude62\ud835\ude56\ud835\ude66\ud835\ude6a\ud835\ude5e\ud835\ude63\ud835\ude56\ud835\ude67\ud835\ude5e\ud835\ude56 \ud835\ude65\ud835\ude5a\ud835\ude68\ud835\ude56\ud835\ude59\ud835\ude56 \ud835\ude59\ud835\ude5a\ud835\ude61 \ud835\ude48\ud835\ude5e\ud835\ude63\ud835\ude5e\ud835\ude68\ud835\ude69\ud835\ude5a\ud835\ude67\ud835\ude5e\ud835\ude64 \ud835\ude59\ud835\ude5a \ud835\ude51\ud835\ude5e\ud835\ude6b\ud835\ude5e\ud835\ude5a\ud835\ude63\ud835\ude59\ud835\ude56, \ud835\ude58\ud835\ude64\ud835\ude62\ud835\ude6a\ud835\ude63\ud835\ude56 \ud835\ude59\ud835\ude5a \ud835\ude3e\ud835\ude5d\ud835\ude5e\ud835\ude61\ud835\ude58\ud835\ude56 \ud835\ude65\ud835\ude67\ud835\ude64\ud835\ude5c\ud835\ude67\ud835\ude56\ud835\ude62\ud835\ude56 \ud835\ude61\ud835\ude5e\ud835\ude62\ud835\ude65\ud835\ude5e\ud835\ude5a\ud835\ude6f\ud835\ude56 \ud835\ude6e \ud835\ude59\ud835\ude5a\ud835\ude68\ud835\ude58\ud835\ude64\ud835\ude61\ud835\ude62\ud835\ude56\ud835\ude69\ud835\ude56\ud835\ude58\ud835\ude5e\ud835\ude64\u0301\ud835\ude63 \ud835\ude59\ud835\ude5a\ud835\ude61 \ud835\ude4d\ud835\ude5e\u0301\ud835\ude64 \ud835\ude3c\ud835\ude61\ud835\ude5e.<\/p>\n<p>Reforzando las medidas de prevenci\u00f3n ante la temporada de lluvias, La Municipalidad Distrital de Chilca, a trav\u00e9s de la oficina de Defensa Civil, realizar\u00e1 trabajos de limpieza y descolmataci\u00f3n del r\u00edo Ali, desde el sector de Chilca Alta hasta la calle Real, con el prop\u00f3sito de prevenir el desborde de aguas pluviales ante posibles lluvias por la venida del fen\u00f3meno del ni\u00f1o.<\/p>\n<p>Estas acciones fueron coordinadas, entre la oficina de Defensa Civil de la Municipalidad Distrital de Chilca, el Ministerio de Vivienda, Construcci\u00f3n y Saneamiento (MCSV) y el Gobierno Regional de Jun\u00edn (GRJ), a trav\u00e9s de la Sub Gerencia de Defensa Civil; donde en un trabajo tripartito, se busca mejorar los sistemas de canales de esta zona, en este trabajo fue necesario el uso de maquinarias, retro excavadoras y volquetes.<\/p>\n<p>\u201cSe trata de un trabajo articulado y en conjunto con el (MVCS) y la sub gerencia de defensa civil del (GRJ) a pedido de los vecinos y en cumpliendo con el plan municipal de limpieza y descolmataci\u00f3n que busca contribuir para tener limpios los r\u00edos, y evitar posibles inundaciones por bloqueo de su causes, as\u00ed como prevenir las invasiones de ribera que ponen en peligro la vida de la poblaci\u00f3n, cuidemos nuestros r\u00edos, pues hay tramos que podemos recuperar, proteger y conservar; cuidemos, no arrojemos residuos a estas fuentes de agua, identificamos estos puntos de acumulaci\u00f3n de desmonte que malos vecinos arrojan en los cauces y riveras de nuestros r\u00edos, y estamos trabajando en varios aspectos para poder prevenir desastres en nuestro distrito\u201d, inst\u00f3 C\u00e9sar Damas, alcalde del distrito de Chilca.<\/p>\n<p>El responsable del \u00e1rea de Defensa Civil de la comuna de Chilca, C\u00e9sar Ramos Escalante, mencion\u00f3 \u201cQue estos trabajos de reforzamiento de limpieza y descolmataci\u00f3n, se vienen realizando de manera constante en los diversos puntos vulnerables del distrito; y resalt\u00f3 que, es por orden del alcalde Damas, quien diariamente exhorta a atender a la poblaci\u00f3n, con quienes mantenemos reuniones previas y solicitan estos importantes trabajos\u201d, puntualiz\u00f3 el funcionario edil, quien a su vez hizo el llamado a los malos vecinos, para que dejen de verter desechos y todo tipo de basura a estas zonas porque pueden ocasionar la inundaci\u00f3n de las casas aleda\u00f1as, pero tambi\u00e9n la proliferaci\u00f3n de moscas.<\/p>\n<p>De este modo, municipalidad distrital de Chilca, contin\u00faa con la ejecuci\u00f3n de acciones en el marco de sus pol\u00edticas de gesti\u00f3n de riesgo de desastres, para garantizar el bienestar de la poblaci\u00f3n.<\/p>\n","protected":false},"excerpt":{"rendered":"<p>\ud835\ude3e\ud835\ude64\ud835\ude63 \ud835\ude56\ud835\ude65\ud835\ude64\ud835\ude6e\ud835\ude64 \ud835\ude59\ud835\ude5a \ud835\ude62\ud835\ude56\ud835\ude66\ud835\ude6a\ud835\ude5e\ud835\ude63\ud835\ude56\ud835\ude67\ud835\ude5e\ud835\ude56 \ud835\ude65\ud835\ude5a\ud835\ude68\ud835\ude56\ud835\ude59\ud835\ude56 \ud835\ude59\ud835\ude5a\ud835\ude61 \ud835\ude48\ud835\ude5e\ud835\ude63\ud835\ude5e\ud835\ude68\ud835\ude69\ud835\ude5a\ud835\ude67\ud835\ude5e\ud835\ude64 \ud835\ude59\ud835\ude5a \ud835\ude51\ud835\ude5e\ud835\ude6b\ud835\ude5e\ud835\ude5a\ud835\ude63\ud835\ude59\ud835\ude56, \ud835\ude58\ud835\ude64\ud835\ude62\ud835\ude6a\ud835\ude63\ud835\ude56 \ud835\ude59\ud835\ude5a \ud835\ude3e\ud835\ude5d\ud835\ude5e\ud835\ude61\ud835\ude58\ud835\ude56 \ud835\ude65\ud835\ude67\ud835\ude64\ud835\ude5c\ud835\ude67\ud835\ude56\ud835\ude62\ud835\ude56 \ud835\ude61\ud835\ude5e\ud835\ude62\ud835\ude65\ud835\ude5e\ud835\ude5a\ud835\ude6f\ud835\ude56 \ud835\ude6e \ud835\ude59\ud835\ude5a\ud835\ude68\ud835\ude58\ud835\ude64\ud835\ude61\ud835\ude62\ud835\ude56\ud835\ude69\ud835\ude56\ud835\ude58\ud835\ude5e\ud835\ude64\u0301\ud835\ude63 \ud835\ude59\ud835\ude5a\ud835\ude61 \ud835\ude4d\ud835\ude5e\u0301\ud835\ude64 \ud835\ude3c\ud835\ude61\ud835\ude5e. Reforzando las medidas de prevenci\u00f3n ante la temporada de lluvias, La Municipalidad Distrital de Chilca, a trav\u00e9s de la oficina de Defensa Civil, realizar\u00e1 trabajos de limpieza y descolmataci\u00f3n del r\u00edo Ali, desde el sector de [&hellip;]<\/p>\n","protected":false},"author":4,"featured_media":0,"comment_status":"open","ping_status":"open","sticky":false,"template":"","format":"standard","meta":{"footnotes":""},"categories":[25],"tags":[],"class_list":["post-17960","post","type-post","status-publish","format-standard","hentry","category-noticias"],"blocksy_meta":[],"rttpg_featured_image_url":null,"rttpg_author":{"display_name":"JGUTARRA","author_link":"https:\/\/munichilca.gob.pe\/site\/author\/jgutarra\/"},"rttpg_comment":0,"rttpg_category":"<a href=\"https:\/\/munichilca.gob.pe\/site\/category\/noticias\/\" rel=\"category tag\">Noticias<\/a>","rttpg_excerpt":"\ud835\ude3e\ud835\ude64\ud835\ude63 \ud835\ude56\ud835\ude65\ud835\ude64\ud835\ude6e\ud835\ude64 \ud835\ude59\ud835\ude5a \ud835\ude62\ud835\ude56\ud835\ude66\ud835\ude6a\ud835\ude5e\ud835\ude63\ud835\ude56\ud835\ude67\ud835\ude5e\ud835\ude56 \ud835\ude65\ud835\ude5a\ud835\ude68\ud835\ude56\ud835\ude59\ud835\ude56 \ud835\ude59\ud835\ude5a\ud835\ude61 \ud835\ude48\ud835\ude5e\ud835\ude63\ud835\ude5e\ud835\ude68\ud835\ude69\ud835\ude5a\ud835\ude67\ud835\ude5e\ud835\ude64 \ud835\ude59\ud835\ude5a \ud835\ude51\ud835\ude5e\ud835\ude6b\ud835\ude5e\ud835\ude5a\ud835\ude63\ud835\ude59\ud835\ude56, \ud835\ude58\ud835\ude64\ud835\ude62\ud835\ude6a\ud835\ude63\ud835\ude56 \ud835\ude59\ud835\ude5a \ud835\ude3e\ud835\ude5d\ud835\ude5e\ud835\ude61\ud835\ude58\ud835\ude56 \ud835\ude65\ud835\ude67\ud835\ude64\ud835\ude5c\ud835\ude67\ud835\ude56\ud835\ude62\ud835\ude56 \ud835\ude61\ud835\ude5e\ud835\ude62\ud835\ude65\ud835\ude5e\ud835\ude5a\ud835\ude6f\ud835\ude56 \ud835\ude6e \ud835\ude59\ud835\ude5a\ud835\ude68\ud835\ude58\ud835\ude64\ud835\ude61\ud835\ude62\ud835\ude56\ud835\ude69\ud835\ude56\ud835\ude58\ud835\ude5e\ud835\ude64\u0301\ud835\ude63 \ud835\ude59\ud835\ude5a\ud835\ude61 \ud835\ude4d\ud835\ude5e\u0301\ud835\ude64 \ud835\ude3c\ud835\ude61\ud835\ude5e. Reforzando las medidas de prevenci\u00f3n ante la temporada de lluvias, La Municipalidad Distrital de Chilca, a trav\u00e9s de la oficina de Defensa Civil, realizar\u00e1 trabajos de limpieza y descolmataci\u00f3n del r\u00edo Ali, desde el sector de&hellip;","_links":{"self":[{"href":"https:\/\/munichilca.gob.pe\/site\/wp-json\/wp\/v2\/posts\/17960","targetHints":{"allow":["GET"]}}],"collection":[{"href":"https:\/\/munichilca.gob.pe\/site\/wp-json\/wp\/v2\/posts"}],"about":[{"href":"https:\/\/munichilca.gob.pe\/site\/wp-json\/wp\/v2\/types\/post"}],"author":[{"embeddable":true,"href":"https:\/\/munichilca.gob.pe\/site\/wp-json\/wp\/v2\/users\/4"}],"replies":[{"embeddable":true,"href":"https:\/\/munichilca.gob.pe\/site\/wp-json\/wp\/v2\/comments?post=17960"}],"version-history":[{"count":0,"href":"https:\/\/munichilca.gob.pe\/site\/wp-json\/wp\/v2\/posts\/17960\/revisions"}],"wp:attachment":[{"href":"https:\/\/munichilca.gob.pe\/site\/wp-json\/wp\/v2\/media?parent=17960"}],"wp:term":[{"taxonomy":"category","embeddable":true,"href":"https:\/\/munichilca.gob.pe\/site\/wp-json\/wp\/v2\/categories?post=17960"},{"taxonomy":"post_tag","embeddable":true,"href":"https:\/\/munichilca.gob.pe\/site\/wp-json\/wp\/v2\/tags?post=17960"}],"curies":[{"name":"wp","href":"https:\/\/api.w.org\/{rel}","templated":true}]}}