{"id":17926,"date":"2023-11-28T10:56:27","date_gmt":"2023-11-28T10:56:27","guid":{"rendered":"https:\/\/munichilca.gob.pe\/site\/?p=8004"},"modified":"2023-11-28T10:56:27","modified_gmt":"2023-11-28T10:56:27","slug":"%f0%9d%97%a0%f0%9d%97%a8%f0%9d%97%a1%f0%9d%97%9c%f0%9d%97%96%f0%9d%97%9c%f0%9d%97%a3%f0%9d%97%94%f0%9d%97%9f%f0%9d%97%9c%f0%9d%97%97%f0%9d%97%94%f0%9d%97%97","status":"publish","type":"post","link":"https:\/\/munichilca.gob.pe\/site\/2023\/11\/28\/%f0%9d%97%a0%f0%9d%97%a8%f0%9d%97%a1%f0%9d%97%9c%f0%9d%97%96%f0%9d%97%9c%f0%9d%97%a3%f0%9d%97%94%f0%9d%97%9f%f0%9d%97%9c%f0%9d%97%97%f0%9d%97%94%f0%9d%97%97\/","title":{"rendered":"\ud835\udde0\ud835\udde8\ud835\udde1\ud835\udddc\ud835\uddd6\ud835\udddc\ud835\udde3\ud835\uddd4\ud835\udddf\ud835\udddc\ud835\uddd7\ud835\uddd4\ud835\uddd7 \ud835\uddd7\ud835\uddd8 \ud835\uddd6\ud835\udddb\ud835\udddc\ud835\udddf\ud835\uddd6\ud835\uddd4, \ud835\udde2\ud835\udde5\ud835\uddda\ud835\uddd4\ud835\udde1\ud835\udddc\ud835\udded\ud835\uddd4 \ud835\uddd8\ud835\udddf \ud835\uddd9\ud835\uddd8\ud835\udde6\ud835\udde7\ud835\udddc\ud835\udde0\ud835\udde2\ud835\udde7\ud835\udde2 \ud835\udfee\ud835\udfec\ud835\udfee\ud835\udfef"},"content":{"rendered":"<p>\ud835\ude3e\ud835\ude64\ud835\ude62\ud835\ude6a\ud835\ude63\ud835\ude56 \ud835\ude64\ud835\ude67\ud835\ude5c\ud835\ude56\ud835\ude63\ud835\ude5e\ud835\ude6f\ud835\ude56 \ud835\ude67\ud835\ude5a\ud835\ude58\ud835\ude64\ud835\ude67\ud835\ude67\ud835\ude5e\ud835\ude59\ud835\ude64 \ud835\ude6e \ud835\ude56\ud835\ude58\ud835\ude69\ud835\ude5e\ud835\ude6b\ud835\ude5e\ud835\ude59\ud835\ude56\ud835\ude59\ud835\ude5a\ud835\ude68 \ud835\ude65\ud835\ude64\ud835\ude67 \ud835\ude62\ud835\ude64\ud835\ude69\ud835\ude5e\ud835\ude6b\ud835\ude64 \ud835\ude59\ud835\ude5a \ud835\ude58\ud835\ude64\ud835\ude63\ud835\ude62\ud835\ude5a\ud835\ude62\ud835\ude64\ud835\ude67\ud835\ude56\ud835\ude67 \ud835\ude5a\ud835\ude61 \ud835\ude59\ud835\ude5e\u0301\ud835\ude56 \ud835\ude59\ud835\ude5a\ud835\ude61 \ud835\ude62\ud835\ude64\ud835\ude69\ud835\ude64\ud835\ude58\ud835\ude5e\ud835\ude58\ud835\ude61\ud835\ude5e\ud835\ude68\ud835\ude69\ud835\ude56 \ud835\ude56 \ud835\ude63\ud835\ude5e\ud835\ude6b\ud835\ude5a\ud835\ude61 \ud835\ude63\ud835\ude56\ud835\ude58\ud835\ude5e\ud835\ude64\ud835\ude63\ud835\ude56\ud835\ude61.<\/p>\n<p>Porque todos los motociclistas de la regi\u00f3n necesitan un peque\u00f1o agasajo y reconocimiento por sus ruteadas diarias en las calles, pistas, carreteras, pueblos, trochas, circuitos y autopistas, se conmemora el \u201cD\u00eda del Motociclista\u201d, por tal motivo la Municipalidad Distrital de Chilca, a trav\u00e9s de la Gerencia de Desarrollo Econ\u00f3mico y Turismo y la Asociaci\u00f3n de Motociclistas del Per\u00fa (AMCP), organizan el \u201cFestimoto 2023\u201d, evento a desarrollar\u00e1 este domingo 3 de diciembre en el parque zonal de Coto Coto; evento dedicado exclusivamente a la hermandad motera regional.<\/p>\n<p>Recorrido que dar\u00e1 inicio este domingo 3 de diciembre a partir de las 7:30 de la ma\u00f1ana, donde el punto de concentraci\u00f3n ser\u00e1 a la altura de la Quebrada Honda en el distrito de El Tambo, y a lo largo de la Av. Mariscal Castilla y Calle Real se espera la participaci\u00f3n de todos los motociclistas de la regi\u00f3n, donde adem\u00e1s se desarrollar\u00e1n actividades como la exhibici\u00f3n de motos, la moto mas lenta y la m\u00e1s veloz, el recojo de botellas a bordo de la moto, la moto que auxilia, concursos de jinkanas moteras, actividades deportivas, y mucho m\u00e1s.<\/p>\n<p>A su turno, el gerente de desarrollo econ\u00f3mico y turismo Hugo Bustamante hizo la cordial invitaci\u00f3n a todos los motociclistas de toda la regi\u00f3n centro a participar de este magno evento, resaltando que esta actividad es totalmente gratis \u201cser motero no solo significa manejar velozmente una moto, sino tambi\u00e9n manejar con seguridad para cuidar la integridad de un piloto y copiloto\u201d, agreg\u00f3 Bustamante Toscano.<\/p>\n<p>Cabe se\u00f1alar que el \u201cD\u00eda del Motociclista\u201d es el \u00fanico d\u00eda del a\u00f1o donde se re\u00fanen todos los motociclistas del Per\u00fa. El prop\u00f3sito de este evento es compartir experiencias y an\u00e9cdotas de rutas. Y tambi\u00e9n compartir consejos y risas entre todos los hermanos motociclistas, impulsando la hermandad y seguridad en el motociclista.<\/p>\n","protected":false},"excerpt":{"rendered":"<p>\ud835\ude3e\ud835\ude64\ud835\ude62\ud835\ude6a\ud835\ude63\ud835\ude56 \ud835\ude64\ud835\ude67\ud835\ude5c\ud835\ude56\ud835\ude63\ud835\ude5e\ud835\ude6f\ud835\ude56 \ud835\ude67\ud835\ude5a\ud835\ude58\ud835\ude64\ud835\ude67\ud835\ude67\ud835\ude5e\ud835\ude59\ud835\ude64 \ud835\ude6e \ud835\ude56\ud835\ude58\ud835\ude69\ud835\ude5e\ud835\ude6b\ud835\ude5e\ud835\ude59\ud835\ude56\ud835\ude59\ud835\ude5a\ud835\ude68 \ud835\ude65\ud835\ude64\ud835\ude67 \ud835\ude62\ud835\ude64\ud835\ude69\ud835\ude5e\ud835\ude6b\ud835\ude64 \ud835\ude59\ud835\ude5a \ud835\ude58\ud835\ude64\ud835\ude63\ud835\ude62\ud835\ude5a\ud835\ude62\ud835\ude64\ud835\ude67\ud835\ude56\ud835\ude67 \ud835\ude5a\ud835\ude61 \ud835\ude59\ud835\ude5e\u0301\ud835\ude56 \ud835\ude59\ud835\ude5a\ud835\ude61 \ud835\ude62\ud835\ude64\ud835\ude69\ud835\ude64\ud835\ude58\ud835\ude5e\ud835\ude58\ud835\ude61\ud835\ude5e\ud835\ude68\ud835\ude69\ud835\ude56 \ud835\ude56 \ud835\ude63\ud835\ude5e\ud835\ude6b\ud835\ude5a\ud835\ude61 \ud835\ude63\ud835\ude56\ud835\ude58\ud835\ude5e\ud835\ude64\ud835\ude63\ud835\ude56\ud835\ude61. Porque todos los motociclistas de la regi\u00f3n necesitan un peque\u00f1o agasajo y reconocimiento por sus ruteadas diarias en las calles, pistas, carreteras, pueblos, trochas, circuitos y autopistas, se conmemora el \u201cD\u00eda del Motociclista\u201d, por tal motivo la Municipalidad Distrital [&hellip;]<\/p>\n","protected":false},"author":4,"featured_media":0,"comment_status":"open","ping_status":"open","sticky":false,"template":"","format":"standard","meta":{"footnotes":""},"categories":[25],"tags":[],"class_list":["post-17926","post","type-post","status-publish","format-standard","hentry","category-noticias"],"blocksy_meta":[],"rttpg_featured_image_url":null,"rttpg_author":{"display_name":"JGUTARRA","author_link":"https:\/\/munichilca.gob.pe\/site\/author\/jgutarra\/"},"rttpg_comment":0,"rttpg_category":"<a href=\"https:\/\/munichilca.gob.pe\/site\/category\/noticias\/\" rel=\"category tag\">Noticias<\/a>","rttpg_excerpt":"\ud835\ude3e\ud835\ude64\ud835\ude62\ud835\ude6a\ud835\ude63\ud835\ude56 \ud835\ude64\ud835\ude67\ud835\ude5c\ud835\ude56\ud835\ude63\ud835\ude5e\ud835\ude6f\ud835\ude56 \ud835\ude67\ud835\ude5a\ud835\ude58\ud835\ude64\ud835\ude67\ud835\ude67\ud835\ude5e\ud835\ude59\ud835\ude64 \ud835\ude6e \ud835\ude56\ud835\ude58\ud835\ude69\ud835\ude5e\ud835\ude6b\ud835\ude5e\ud835\ude59\ud835\ude56\ud835\ude59\ud835\ude5a\ud835\ude68 \ud835\ude65\ud835\ude64\ud835\ude67 \ud835\ude62\ud835\ude64\ud835\ude69\ud835\ude5e\ud835\ude6b\ud835\ude64 \ud835\ude59\ud835\ude5a \ud835\ude58\ud835\ude64\ud835\ude63\ud835\ude62\ud835\ude5a\ud835\ude62\ud835\ude64\ud835\ude67\ud835\ude56\ud835\ude67 \ud835\ude5a\ud835\ude61 \ud835\ude59\ud835\ude5e\u0301\ud835\ude56 \ud835\ude59\ud835\ude5a\ud835\ude61 \ud835\ude62\ud835\ude64\ud835\ude69\ud835\ude64\ud835\ude58\ud835\ude5e\ud835\ude58\ud835\ude61\ud835\ude5e\ud835\ude68\ud835\ude69\ud835\ude56 \ud835\ude56 \ud835\ude63\ud835\ude5e\ud835\ude6b\ud835\ude5a\ud835\ude61 \ud835\ude63\ud835\ude56\ud835\ude58\ud835\ude5e\ud835\ude64\ud835\ude63\ud835\ude56\ud835\ude61. Porque todos los motociclistas de la regi\u00f3n necesitan un peque\u00f1o agasajo y reconocimiento por sus ruteadas diarias en las calles, pistas, carreteras, pueblos, trochas, circuitos y autopistas, se conmemora el \u201cD\u00eda del Motociclista\u201d, por tal motivo la Municipalidad Distrital&hellip;","_links":{"self":[{"href":"https:\/\/munichilca.gob.pe\/site\/wp-json\/wp\/v2\/posts\/17926","targetHints":{"allow":["GET"]}}],"collection":[{"href":"https:\/\/munichilca.gob.pe\/site\/wp-json\/wp\/v2\/posts"}],"about":[{"href":"https:\/\/munichilca.gob.pe\/site\/wp-json\/wp\/v2\/types\/post"}],"author":[{"embeddable":true,"href":"https:\/\/munichilca.gob.pe\/site\/wp-json\/wp\/v2\/users\/4"}],"replies":[{"embeddable":true,"href":"https:\/\/munichilca.gob.pe\/site\/wp-json\/wp\/v2\/comments?post=17926"}],"version-history":[{"count":0,"href":"https:\/\/munichilca.gob.pe\/site\/wp-json\/wp\/v2\/posts\/17926\/revisions"}],"wp:attachment":[{"href":"https:\/\/munichilca.gob.pe\/site\/wp-json\/wp\/v2\/media?parent=17926"}],"wp:term":[{"taxonomy":"category","embeddable":true,"href":"https:\/\/munichilca.gob.pe\/site\/wp-json\/wp\/v2\/categories?post=17926"},{"taxonomy":"post_tag","embeddable":true,"href":"https:\/\/munichilca.gob.pe\/site\/wp-json\/wp\/v2\/tags?post=17926"}],"curies":[{"name":"wp","href":"https:\/\/api.w.org\/{rel}","templated":true}]}}