{"id":17925,"date":"2023-11-28T11:04:11","date_gmt":"2023-11-28T11:04:11","guid":{"rendered":"https:\/\/munichilca.gob.pe\/site\/?p=8003"},"modified":"2023-11-28T11:04:11","modified_gmt":"2023-11-28T11:04:11","slug":"%f0%9d%97%a6%f0%9d%97%98%f0%9d%97%a5%f0%9d%97%a9%f0%9d%97%9c%f0%9d%97%96%f0%9d%97%9c%f0%9d%97%a2%f0%9d%97%a6-%f0%9d%97%97%f0%9d%97%98-%f0%9d%97%96%f0%9d%97%94%f0%9d%97%9f%f0%9d%97%9c%f0%9d%97%97","status":"publish","type":"post","link":"https:\/\/munichilca.gob.pe\/site\/2023\/11\/28\/%f0%9d%97%a6%f0%9d%97%98%f0%9d%97%a5%f0%9d%97%a9%f0%9d%97%9c%f0%9d%97%96%f0%9d%97%9c%f0%9d%97%a2%f0%9d%97%a6-%f0%9d%97%97%f0%9d%97%98-%f0%9d%97%96%f0%9d%97%94%f0%9d%97%9f%f0%9d%97%9c%f0%9d%97%97\/","title":{"rendered":"\ud835\udde6\ud835\uddd8\ud835\udde5\ud835\udde9\ud835\udddc\ud835\uddd6\ud835\udddc\ud835\udde2\ud835\udde6 \ud835\uddd7\ud835\uddd8 \ud835\uddd6\ud835\uddd4\ud835\udddf\ud835\udddc\ud835\uddd7\ud835\uddd4\ud835\uddd7 \ud835\uddd7\ud835\uddd8 \ud835\udde9\ud835\udddc\ud835\uddd7\ud835\uddd4 \ud835\uddd8\ud835\udde1 \ud835\udde7\ud835\udde8 \ud835\uddd5\ud835\uddd4\ud835\udde5\ud835\udde5\ud835\udddc\ud835\udde2 \ud835\uddd6\ud835\udddc\ud835\uddd8\ud835\udde5\ud835\udde5\ud835\uddd4 \ud835\uddd8\ud835\uddd7\ud835\udddc\ud835\uddd6\ud835\udddc\u00d3\ud835\udde1 \ud835\uddd8\ud835\udde1 \ud835\uddd8\ud835\udddf \ud835\uddd6\ud835\uddd8\ud835\udde1\ud835\udde7\ud835\udde5\ud835\udde2 \ud835\uddd7\ud835\uddd8 \ud835\uddd6\ud835\udddb\ud835\udddc\ud835\udddf\ud835\uddd6\ud835\uddd4"},"content":{"rendered":"<p>Con campa\u00f1as de salud, orientaci\u00f3n psicol\u00f3gica y atenci\u00f3n en servicios municipales, comuna cierra programa municipal que benefici\u00f3 a gran parte de la poblaci\u00f3n<\/p>\n<p>Con gran expectativa se llevaron a cabo las actividades de atenci\u00f3n al p\u00fablico a trav\u00e9s del programa municipal \u201cCalidad de Vida en tu Barrio\u201d desarrolladas a lo largo del a\u00f1o; y este viernes 15 de diciembre la Municipalidad de Chilca viene programando la \u00faltima edici\u00f3n en el parque Abel Mart\u00ednez a partir de las 9 de la ma\u00f1ana, donde se facilita los pagos, tr\u00e1mites y consultas.<\/p>\n<p>Entre los servicios se brindar\u00e1n el pago de tributos, actualizaci\u00f3n de datos para beneficios de los programas sociales, atenci\u00f3n m\u00e9dica general, odontol\u00f3gica, oftalmol\u00f3gica, obst\u00e9trica, descarte de VIH y S\u00edfilis, desparasitaci\u00f3n de canes, otorgamientos de licencias de funcionamiento de establecimientos y de construcci\u00f3n, orientaciones nutricionales, violencia familiar, regalo de plantas, consultas en asesor\u00eda legal, entre otros.<\/p>\n<p>La primera autoridad edil, C\u00e9sar Damas, comprometido con la poblaci\u00f3n, impuls\u00f3 este programa que fue y ser\u00e1 de gran ayuda para los vecinos, siendo el objetivo principal el contacto permanente con la poblaci\u00f3n, fortaleciendo los lazos con la comunidad, donde en un trabajo conjunto con las juntas vecinales y todas las \u00e1reas del municipio desarrollar la atenci\u00f3n de los servicios municipales con campa\u00f1as de acci\u00f3n c\u00edvica. \u201cEl objetivo es promover un municipio inclusivo, participativo y cercano a la poblaci\u00f3n, con atenci\u00f3n de servicios que permite a la ciudadan\u00eda beneficiarse con la posibilidad de acceder a informaci\u00f3n, realizar consultas y todo tipo de tr\u00e1mite municipal, de manera \u00e1gil, r\u00e1pida, y oportuna en la comodidad de su barrio\u201d, indic\u00f3 el burgomaestre.<\/p>\n<p>Las instituciones que participar\u00e1n ser\u00e1n; el Centro de Emergencia Mujer (CEM), la ONG CMMB, La Universidad Peruana Los Andes, el Puesto de Salud de Azapampa, Ministerio P\u00fablico, Ministerio de Cultura, Centro de Salud de Chilca, Grupo Oftalmol\u00f3gico Romero, programas de la DEMUNA, PVL, SISFOH y CIAM., la Escuela de Barber\u00eda \u201cBarber King\u201d, presentaci\u00f3n de artistas, venta de comida t\u00edpica, entre otros.<\/p>\n","protected":false},"excerpt":{"rendered":"<p>Con campa\u00f1as de salud, orientaci\u00f3n psicol\u00f3gica y atenci\u00f3n en servicios municipales, comuna cierra programa municipal que benefici\u00f3 a gran parte de la poblaci\u00f3n Con gran expectativa se llevaron a cabo las actividades de atenci\u00f3n al p\u00fablico a trav\u00e9s del programa municipal \u201cCalidad de Vida en tu Barrio\u201d desarrolladas a lo largo del a\u00f1o; y este [&hellip;]<\/p>\n","protected":false},"author":4,"featured_media":0,"comment_status":"open","ping_status":"open","sticky":false,"template":"","format":"standard","meta":{"footnotes":""},"categories":[25],"tags":[],"class_list":["post-17925","post","type-post","status-publish","format-standard","hentry","category-noticias"],"blocksy_meta":[],"rttpg_featured_image_url":null,"rttpg_author":{"display_name":"JGUTARRA","author_link":"https:\/\/munichilca.gob.pe\/site\/author\/jgutarra\/"},"rttpg_comment":0,"rttpg_category":"<a href=\"https:\/\/munichilca.gob.pe\/site\/category\/noticias\/\" rel=\"category tag\">Noticias<\/a>","rttpg_excerpt":"Con campa\u00f1as de salud, orientaci\u00f3n psicol\u00f3gica y atenci\u00f3n en servicios municipales, comuna cierra programa municipal que benefici\u00f3 a gran parte de la poblaci\u00f3n Con gran expectativa se llevaron a cabo las actividades de atenci\u00f3n al p\u00fablico a trav\u00e9s del programa municipal \u201cCalidad de Vida en tu Barrio\u201d desarrolladas a lo largo del a\u00f1o; y este&hellip;","_links":{"self":[{"href":"https:\/\/munichilca.gob.pe\/site\/wp-json\/wp\/v2\/posts\/17925","targetHints":{"allow":["GET"]}}],"collection":[{"href":"https:\/\/munichilca.gob.pe\/site\/wp-json\/wp\/v2\/posts"}],"about":[{"href":"https:\/\/munichilca.gob.pe\/site\/wp-json\/wp\/v2\/types\/post"}],"author":[{"embeddable":true,"href":"https:\/\/munichilca.gob.pe\/site\/wp-json\/wp\/v2\/users\/4"}],"replies":[{"embeddable":true,"href":"https:\/\/munichilca.gob.pe\/site\/wp-json\/wp\/v2\/comments?post=17925"}],"version-history":[{"count":0,"href":"https:\/\/munichilca.gob.pe\/site\/wp-json\/wp\/v2\/posts\/17925\/revisions"}],"wp:attachment":[{"href":"https:\/\/munichilca.gob.pe\/site\/wp-json\/wp\/v2\/media?parent=17925"}],"wp:term":[{"taxonomy":"category","embeddable":true,"href":"https:\/\/munichilca.gob.pe\/site\/wp-json\/wp\/v2\/categories?post=17925"},{"taxonomy":"post_tag","embeddable":true,"href":"https:\/\/munichilca.gob.pe\/site\/wp-json\/wp\/v2\/tags?post=17925"}],"curies":[{"name":"wp","href":"https:\/\/api.w.org\/{rel}","templated":true}]}}