{"id":17923,"date":"2023-11-28T11:28:41","date_gmt":"2023-11-28T11:28:41","guid":{"rendered":"https:\/\/munichilca.gob.pe\/site\/?p=8011"},"modified":"2023-11-28T11:28:41","modified_gmt":"2023-11-28T11:28:41","slug":"%f0%9d%97%a0%f0%9d%97%a8%f0%9d%97%a1%f0%9d%97%9c%f0%9d%97%96%f0%9d%97%9c%f0%9d%97%a3%f0%9d%97%9c%f0%9d%97%a2","status":"publish","type":"post","link":"https:\/\/munichilca.gob.pe\/site\/2023\/11\/28\/%f0%9d%97%a0%f0%9d%97%a8%f0%9d%97%a1%f0%9d%97%9c%f0%9d%97%96%f0%9d%97%9c%f0%9d%97%a3%f0%9d%97%9c%f0%9d%97%a2\/","title":{"rendered":"\ud835\udde0\ud835\udde8\ud835\udde1\ud835\udddc\ud835\uddd6\ud835\udddc\ud835\udde3\ud835\udddc\ud835\udde2 \ud835\uddd7\ud835\uddd8 \ud835\uddd6\ud835\udddb\ud835\udddc\ud835\udddf\ud835\uddd6\ud835\uddd4 \ud835\uddd4\ud835\udde1\ud835\udde8\ud835\udde1\ud835\uddd6\ud835\udddc\ud835\uddd4 \ud835\udddc\ud835\udde1\ud835\udde6\ud835\udde7\ud835\uddd4\ud835\udddf\ud835\uddd4\ud835\uddd6\ud835\udddc\u00d3\ud835\udde1 \ud835\uddd7\ud835\uddd8 \ud835\uddd9\ud835\uddd8\ud835\udde5\ud835\udddc\ud835\uddd4 \ud835\udde1\ud835\uddd4\ud835\udde9\ud835\udddc\ud835\uddd7\ud835\uddd8\u00d1\ud835\uddd4"},"content":{"rendered":"<p>\ud835\ude3c \ud835\ude65\ud835\ude6a\ud835\ude5a\ud835\ude67\ud835\ude69\ud835\ude56\ud835\ude68 \ud835\ude59\ud835\ude5a \ud835\ude58\ud835\ude5a\ud835\ude61\ud835\ude5a\ud835\ude57\ud835\ude67\ud835\ude56\ud835\ude67 \ud835\ude61\ud835\ude56\ud835\ude68 \ud835\ude5b\ud835\ude5e\ud835\ude5a\ud835\ude68\ud835\ude69\ud835\ude56\ud835\ude68 \ud835\ude63\ud835\ude56\ud835\ude6b\ud835\ude5e\ud835\ude59\ud835\ude5a\ud835\ude63\u0303\ud835\ude56\ud835\ude68 \ud835\ude6e \ud835\ude59\ud835\ude5a \ud835\ude5b\ud835\ude5e\ud835\ude63 \ud835\ude59\ud835\ude5a \ud835\ude56\ud835\ude63\u0303\ud835\ude64, \ud835\ude58\ud835\ude64\ud835\ude62\ud835\ude6a\ud835\ude63\ud835\ude56 \ud835\ude6b\ud835\ude5e\ud835\ude5a\ud835\ude63\ud835\ude5a \ud835\ude65\ud835\ude67\ud835\ude64\ud835\ude5c\ud835\ude67\ud835\ude56\ud835\ude62\ud835\ude56\ud835\ude63\ud835\ude59\ud835\ude64 \ud835\ude61\ud835\ude56 \ud835\ude5b\ud835\ude5a\ud835\ude67\ud835\ude5e\ud835\ude56 \ud835\ude69\ud835\ude67\ud835\ude56\ud835\ude59\ud835\ude5e\ud835\ude58\ud835\ude5e\ud835\ude64\ud835\ude63\ud835\ude56\ud835\ude61 2023<\/p>\n<p>Con el objetivo de promover la activaci\u00f3n y reactivaci\u00f3n econ\u00f3mica de cientos de feriantes, por tal motivo la Gerencia de Desarrollo Econ\u00f3mico y Turismo de la Municipalidad, anunci\u00f3 la instalaci\u00f3n de la feria tradicional que estar\u00e1 ubicada a lo largo de la Av. Torre Tagle, desde la Av. 9 de Diciembre hasta la Av. Pr\u00f3ceres donde habilitar\u00e1 m\u00e1s de 200 puestos de venta.<\/p>\n<p>El gerente, Hugo Bustamante Toscano, inform\u00f3 que el proceso de reactivaci\u00f3n de la feria ya inici\u00f3 teniendo en cuenta el plan de contingencia, cierre de v\u00edas, accesos a emergencias, proceso de inscripciones, bases y otros detalles de seguridad. La instalaci\u00f3n ser\u00e1 desde el 23 hasta el 25 de diciembre y del 30 diciembre al 01 de enero del 2024.<\/p>\n<p>\u201cSe elabor\u00f3 el plan de trabajo que ser\u00e1 para nuestra Feria Navide\u00f1a. No hay padrones y se est\u00e1 haciendo una nueva inscripci\u00f3n para que puedan tener acceso todas las personas interesadas\u00bb.<\/p>\n<p>Detall\u00f3 tambi\u00e9n que el proceso de inscripci\u00f3n inici\u00f3 desde este 21 de noviembre de forma virtual a trav\u00e9s de la plataforma de Facebook de la Municipalidad Distrital de Chilca, mediante ello, se dar\u00e1 el filtro respectivo con DNI y direcci\u00f3n para evitar que se ingrese grupos familiares, as\u00ed evitar duplicidad e inscripciones m\u00faltiples.<\/p>\n<p>Posteriormente el 08 de diciembre se llevar\u00e1 a cabo el sorteo p\u00fablico, espacio donde se pedir\u00e1 la participaci\u00f3n de los regidores para la transparencia del proceso. Adem\u00e1s Hugo Bustamante indic\u00f3 que se tendr\u00e1 los rubros de panetones y vinos, artesanos y agroindustriales, ropas y juguetes.<\/p>\n<p>\u201cSe quiere evitar a los dirigentes y otras personas que se creen due\u00f1os de las ferias, la Municipalidad Distrital de Chilca es la \u00fanica que realizar\u00e1 todo el proceso. Se pedir\u00e1 apoyo a la Polic\u00eda Nacional del Per\u00fa (PNP) para el control de seguridad y otros\u201d, se\u00f1al\u00f3.<\/p>\n<p>Hugo Bustamante finaliz\u00f3 invitando a la poblaci\u00f3n en general a poder participar de este proceso de instalaci\u00f3n de la tradicional Feria Navide\u00f1a, as\u00ed generar ingresos econ\u00f3micos. Asimismo, a no dejarse sorprender por dirigentes y otros terceros, todo proceso y pagos se realizar\u00e1n con la Municipalidad de Chilca.<\/p>\n","protected":false},"excerpt":{"rendered":"<p>\ud835\ude3c \ud835\ude65\ud835\ude6a\ud835\ude5a\ud835\ude67\ud835\ude69\ud835\ude56\ud835\ude68 \ud835\ude59\ud835\ude5a \ud835\ude58\ud835\ude5a\ud835\ude61\ud835\ude5a\ud835\ude57\ud835\ude67\ud835\ude56\ud835\ude67 \ud835\ude61\ud835\ude56\ud835\ude68 \ud835\ude5b\ud835\ude5e\ud835\ude5a\ud835\ude68\ud835\ude69\ud835\ude56\ud835\ude68 \ud835\ude63\ud835\ude56\ud835\ude6b\ud835\ude5e\ud835\ude59\ud835\ude5a\ud835\ude63\u0303\ud835\ude56\ud835\ude68 \ud835\ude6e \ud835\ude59\ud835\ude5a \ud835\ude5b\ud835\ude5e\ud835\ude63 \ud835\ude59\ud835\ude5a \ud835\ude56\ud835\ude63\u0303\ud835\ude64, \ud835\ude58\ud835\ude64\ud835\ude62\ud835\ude6a\ud835\ude63\ud835\ude56 \ud835\ude6b\ud835\ude5e\ud835\ude5a\ud835\ude63\ud835\ude5a \ud835\ude65\ud835\ude67\ud835\ude64\ud835\ude5c\ud835\ude67\ud835\ude56\ud835\ude62\ud835\ude56\ud835\ude63\ud835\ude59\ud835\ude64 \ud835\ude61\ud835\ude56 \ud835\ude5b\ud835\ude5a\ud835\ude67\ud835\ude5e\ud835\ude56 \ud835\ude69\ud835\ude67\ud835\ude56\ud835\ude59\ud835\ude5e\ud835\ude58\ud835\ude5e\ud835\ude64\ud835\ude63\ud835\ude56\ud835\ude61 2023 Con el objetivo de promover la activaci\u00f3n y reactivaci\u00f3n econ\u00f3mica de cientos de feriantes, por tal motivo la Gerencia de Desarrollo Econ\u00f3mico y Turismo de la Municipalidad, anunci\u00f3 la instalaci\u00f3n de la feria tradicional que estar\u00e1 [&hellip;]<\/p>\n","protected":false},"author":4,"featured_media":0,"comment_status":"open","ping_status":"open","sticky":false,"template":"","format":"standard","meta":{"footnotes":""},"categories":[25],"tags":[],"class_list":["post-17923","post","type-post","status-publish","format-standard","hentry","category-noticias"],"blocksy_meta":[],"rttpg_featured_image_url":null,"rttpg_author":{"display_name":"JGUTARRA","author_link":"https:\/\/munichilca.gob.pe\/site\/author\/jgutarra\/"},"rttpg_comment":0,"rttpg_category":"<a href=\"https:\/\/munichilca.gob.pe\/site\/category\/noticias\/\" rel=\"category tag\">Noticias<\/a>","rttpg_excerpt":"\ud835\ude3c \ud835\ude65\ud835\ude6a\ud835\ude5a\ud835\ude67\ud835\ude69\ud835\ude56\ud835\ude68 \ud835\ude59\ud835\ude5a \ud835\ude58\ud835\ude5a\ud835\ude61\ud835\ude5a\ud835\ude57\ud835\ude67\ud835\ude56\ud835\ude67 \ud835\ude61\ud835\ude56\ud835\ude68 \ud835\ude5b\ud835\ude5e\ud835\ude5a\ud835\ude68\ud835\ude69\ud835\ude56\ud835\ude68 \ud835\ude63\ud835\ude56\ud835\ude6b\ud835\ude5e\ud835\ude59\ud835\ude5a\ud835\ude63\u0303\ud835\ude56\ud835\ude68 \ud835\ude6e \ud835\ude59\ud835\ude5a \ud835\ude5b\ud835\ude5e\ud835\ude63 \ud835\ude59\ud835\ude5a \ud835\ude56\ud835\ude63\u0303\ud835\ude64, \ud835\ude58\ud835\ude64\ud835\ude62\ud835\ude6a\ud835\ude63\ud835\ude56 \ud835\ude6b\ud835\ude5e\ud835\ude5a\ud835\ude63\ud835\ude5a \ud835\ude65\ud835\ude67\ud835\ude64\ud835\ude5c\ud835\ude67\ud835\ude56\ud835\ude62\ud835\ude56\ud835\ude63\ud835\ude59\ud835\ude64 \ud835\ude61\ud835\ude56 \ud835\ude5b\ud835\ude5a\ud835\ude67\ud835\ude5e\ud835\ude56 \ud835\ude69\ud835\ude67\ud835\ude56\ud835\ude59\ud835\ude5e\ud835\ude58\ud835\ude5e\ud835\ude64\ud835\ude63\ud835\ude56\ud835\ude61 2023 Con el objetivo de promover la activaci\u00f3n y reactivaci\u00f3n econ\u00f3mica de cientos de feriantes, por tal motivo la Gerencia de Desarrollo Econ\u00f3mico y Turismo de la Municipalidad, anunci\u00f3 la instalaci\u00f3n de la feria tradicional que estar\u00e1&hellip;","_links":{"self":[{"href":"https:\/\/munichilca.gob.pe\/site\/wp-json\/wp\/v2\/posts\/17923","targetHints":{"allow":["GET"]}}],"collection":[{"href":"https:\/\/munichilca.gob.pe\/site\/wp-json\/wp\/v2\/posts"}],"about":[{"href":"https:\/\/munichilca.gob.pe\/site\/wp-json\/wp\/v2\/types\/post"}],"author":[{"embeddable":true,"href":"https:\/\/munichilca.gob.pe\/site\/wp-json\/wp\/v2\/users\/4"}],"replies":[{"embeddable":true,"href":"https:\/\/munichilca.gob.pe\/site\/wp-json\/wp\/v2\/comments?post=17923"}],"version-history":[{"count":0,"href":"https:\/\/munichilca.gob.pe\/site\/wp-json\/wp\/v2\/posts\/17923\/revisions"}],"wp:attachment":[{"href":"https:\/\/munichilca.gob.pe\/site\/wp-json\/wp\/v2\/media?parent=17923"}],"wp:term":[{"taxonomy":"category","embeddable":true,"href":"https:\/\/munichilca.gob.pe\/site\/wp-json\/wp\/v2\/categories?post=17923"},{"taxonomy":"post_tag","embeddable":true,"href":"https:\/\/munichilca.gob.pe\/site\/wp-json\/wp\/v2\/tags?post=17923"}],"curies":[{"name":"wp","href":"https:\/\/api.w.org\/{rel}","templated":true}]}}