{"id":17920,"date":"2023-11-30T10:16:37","date_gmt":"2023-11-30T10:16:37","guid":{"rendered":"https:\/\/munichilca.gob.pe\/site\/?p=8040"},"modified":"2023-11-30T10:16:37","modified_gmt":"2023-11-30T10:16:37","slug":"%f0%9d%97%96%f0%9d%97%a2%f0%9d%97%a1%f0%9d%97%96%f0%9d%97%98%f0%9d%97%9d%f0%9d%97%a2-%f0%9d%97%a0%f0%9d%97%a8%f0%9d%97%a1%f0%9d%97%9c%f0%9d%97%96%f0%9d%97%9c%f0%9d%97%a3%f0%9d%97%94%f0%9d%97%9f","status":"publish","type":"post","link":"https:\/\/munichilca.gob.pe\/site\/2023\/11\/30\/%f0%9d%97%96%f0%9d%97%a2%f0%9d%97%a1%f0%9d%97%96%f0%9d%97%98%f0%9d%97%9d%f0%9d%97%a2-%f0%9d%97%a0%f0%9d%97%a8%f0%9d%97%a1%f0%9d%97%9c%f0%9d%97%96%f0%9d%97%9c%f0%9d%97%a3%f0%9d%97%94%f0%9d%97%9f\/","title":{"rendered":"\ud835\uddd6\ud835\udde2\ud835\udde1\ud835\uddd6\ud835\uddd8\ud835\udddd\ud835\udde2 \ud835\udde0\ud835\udde8\ud835\udde1\ud835\udddc\ud835\uddd6\ud835\udddc\ud835\udde3\ud835\uddd4\ud835\udddf \ud835\uddd7\ud835\uddd8 \ud835\uddd6\ud835\udddb\ud835\udddc\ud835\udddf\ud835\uddd6\ud835\uddd4, \ud835\uddd7\ud835\uddd8\ud835\uddd6\ud835\udddf\ud835\uddd4\ud835\udde5\ud835\uddd4 \ud835\uddd8\ud835\udde1 \ud835\uddd8\ud835\udde0\ud835\uddd8\ud835\udde5\ud835\uddda\ud835\uddd8\ud835\udde1\ud835\uddd6\ud835\udddc\ud835\uddd4 \ud835\udde7\ud835\udde2\ud835\uddd7\ud835\udde2 \ud835\uddd8\ud835\udddf \ud835\uddd7\ud835\udddc\ud835\udde6\ud835\udde7\ud835\udde5\ud835\udddc\ud835\udde7\ud835\udde2"},"content":{"rendered":"<p>\ud835\ude40\ud835\ude63 \ud835\ude6a\ud835\ude63\ud835\ude56 \ud835\ude68\ud835\ude5a\ud835\ude68\ud835\ude5e\ud835\ude64\u0301\ud835\ude63 \ud835\ude59\ud835\ude5a \ud835\ude58\ud835\ude64\ud835\ude63\ud835\ude58\ud835\ude5a\ud835\ude5f\ud835\ude64 \ud835\ude5a\ud835\ude6d\ud835\ude69\ud835\ude67\ud835\ude56\ud835\ude64\ud835\ude67\ud835\ude59\ud835\ude5e\ud835\ude63\ud835\ude56\ud835\ude67\ud835\ude5e\ud835\ude56, \ud835\ude65\ud835\ude61\ud835\ude5a\ud835\ude63\ud835\ude64 \ud835\ude62\ud835\ude6a\ud835\ude63\ud835\ude5e\ud835\ude58\ud835\ude5e\ud835\ude65\ud835\ude56\ud835\ude61 \ud835\ude59\ud835\ude5a\ud835\ude58\ud835\ude61\ud835\ude56\ud835\ude67\ud835\ude64\u0301 \ud835\ude5a\ud835\ude63 \ud835\ude5a\ud835\ude62\ud835\ude5a\ud835\ude67\ud835\ude5c\ud835\ude5a\ud835\ude63\ud835\ude58\ud835\ude5e\ud835\ude56 \ud835\ude5a\ud835\ude61 \ud835\ude59\ud835\ude5e\ud835\ude68\ud835\ude69\ud835\ude67\ud835\ude5e\ud835\ude69\ud835\ude64, \ud835\ude59\ud835\ude5a\ud835\ude63\ud835\ude59\ud835\ude5a \ud835\ude56\ud835\ude61\ud835\ude58\ud835\ude56\ud835\ude61\ud835\ude59\ud835\ude5a \ud835\ude3e\ud835\ude5a\u0301\ud835\ude68\ud835\ude56\ud835\ude67 \ud835\ude3f\ud835\ude56\ud835\ude62\ud835\ude56\ud835\ude68 \ud835\ude59\ud835\ude5e\ud835\ude68\ud835\ude65\ud835\ude6a\ud835\ude68\ud835\ude64 \ud835\ude56\ud835\ude6e\ud835\ude6a\ud835\ude59\ud835\ude56 \ud835\ude5e\ud835\ude63\ud835\ude62\ud835\ude5a\ud835\ude59\ud835\ude5e\ud835\ude56\ud835\ude69\ud835\ude56.<\/p>\n<p>Tras las intensas lluvias desarrolladas en toda la provincia, y siendo el distrito de Chilca una de las m\u00e1s afectadas, el cual dej\u00f3 fuertes da\u00f1os materiales, colapsos de viviendas, caminos obstruidos, \u00e1reas de cultivo inundadas y cientos de familias damnificadas; la Municipalidad Distrital de Chilca, a trav\u00e9s del acuerdo de concejo municipal se declar\u00f3 en emergencia a todo el distrito.<\/p>\n<p>La primera autoridad edil C\u00e9sar Damas como presidente de la plataforma de Defensa Civil del distrito de Chilca, viene realizando coordinaciones con los miembros integrantes como son la Polic\u00eda Nacional del Per\u00fa para formar brigadas de apoyo ante un evento similar, la UGEL Huancayo para brindar el soporte en las instituciones educativas, las unidades de Defensa Civil de Huancayo y el Gobierno Regional de Jun\u00edn para articular las acciones, el alcalde de Huanc\u00e1n con quien se dispuso la preparaci\u00f3n de ollas comunes a fin de atender a los vecinos de Alata y alrededores colindantes de ambos distritos.<\/p>\n<p>Producto de las inundaciones 400 familias fueron afectadas, colapsando 10 viviendas por lo que personal municipal de la jefatura de Defensa Civil, liderado por el alcalde C\u00e9sar Damas Laurente, desde las 6 de la tarde del d\u00eda lunes 27 de noviembre hasta las 2 de la madrugada del d\u00eda siguiente, atendi\u00f3 llamadas de emergencia en los diversos sectores, provistos de motobombas y baldes para retirar las abundantes aguas que ingresaron a las viviendas.<\/p>\n<p>El \u00e1rea de Defensa Civil entreg\u00f3 camas, colchones, frazadas, calaminas, entre otros enseres a las personas damnificadas cuyas viviendas colapsaron producto de esta intensa lluvia; siendo las zonas m\u00e1s afectadas Llamus, Auray, Coto Coto, Villa Retama, Llocllachaca y Azapampa, donde a la vez se dispuso que toda la maquinaria de la municipalidad preste el apoyo necesario en los afluentes y canales donde se present\u00f3 la emergencia.<\/p>\n","protected":false},"excerpt":{"rendered":"<p>\ud835\ude40\ud835\ude63 \ud835\ude6a\ud835\ude63\ud835\ude56 \ud835\ude68\ud835\ude5a\ud835\ude68\ud835\ude5e\ud835\ude64\u0301\ud835\ude63 \ud835\ude59\ud835\ude5a \ud835\ude58\ud835\ude64\ud835\ude63\ud835\ude58\ud835\ude5a\ud835\ude5f\ud835\ude64 \ud835\ude5a\ud835\ude6d\ud835\ude69\ud835\ude67\ud835\ude56\ud835\ude64\ud835\ude67\ud835\ude59\ud835\ude5e\ud835\ude63\ud835\ude56\ud835\ude67\ud835\ude5e\ud835\ude56, \ud835\ude65\ud835\ude61\ud835\ude5a\ud835\ude63\ud835\ude64 \ud835\ude62\ud835\ude6a\ud835\ude63\ud835\ude5e\ud835\ude58\ud835\ude5e\ud835\ude65\ud835\ude56\ud835\ude61 \ud835\ude59\ud835\ude5a\ud835\ude58\ud835\ude61\ud835\ude56\ud835\ude67\ud835\ude64\u0301 \ud835\ude5a\ud835\ude63 \ud835\ude5a\ud835\ude62\ud835\ude5a\ud835\ude67\ud835\ude5c\ud835\ude5a\ud835\ude63\ud835\ude58\ud835\ude5e\ud835\ude56 \ud835\ude5a\ud835\ude61 \ud835\ude59\ud835\ude5e\ud835\ude68\ud835\ude69\ud835\ude67\ud835\ude5e\ud835\ude69\ud835\ude64, \ud835\ude59\ud835\ude5a\ud835\ude63\ud835\ude59\ud835\ude5a \ud835\ude56\ud835\ude61\ud835\ude58\ud835\ude56\ud835\ude61\ud835\ude59\ud835\ude5a \ud835\ude3e\ud835\ude5a\u0301\ud835\ude68\ud835\ude56\ud835\ude67 \ud835\ude3f\ud835\ude56\ud835\ude62\ud835\ude56\ud835\ude68 \ud835\ude59\ud835\ude5e\ud835\ude68\ud835\ude65\ud835\ude6a\ud835\ude68\ud835\ude64 \ud835\ude56\ud835\ude6e\ud835\ude6a\ud835\ude59\ud835\ude56 \ud835\ude5e\ud835\ude63\ud835\ude62\ud835\ude5a\ud835\ude59\ud835\ude5e\ud835\ude56\ud835\ude69\ud835\ude56. Tras las intensas lluvias desarrolladas en toda la provincia, y siendo el distrito de Chilca una de las m\u00e1s afectadas, el cual dej\u00f3 fuertes da\u00f1os materiales, colapsos de viviendas, caminos obstruidos, \u00e1reas de cultivo inundadas [&hellip;]<\/p>\n","protected":false},"author":4,"featured_media":0,"comment_status":"open","ping_status":"open","sticky":false,"template":"","format":"standard","meta":{"footnotes":""},"categories":[25],"tags":[],"class_list":["post-17920","post","type-post","status-publish","format-standard","hentry","category-noticias"],"blocksy_meta":[],"rttpg_featured_image_url":null,"rttpg_author":{"display_name":"JGUTARRA","author_link":"https:\/\/munichilca.gob.pe\/site\/author\/jgutarra\/"},"rttpg_comment":0,"rttpg_category":"<a href=\"https:\/\/munichilca.gob.pe\/site\/category\/noticias\/\" rel=\"category tag\">Noticias<\/a>","rttpg_excerpt":"\ud835\ude40\ud835\ude63 \ud835\ude6a\ud835\ude63\ud835\ude56 \ud835\ude68\ud835\ude5a\ud835\ude68\ud835\ude5e\ud835\ude64\u0301\ud835\ude63 \ud835\ude59\ud835\ude5a \ud835\ude58\ud835\ude64\ud835\ude63\ud835\ude58\ud835\ude5a\ud835\ude5f\ud835\ude64 \ud835\ude5a\ud835\ude6d\ud835\ude69\ud835\ude67\ud835\ude56\ud835\ude64\ud835\ude67\ud835\ude59\ud835\ude5e\ud835\ude63\ud835\ude56\ud835\ude67\ud835\ude5e\ud835\ude56, \ud835\ude65\ud835\ude61\ud835\ude5a\ud835\ude63\ud835\ude64 \ud835\ude62\ud835\ude6a\ud835\ude63\ud835\ude5e\ud835\ude58\ud835\ude5e\ud835\ude65\ud835\ude56\ud835\ude61 \ud835\ude59\ud835\ude5a\ud835\ude58\ud835\ude61\ud835\ude56\ud835\ude67\ud835\ude64\u0301 \ud835\ude5a\ud835\ude63 \ud835\ude5a\ud835\ude62\ud835\ude5a\ud835\ude67\ud835\ude5c\ud835\ude5a\ud835\ude63\ud835\ude58\ud835\ude5e\ud835\ude56 \ud835\ude5a\ud835\ude61 \ud835\ude59\ud835\ude5e\ud835\ude68\ud835\ude69\ud835\ude67\ud835\ude5e\ud835\ude69\ud835\ude64, \ud835\ude59\ud835\ude5a\ud835\ude63\ud835\ude59\ud835\ude5a \ud835\ude56\ud835\ude61\ud835\ude58\ud835\ude56\ud835\ude61\ud835\ude59\ud835\ude5a \ud835\ude3e\ud835\ude5a\u0301\ud835\ude68\ud835\ude56\ud835\ude67 \ud835\ude3f\ud835\ude56\ud835\ude62\ud835\ude56\ud835\ude68 \ud835\ude59\ud835\ude5e\ud835\ude68\ud835\ude65\ud835\ude6a\ud835\ude68\ud835\ude64 \ud835\ude56\ud835\ude6e\ud835\ude6a\ud835\ude59\ud835\ude56 \ud835\ude5e\ud835\ude63\ud835\ude62\ud835\ude5a\ud835\ude59\ud835\ude5e\ud835\ude56\ud835\ude69\ud835\ude56. Tras las intensas lluvias desarrolladas en toda la provincia, y siendo el distrito de Chilca una de las m\u00e1s afectadas, el cual dej\u00f3 fuertes da\u00f1os materiales, colapsos de viviendas, caminos obstruidos, \u00e1reas de cultivo inundadas&hellip;","_links":{"self":[{"href":"https:\/\/munichilca.gob.pe\/site\/wp-json\/wp\/v2\/posts\/17920","targetHints":{"allow":["GET"]}}],"collection":[{"href":"https:\/\/munichilca.gob.pe\/site\/wp-json\/wp\/v2\/posts"}],"about":[{"href":"https:\/\/munichilca.gob.pe\/site\/wp-json\/wp\/v2\/types\/post"}],"author":[{"embeddable":true,"href":"https:\/\/munichilca.gob.pe\/site\/wp-json\/wp\/v2\/users\/4"}],"replies":[{"embeddable":true,"href":"https:\/\/munichilca.gob.pe\/site\/wp-json\/wp\/v2\/comments?post=17920"}],"version-history":[{"count":0,"href":"https:\/\/munichilca.gob.pe\/site\/wp-json\/wp\/v2\/posts\/17920\/revisions"}],"wp:attachment":[{"href":"https:\/\/munichilca.gob.pe\/site\/wp-json\/wp\/v2\/media?parent=17920"}],"wp:term":[{"taxonomy":"category","embeddable":true,"href":"https:\/\/munichilca.gob.pe\/site\/wp-json\/wp\/v2\/categories?post=17920"},{"taxonomy":"post_tag","embeddable":true,"href":"https:\/\/munichilca.gob.pe\/site\/wp-json\/wp\/v2\/tags?post=17920"}],"curies":[{"name":"wp","href":"https:\/\/api.w.org\/{rel}","templated":true}]}}