{"id":17919,"date":"2023-11-30T10:21:02","date_gmt":"2023-11-30T10:21:02","guid":{"rendered":"https:\/\/munichilca.gob.pe\/site\/?p=8045"},"modified":"2023-11-30T10:21:02","modified_gmt":"2023-11-30T10:21:02","slug":"%f0%9d%97%94%f0%9d%97%9f%f0%9d%97%9c%f0%9d%97%a1%f0%9d%97%98%f0%9d%97%94%f0%9d%97%a1%f0%9d%97%97%f0%9d%97%a2-%f0%9d%97%96%f0%9d%97%94%f0%9d%97%9f%f0%9d%97%9f%f0%9d%97%98%f0%9d%97%a6-2","status":"publish","type":"post","link":"https:\/\/munichilca.gob.pe\/site\/2023\/11\/30\/%f0%9d%97%94%f0%9d%97%9f%f0%9d%97%9c%f0%9d%97%a1%f0%9d%97%98%f0%9d%97%94%f0%9d%97%a1%f0%9d%97%97%f0%9d%97%a2-%f0%9d%97%96%f0%9d%97%94%f0%9d%97%9f%f0%9d%97%9f%f0%9d%97%98%f0%9d%97%a6-2\/","title":{"rendered":"\ud835\uddd6\ud835\udde2\ud835\udde1\ud835\udde7\ud835\udddc\ud835\udde1\u00da\ud835\uddd4\ud835\udde1 \ud835\uddd4\ud835\udddf\ud835\udddc\ud835\udde1\ud835\uddd8\ud835\uddd4\ud835\udde1\ud835\uddd7\ud835\udde2 \ud835\uddd6\ud835\uddd4\ud835\udddf\ud835\udddf\ud835\uddd8\ud835\udde6 \ud835\uddd8\ud835\udde1 \ud835\uddd6\ud835\udddb\ud835\udddc\ud835\udddf\ud835\uddd6\ud835\uddd4"},"content":{"rendered":"<p>\ud835\ude42\ud835\ude5a\ud835\ude67\ud835\ude5a\ud835\ude63\ud835\ude58\ud835\ude5e\ud835\ude56 \ud835\ude59\ud835\ude5a \ud835\ude64\ud835\ude57\ud835\ude67\ud835\ude56\ud835\ude68 \ud835\ude65\ud835\ude6a\u0301\ud835\ude57\ud835\ude61\ud835\ude5e\ud835\ude58\ud835\ude56\ud835\ude68, \ud835\ude58\ud835\ude64\ud835\ude63\ud835\ude69\ud835\ude5e\ud835\ude63\ud835\ude6a\u0301\ud835\ude56 \ud835\ude69\ud835\ude67\ud835\ude56\ud835\ude57\ud835\ude56\ud835\ude5f\ud835\ude64\ud835\ude68 \ud835\ude59\ud835\ude5a \ud835\ude5a\ud835\ude63\ud835\ude68\ud835\ude56\ud835\ude63\ud835\ude58\ud835\ude5d\ud835\ude5a \ud835\ude6e \ud835\ude56\ud835\ude61\ud835\ude5e\ud835\ude63\ud835\ude5a\ud835\ude56\ud835\ude62\ud835\ude5e\ud835\ude5a\ud835\ude63\ud835\ude69\ud835\ude64 \ud835\ude59\ud835\ude5a \ud835\ude58\ud835\ude56\ud835\ude61\ud835\ude61\ud835\ude5a\ud835\ude68<\/p>\n<p>La municipalidad distrital de Chilca, a trav\u00e9s de la gerencia de obras p\u00fablicas, y el \u00e1rea de alineamiento y ensanche de v\u00edas, sigue realizando trabajos de alineamiento y ensanche de calles; en horas de la ma\u00f1ana, maquinarias pesadas se dirigieron hasta la Av. Ferrocarril, en el tramo de la Av. 9 de Diciembre hasta el Jr. Marcavalle, donde un predio se encontraba sobresaliendo el cual ocupaba gran parte de v\u00eda; con personal municipal respondieron a un pedido de alineamiento que llevaba a\u00f1os sin ser atendido generando constantes problemas a los moradores del lugar.<\/p>\n<p>El responsable del \u00e1rea de alineamiento de v\u00edas, ing. Jorge Paucar, refiri\u00f3 que los trabajos que se realizan con maquinarias y mano de obra municipal, son por pedido de los vecinos. \u201cEstamos ensanchando estas importantes v\u00edas, porque es una prioridad que requiere el distrito para su desarrollo, esta calle es muy transitada y cuando llueve se pone angosta porque la acumulaci\u00f3n de agua, y tras un convenio con la propietaria del terreno que muy amablemente cedi\u00f3 parte de su predio iniciamos este trabajo\u201d, indic\u00f3.<\/p>\n<p>En ese sentido esto es por encargo del alcalde C\u00e9sar Damas, ya que desde hace tiempo existe la intenci\u00f3n de realizar estos trabajos para generar desarrollo para el distrito, pero el clima y la necesidad de las m\u00e1quinas para otras actividades, hicieron que se postergue.<\/p>\n<p>\u201cEstos trabajos los hacemos con empleados municipales y, gracias a que los veh\u00edculos son nuestros, creemos que en dos d\u00edas lo podemos terminar. Toda la zona tuvo un empuje distintivo para elevarles la calidad de vida. El objetivo es que quede limpia, segura y en buenas condiciones para que puedan transitar los vecinos\u201d, finaliz\u00f3 el funcionario.<\/p>\n<p>Es preciso aclarar que esta calle tiene un tr\u00e1nsito muy concurrido, no solamente porque los vecinos de la zona la utilizan como v\u00eda alterna los d\u00edas de feria dominical , sino tambi\u00e9n por el tr\u00e1nsito pesado.<\/p>\n","protected":false},"excerpt":{"rendered":"<p>\ud835\ude42\ud835\ude5a\ud835\ude67\ud835\ude5a\ud835\ude63\ud835\ude58\ud835\ude5e\ud835\ude56 \ud835\ude59\ud835\ude5a \ud835\ude64\ud835\ude57\ud835\ude67\ud835\ude56\ud835\ude68 \ud835\ude65\ud835\ude6a\u0301\ud835\ude57\ud835\ude61\ud835\ude5e\ud835\ude58\ud835\ude56\ud835\ude68, \ud835\ude58\ud835\ude64\ud835\ude63\ud835\ude69\ud835\ude5e\ud835\ude63\ud835\ude6a\u0301\ud835\ude56 \ud835\ude69\ud835\ude67\ud835\ude56\ud835\ude57\ud835\ude56\ud835\ude5f\ud835\ude64\ud835\ude68 \ud835\ude59\ud835\ude5a \ud835\ude5a\ud835\ude63\ud835\ude68\ud835\ude56\ud835\ude63\ud835\ude58\ud835\ude5d\ud835\ude5a \ud835\ude6e \ud835\ude56\ud835\ude61\ud835\ude5e\ud835\ude63\ud835\ude5a\ud835\ude56\ud835\ude62\ud835\ude5e\ud835\ude5a\ud835\ude63\ud835\ude69\ud835\ude64 \ud835\ude59\ud835\ude5a \ud835\ude58\ud835\ude56\ud835\ude61\ud835\ude61\ud835\ude5a\ud835\ude68 La municipalidad distrital de Chilca, a trav\u00e9s de la gerencia de obras p\u00fablicas, y el \u00e1rea de alineamiento y ensanche de v\u00edas, sigue realizando trabajos de alineamiento y ensanche de calles; en horas de la ma\u00f1ana, maquinarias pesadas se dirigieron hasta la Av. [&hellip;]<\/p>\n","protected":false},"author":4,"featured_media":0,"comment_status":"open","ping_status":"open","sticky":false,"template":"","format":"standard","meta":{"footnotes":""},"categories":[25],"tags":[],"class_list":["post-17919","post","type-post","status-publish","format-standard","hentry","category-noticias"],"blocksy_meta":[],"rttpg_featured_image_url":null,"rttpg_author":{"display_name":"JGUTARRA","author_link":"https:\/\/munichilca.gob.pe\/site\/author\/jgutarra\/"},"rttpg_comment":0,"rttpg_category":"<a href=\"https:\/\/munichilca.gob.pe\/site\/category\/noticias\/\" rel=\"category tag\">Noticias<\/a>","rttpg_excerpt":"\ud835\ude42\ud835\ude5a\ud835\ude67\ud835\ude5a\ud835\ude63\ud835\ude58\ud835\ude5e\ud835\ude56 \ud835\ude59\ud835\ude5a \ud835\ude64\ud835\ude57\ud835\ude67\ud835\ude56\ud835\ude68 \ud835\ude65\ud835\ude6a\u0301\ud835\ude57\ud835\ude61\ud835\ude5e\ud835\ude58\ud835\ude56\ud835\ude68, \ud835\ude58\ud835\ude64\ud835\ude63\ud835\ude69\ud835\ude5e\ud835\ude63\ud835\ude6a\u0301\ud835\ude56 \ud835\ude69\ud835\ude67\ud835\ude56\ud835\ude57\ud835\ude56\ud835\ude5f\ud835\ude64\ud835\ude68 \ud835\ude59\ud835\ude5a \ud835\ude5a\ud835\ude63\ud835\ude68\ud835\ude56\ud835\ude63\ud835\ude58\ud835\ude5d\ud835\ude5a \ud835\ude6e \ud835\ude56\ud835\ude61\ud835\ude5e\ud835\ude63\ud835\ude5a\ud835\ude56\ud835\ude62\ud835\ude5e\ud835\ude5a\ud835\ude63\ud835\ude69\ud835\ude64 \ud835\ude59\ud835\ude5a \ud835\ude58\ud835\ude56\ud835\ude61\ud835\ude61\ud835\ude5a\ud835\ude68 La municipalidad distrital de Chilca, a trav\u00e9s de la gerencia de obras p\u00fablicas, y el \u00e1rea de alineamiento y ensanche de v\u00edas, sigue realizando trabajos de alineamiento y ensanche de calles; en horas de la ma\u00f1ana, maquinarias pesadas se dirigieron hasta la Av.&hellip;","_links":{"self":[{"href":"https:\/\/munichilca.gob.pe\/site\/wp-json\/wp\/v2\/posts\/17919","targetHints":{"allow":["GET"]}}],"collection":[{"href":"https:\/\/munichilca.gob.pe\/site\/wp-json\/wp\/v2\/posts"}],"about":[{"href":"https:\/\/munichilca.gob.pe\/site\/wp-json\/wp\/v2\/types\/post"}],"author":[{"embeddable":true,"href":"https:\/\/munichilca.gob.pe\/site\/wp-json\/wp\/v2\/users\/4"}],"replies":[{"embeddable":true,"href":"https:\/\/munichilca.gob.pe\/site\/wp-json\/wp\/v2\/comments?post=17919"}],"version-history":[{"count":0,"href":"https:\/\/munichilca.gob.pe\/site\/wp-json\/wp\/v2\/posts\/17919\/revisions"}],"wp:attachment":[{"href":"https:\/\/munichilca.gob.pe\/site\/wp-json\/wp\/v2\/media?parent=17919"}],"wp:term":[{"taxonomy":"category","embeddable":true,"href":"https:\/\/munichilca.gob.pe\/site\/wp-json\/wp\/v2\/categories?post=17919"},{"taxonomy":"post_tag","embeddable":true,"href":"https:\/\/munichilca.gob.pe\/site\/wp-json\/wp\/v2\/tags?post=17919"}],"curies":[{"name":"wp","href":"https:\/\/api.w.org\/{rel}","templated":true}]}}