{"id":17911,"date":"2023-12-04T12:16:31","date_gmt":"2023-12-04T12:16:31","guid":{"rendered":"https:\/\/munichilca.gob.pe\/site\/?p=8068"},"modified":"2023-12-04T12:16:31","modified_gmt":"2023-12-04T12:16:31","slug":"%f0%9d%97%98%f0%9d%97%a0%f0%9d%97%a3%f0%9d%97%94%f0%9d%97%97%f0%9d%97%a5%f0%9d%97%a2%f0%9d%97%a1%f0%9d%97%94%f0%9d%97%a1-%f0%9d%97%94-%f0%9d%97%99%f0%9d%97%94%f0%9d%97%a0%f0%9d%97%9c%f0%9d%97%9f","status":"publish","type":"post","link":"https:\/\/munichilca.gob.pe\/site\/2023\/12\/04\/%f0%9d%97%98%f0%9d%97%a0%f0%9d%97%a3%f0%9d%97%94%f0%9d%97%97%f0%9d%97%a5%f0%9d%97%a2%f0%9d%97%a1%f0%9d%97%94%f0%9d%97%a1-%f0%9d%97%94-%f0%9d%97%99%f0%9d%97%94%f0%9d%97%a0%f0%9d%97%9c%f0%9d%97%9f\/","title":{"rendered":"\ud835\uddd6\ud835\udde2\ud835\udde1\ud835\udde7\ud835\udddc\ud835\udde1\ud835\udde8\ud835\uddd4 \ud835\uddd8\ud835\udde0\ud835\udde3\ud835\uddd4\ud835\uddd7\ud835\udde5\ud835\udde2\ud835\udde1\ud835\uddd4\ud835\udde0\ud835\udddc\ud835\uddd8\ud835\udde1\ud835\udde7\ud835\udde2 \ud835\uddd7\ud835\uddd8 \ud835\uddd9\ud835\uddd4\ud835\udde0\ud835\udddc\ud835\udddf\ud835\udddc\ud835\uddd4\ud835\udde6 \ud835\uddd7\ud835\uddd4\ud835\udde0\ud835\udde1\ud835\udddc\ud835\uddd9\ud835\udddc\ud835\uddd6\ud835\uddd4\ud835\uddd7\ud835\uddd4\ud835\udde6 \ud835\uddd8\ud835\udde1 \ud835\uddd6\ud835\udddb\ud835\udddc\ud835\udddf\ud835\uddd6\ud835\uddd4"},"content":{"rendered":"<p>\ud835\ude40\ud835\ude63 \ud835\ude68\ud835\ude5a\ud835\ude58\ud835\ude69\ud835\ude64\ud835\ude67\ud835\ude5a\ud835\ude68 \ud835\ude56\ud835\ude5b\ud835\ude5a\ud835\ude58\ud835\ude69\ud835\ude56\ud835\ude59\ud835\ude64\ud835\ude68, \ud835\ude69\ud835\ude67\ud835\ude56\ud835\ude57\ud835\ude56\ud835\ude5f\ud835\ude56\ud835\ude59\ud835\ude64\ud835\ude67\ud835\ude5a\ud835\ude68 \ud835\ude62\ud835\ude6a\ud835\ude63\ud835\ude5e\ud835\ude58\ud835\ude5e\ud835\ude65\ud835\ude56\ud835\ude61\ud835\ude5a\ud835\ude68 \ud835\ude6b\ud835\ude5e\ud835\ude5a\ud835\ude63\ud835\ude5a\ud835\ude63 \ud835\ude5e\ud835\ude59\ud835\ude5a\ud835\ude63\ud835\ude69\ud835\ude5e\ud835\ude5b\ud835\ude5e\ud835\ude58\ud835\ude56\ud835\ude63\ud835\ude59\ud835\ude64 \ud835\ude6e \ud835\ude67\ud835\ude5a\ud835\ude5c\ud835\ude5e\ud835\ude68\ud835\ude69\ud835\ude67\ud835\ude56\ud835\ude63\ud835\ude59\ud835\ude64 \ud835\ude56 \ud835\ude5b\ud835\ude56\ud835\ude62\ud835\ude5e\ud835\ude61\ud835\ude5e\ud835\ude56\ud835\ude68 \ud835\ude56\ud835\ude5b\ud835\ude5a\ud835\ude58\ud835\ude69\ud835\ude56\ud835\ude59\ud835\ude56\ud835\ude68 \ud835\ude65\ud835\ude64\ud835\ude67 \ud835\ude5e\ud835\ude63\ud835\ude6a\ud835\ude63\ud835\ude59\ud835\ude56\ud835\ude58\ud835\ude5e\ud835\ude64\u0301\ud835\ude63.<\/p>\n<p>La Municipalidad de Chilca, design\u00f3 personal de cada gerencia para realizar el empadronamiento diario, de todas las zonas afectadas registrando a las personas damnificadas con el llenado de fichas de Evaluaci\u00f3n de Da\u00f1os y An\u00e1lisis de Necesidades (EDAN), con la finalidad de obtener un registro de personas que recibir\u00e1n ayuda humanitaria.<\/p>\n<p>El personal de brigada de la Municipalidad Distrital de Chilca, tras una capacitaci\u00f3n sobre el correcto llenado de las fichas de (EDAN), por parte del Instituto Nacional de Defensa Civil (INDECI), contin\u00faa con el empadronamiento de las personas afectadas por la inundaci\u00f3n que caus\u00f3 afectaciones en viviendas e instituciones educativas.<br \/>\nCabe indicar que la Municipalidad de Chilca a trav\u00e9s de la oficina de Defensa Civil, se monitorea las 24 horas del d\u00eda la evoluci\u00f3n de esta emergencia y exhorta a las brigadas de apoyo a mantenerse en contacto con la poblaci\u00f3n de las zonas afectadas y en alerta permanente para seguir empadronando a los afectados a trav\u00e9s de la plataforma que se puso a disposici\u00f3n.<\/p>\n<p>A su turno, el alcalde del distrito C\u00e9sar Damas, solicit\u00f3 a la poblaci\u00f3n brindar las facilidades al personal encargado para que se pueda realizar un trabajo adecuado de empadronamiento, \u201chasta el momento se tiene registrado a 87 viviendas afectadas en las que habitan 321 personas, donde dicho proceso de evaluaci\u00f3n continua, se viene coordinando con todos los miembros de la plataforma de Defensa Civil y las brigadas de apoyo en la entrega de<\/p>\n<p>Bienes de Ayuda Humanitaria (BAH) para las personas afectadas\u201d exhort\u00f3 la primera autoridad edil.<br \/>\nCabe resaltar que la Municipalidad de Chilca, a trav\u00e9s de la oficina de Defensa Civil, monitorea las 24 horas del d\u00eda la evoluci\u00f3n de esta emergencia y exhorta a las brigadas de apoyo a mantenerse en contacto con la poblaci\u00f3n de las zonas afectadas y en alerta permanente para seguir empadronando a los afectados a trav\u00e9s de la plataforma que se puso a disposici\u00f3n.<\/p>\n","protected":false},"excerpt":{"rendered":"<p>\ud835\ude40\ud835\ude63 \ud835\ude68\ud835\ude5a\ud835\ude58\ud835\ude69\ud835\ude64\ud835\ude67\ud835\ude5a\ud835\ude68 \ud835\ude56\ud835\ude5b\ud835\ude5a\ud835\ude58\ud835\ude69\ud835\ude56\ud835\ude59\ud835\ude64\ud835\ude68, \ud835\ude69\ud835\ude67\ud835\ude56\ud835\ude57\ud835\ude56\ud835\ude5f\ud835\ude56\ud835\ude59\ud835\ude64\ud835\ude67\ud835\ude5a\ud835\ude68 \ud835\ude62\ud835\ude6a\ud835\ude63\ud835\ude5e\ud835\ude58\ud835\ude5e\ud835\ude65\ud835\ude56\ud835\ude61\ud835\ude5a\ud835\ude68 \ud835\ude6b\ud835\ude5e\ud835\ude5a\ud835\ude63\ud835\ude5a\ud835\ude63 \ud835\ude5e\ud835\ude59\ud835\ude5a\ud835\ude63\ud835\ude69\ud835\ude5e\ud835\ude5b\ud835\ude5e\ud835\ude58\ud835\ude56\ud835\ude63\ud835\ude59\ud835\ude64 \ud835\ude6e \ud835\ude67\ud835\ude5a\ud835\ude5c\ud835\ude5e\ud835\ude68\ud835\ude69\ud835\ude67\ud835\ude56\ud835\ude63\ud835\ude59\ud835\ude64 \ud835\ude56 \ud835\ude5b\ud835\ude56\ud835\ude62\ud835\ude5e\ud835\ude61\ud835\ude5e\ud835\ude56\ud835\ude68 \ud835\ude56\ud835\ude5b\ud835\ude5a\ud835\ude58\ud835\ude69\ud835\ude56\ud835\ude59\ud835\ude56\ud835\ude68 \ud835\ude65\ud835\ude64\ud835\ude67 \ud835\ude5e\ud835\ude63\ud835\ude6a\ud835\ude63\ud835\ude59\ud835\ude56\ud835\ude58\ud835\ude5e\ud835\ude64\u0301\ud835\ude63. La Municipalidad de Chilca, design\u00f3 personal de cada gerencia para realizar el empadronamiento diario, de todas las zonas afectadas registrando a las personas damnificadas con el llenado de fichas de Evaluaci\u00f3n de Da\u00f1os y An\u00e1lisis de Necesidades (EDAN), con la finalidad [&hellip;]<\/p>\n","protected":false},"author":4,"featured_media":17914,"comment_status":"open","ping_status":"open","sticky":false,"template":"","format":"standard","meta":{"footnotes":""},"categories":[25],"tags":[],"class_list":["post-17911","post","type-post","status-publish","format-standard","has-post-thumbnail","hentry","category-noticias"],"blocksy_meta":[],"rttpg_featured_image_url":{"full":["https:\/\/munichilca.gob.pe\/site\/wp-content\/uploads\/2023\/12\/WhatsApp-Image-2023-11-30-at-3.15.39-PM.jpeg",1600,1200,false],"landscape":["https:\/\/munichilca.gob.pe\/site\/wp-content\/uploads\/2023\/12\/WhatsApp-Image-2023-11-30-at-3.15.39-PM.jpeg",1600,1200,false],"portraits":["https:\/\/munichilca.gob.pe\/site\/wp-content\/uploads\/2023\/12\/WhatsApp-Image-2023-11-30-at-3.15.39-PM.jpeg",1600,1200,false],"thumbnail":["https:\/\/munichilca.gob.pe\/site\/wp-content\/uploads\/2023\/12\/WhatsApp-Image-2023-11-30-at-3.15.39-PM-150x150.jpeg",150,150,true],"medium":["https:\/\/munichilca.gob.pe\/site\/wp-content\/uploads\/2023\/12\/WhatsApp-Image-2023-11-30-at-3.15.39-PM-300x225.jpeg",300,225,true],"large":["https:\/\/munichilca.gob.pe\/site\/wp-content\/uploads\/2023\/12\/WhatsApp-Image-2023-11-30-at-3.15.39-PM-1024x768.jpeg",1024,768,true],"1536x1536":["https:\/\/munichilca.gob.pe\/site\/wp-content\/uploads\/2023\/12\/WhatsApp-Image-2023-11-30-at-3.15.39-PM-1536x1152.jpeg",1536,1152,true],"2048x2048":["https:\/\/munichilca.gob.pe\/site\/wp-content\/uploads\/2023\/12\/WhatsApp-Image-2023-11-30-at-3.15.39-PM.jpeg",1600,1200,false],"tp-image-grid":["https:\/\/munichilca.gob.pe\/site\/wp-content\/uploads\/2023\/12\/WhatsApp-Image-2023-11-30-at-3.15.39-PM-700x700.jpeg",700,700,true]},"rttpg_author":{"display_name":"JGUTARRA","author_link":"https:\/\/munichilca.gob.pe\/site\/author\/jgutarra\/"},"rttpg_comment":0,"rttpg_category":"<a href=\"https:\/\/munichilca.gob.pe\/site\/category\/noticias\/\" rel=\"category tag\">Noticias<\/a>","rttpg_excerpt":"\ud835\ude40\ud835\ude63 \ud835\ude68\ud835\ude5a\ud835\ude58\ud835\ude69\ud835\ude64\ud835\ude67\ud835\ude5a\ud835\ude68 \ud835\ude56\ud835\ude5b\ud835\ude5a\ud835\ude58\ud835\ude69\ud835\ude56\ud835\ude59\ud835\ude64\ud835\ude68, \ud835\ude69\ud835\ude67\ud835\ude56\ud835\ude57\ud835\ude56\ud835\ude5f\ud835\ude56\ud835\ude59\ud835\ude64\ud835\ude67\ud835\ude5a\ud835\ude68 \ud835\ude62\ud835\ude6a\ud835\ude63\ud835\ude5e\ud835\ude58\ud835\ude5e\ud835\ude65\ud835\ude56\ud835\ude61\ud835\ude5a\ud835\ude68 \ud835\ude6b\ud835\ude5e\ud835\ude5a\ud835\ude63\ud835\ude5a\ud835\ude63 \ud835\ude5e\ud835\ude59\ud835\ude5a\ud835\ude63\ud835\ude69\ud835\ude5e\ud835\ude5b\ud835\ude5e\ud835\ude58\ud835\ude56\ud835\ude63\ud835\ude59\ud835\ude64 \ud835\ude6e \ud835\ude67\ud835\ude5a\ud835\ude5c\ud835\ude5e\ud835\ude68\ud835\ude69\ud835\ude67\ud835\ude56\ud835\ude63\ud835\ude59\ud835\ude64 \ud835\ude56 \ud835\ude5b\ud835\ude56\ud835\ude62\ud835\ude5e\ud835\ude61\ud835\ude5e\ud835\ude56\ud835\ude68 \ud835\ude56\ud835\ude5b\ud835\ude5a\ud835\ude58\ud835\ude69\ud835\ude56\ud835\ude59\ud835\ude56\ud835\ude68 \ud835\ude65\ud835\ude64\ud835\ude67 \ud835\ude5e\ud835\ude63\ud835\ude6a\ud835\ude63\ud835\ude59\ud835\ude56\ud835\ude58\ud835\ude5e\ud835\ude64\u0301\ud835\ude63. La Municipalidad de Chilca, design\u00f3 personal de cada gerencia para realizar el empadronamiento diario, de todas las zonas afectadas registrando a las personas damnificadas con el llenado de fichas de Evaluaci\u00f3n de Da\u00f1os y An\u00e1lisis de Necesidades (EDAN), con la finalidad&hellip;","_links":{"self":[{"href":"https:\/\/munichilca.gob.pe\/site\/wp-json\/wp\/v2\/posts\/17911","targetHints":{"allow":["GET"]}}],"collection":[{"href":"https:\/\/munichilca.gob.pe\/site\/wp-json\/wp\/v2\/posts"}],"about":[{"href":"https:\/\/munichilca.gob.pe\/site\/wp-json\/wp\/v2\/types\/post"}],"author":[{"embeddable":true,"href":"https:\/\/munichilca.gob.pe\/site\/wp-json\/wp\/v2\/users\/4"}],"replies":[{"embeddable":true,"href":"https:\/\/munichilca.gob.pe\/site\/wp-json\/wp\/v2\/comments?post=17911"}],"version-history":[{"count":0,"href":"https:\/\/munichilca.gob.pe\/site\/wp-json\/wp\/v2\/posts\/17911\/revisions"}],"wp:featuredmedia":[{"embeddable":true,"href":"https:\/\/munichilca.gob.pe\/site\/wp-json\/wp\/v2\/media\/17914"}],"wp:attachment":[{"href":"https:\/\/munichilca.gob.pe\/site\/wp-json\/wp\/v2\/media?parent=17911"}],"wp:term":[{"taxonomy":"category","embeddable":true,"href":"https:\/\/munichilca.gob.pe\/site\/wp-json\/wp\/v2\/categories?post=17911"},{"taxonomy":"post_tag","embeddable":true,"href":"https:\/\/munichilca.gob.pe\/site\/wp-json\/wp\/v2\/tags?post=17911"}],"curies":[{"name":"wp","href":"https:\/\/api.w.org\/{rel}","templated":true}]}}