{"id":17901,"date":"2023-12-04T12:28:21","date_gmt":"2023-12-04T12:28:21","guid":{"rendered":"https:\/\/munichilca.gob.pe\/site\/?p=8089"},"modified":"2023-12-04T12:28:21","modified_gmt":"2023-12-04T12:28:21","slug":"%f0%9d%97%a0%f0%9d%97%97%f0%9d%97%96%f0%9d%97%9b-%f0%9d%97%a5%f0%9d%97%98%f0%9d%97%94%f0%9d%97%9f%f0%9d%97%9c%f0%9d%97%ad%f0%9d%97%94","status":"publish","type":"post","link":"https:\/\/munichilca.gob.pe\/site\/2023\/12\/04\/%f0%9d%97%a0%f0%9d%97%97%f0%9d%97%96%f0%9d%97%9b-%f0%9d%97%a5%f0%9d%97%98%f0%9d%97%94%f0%9d%97%9f%f0%9d%97%9c%f0%9d%97%ad%f0%9d%97%94\/","title":{"rendered":"\ud835\udde0\ud835\uddd7\ud835\uddd6\ud835\udddb \ud835\udde5\ud835\uddd8\ud835\uddd4\ud835\udddf\ud835\udddc\ud835\udded\ud835\uddd4 \ud835\uddd6\ud835\uddd4\ud835\udde0\ud835\udde3A\u00d1\ud835\uddd4 \ud835\uddd7\ud835\uddd8 \ud835\uddd4\ud835\udde7\ud835\uddd8\ud835\udde1\ud835\uddd6\ud835\udddc\u00d3\ud835\udde1 \ud835\udde0\u00c9\ud835\uddd7\ud835\udddc\ud835\uddd6\ud835\uddd4 \ud835\uddec \ud835\uddd8\ud835\udde6\ud835\udde7\ud835\uddd8\ud835\udde5\ud835\udddc\ud835\udddf\ud835\udddc\ud835\udded\ud835\uddd4\ud835\uddd6\ud835\udddc\u00d3\ud835\udde1 \ud835\udde3\ud835\uddd4\ud835\udde5\ud835\uddd4 \ud835\uddd6\ud835\uddd4\ud835\udde1\ud835\uddd8\ud835\udde6"},"content":{"rendered":"<p>\ud835\ude48\ud835\ude5a\u0301\ud835\ude59\ud835\ude5e\ud835\ude58\ud835\ude64\ud835\ude68 \ud835\ude6b\ud835\ude5a\ud835\ude69\ud835\ude5a\ud835\ude67\ud835\ude5e\ud835\ude63\ud835\ude56\ud835\ude67\ud835\ude5e\ud835\ude64\ud835\ude68 \ud835\ude57\ud835\ude67\ud835\ude5e\ud835\ude63\ud835\ude59\ud835\ude56\ud835\ude67\ud835\ude56\u0301\ud835\ude63 \ud835\ude56\ud835\ude69\ud835\ude5a\ud835\ude63\ud835\ude58\ud835\ude5e\ud835\ude64\u0301\ud835\ude63 \ud835\ude62\ud835\ude5a\u0301\ud835\ude59\ud835\ude5e\ud835\ude58\ud835\ude56 \ud835\ude5c\ud835\ude67\ud835\ude56\ud835\ude69\ud835\ude6a\ud835\ude5e\ud835\ude69\ud835\ude56 \ud835\ude56 \ud835\ude58\ud835\ude56\ud835\ude63\ud835\ude5a\ud835\ude68, \ud835\ude68\ud835\ude64\ud835\ude57\ud835\ude67\ud835\ude5a \ud835\ude69\ud835\ude64\ud835\ude59\ud835\ude64 \ud835\ude56 \ud835\ude61\ud835\ude64\ud835\ude68 \ud835\ude66\ud835\ude6a\ud835\ude5a \ud835\ude5b\ud835\ude6a\ud835\ude5a\ud835\ude67\ud835\ude64\ud835\ude63 \ud835\ude56\ud835\ude5b\ud835\ude5a\ud835\ude58\ud835\ude69\ud835\ude56\ud835\ude59\ud835\ude64\ud835\ude68 \ud835\ude65\ud835\ude64\ud835\ude67 \ud835\ude61\ud835\ude56 \ud835\ude5e\ud835\ude63\ud835\ude69\ud835\ude5a\ud835\ude63\ud835\ude68\ud835\ude56 \ud835\ude61\ud835\ude61\ud835\ude6a\ud835\ude6b\ud835\ude5e\ud835\ude56 \ud835\ude5a \ud835\ude5e\ud835\ude63\ud835\ude6a\ud835\ude63\ud835\ude59\ud835\ude56\ud835\ude58\ud835\ude5e\ud835\ude64\u0301\ud835\ude63.<\/p>\n<p>La Municipalidad Distrital de Chilca a trav\u00e9s de la Gerencia de Servicios P\u00fablicos y Medio Ambiente, realizar\u00e1n la campa\u00f1a m\u00e9dica gratuita de atenci\u00f3n a canes este 1 de diciembre en el parque Zonal de Coto Coto a partir de las 8 de la ma\u00f1ana, donde tambi\u00e9n se podr\u00e1n desparasitar y esterilizar; ante una alianza articulada entre la facultad de Medicina Veterinaria de la Universidad Peruana Los Andes, el Colegio de M\u00e9dicos Veterinarios del Per\u00fa, la Direcci\u00f3n Regional de Salud y la Red de Salud del Valle del Mantaro y la comuna de Chilca, tomaron acciones para promover la tenencia responsable de animales donde la salud y el bienestar son prioritarias.<\/p>\n<p>Esta campa\u00f1a, donde el objetivo es la atenci\u00f3n de los canes que fueron afectados por las intensas lluvias suscitadas en nuestro distrito, donde los due\u00f1os podr\u00e1n acercarse con sus mascotas y recibir la atenci\u00f3n m\u00e9dica totalmente gratis por parte de m\u00e9dicos veterinarios certificados.<\/p>\n<p>Cabe resaltar que la atenci\u00f3n para la campa\u00f1a de esterilizaci\u00f3n de canes, ser\u00e1 solo para las personas que lograron inscribirse en las oficinas de la Unidad de Serenazgo, por motivo que este tipo de operaci\u00f3n requiere una serie de an\u00e1lisis m\u00e9dicos a las mascotas antes de la operaci\u00f3n.<br \/>\nCabe resaltar que este tipo de operaciones tambi\u00e9n reducen los problemas de agresividad que puedan generarse debido a los ciclos de apareamiento y sobrepoblaci\u00f3n de canes y el de la escasez de personas que quieren adoptar.<\/p>\n<p>Los requisitos para la esterilizaci\u00f3n y desparasitaci\u00f3n de canes, se recomienda traer a la mascota de 6 meses a 5 a\u00f1os de edad en ayunas; quienes deber\u00e1n estar inscritos con carnet de identificaci\u00f3n o D.N.I., quienes deber\u00e1n portar su collar otorgado por la Municipalidad.<\/p>\n<p>A su turno la primera autoridad edil del distrito, C\u00e9sar Damas indic\u00f3 que esta gesti\u00f3n no solo viene trabajando para salvaguardar la salud de los vecinos, sino tambi\u00e9n en crear concientizaci\u00f3n sobre el respeto y la responsabilidad que implica tener una mascota en el hogar y hacerla parte de la familia, campa\u00f1as se realizar\u00e1n de manera permanente y descentralizada enfocada en perros machos, en colaboraci\u00f3n con cl\u00ednicas veterinarias. El prop\u00f3sito es evitar la proliferaci\u00f3n de canes en la ciudad; \u201cqueremos evitar que en los engre\u00eddos de casa alberguen par\u00e1sitos que son perjudiciales tanto para la salud de ellos mismos, como para las personas, vamos a sensibilizar a la poblaci\u00f3n sobre tenencia responsable\u201d.<\/p>\n<p>Finalmente manifest\u00f3 que estas acciones tienen la respuesta acertada de la poblaci\u00f3n local, en las diferentes acciones que se viene realizando. Puso en conocimiento adem\u00e1s que se vendr\u00e1n m\u00e1s campa\u00f1as de esterilizaci\u00f3n de mascotas caninas y tambi\u00e9n felinas.<\/p>\n","protected":false},"excerpt":{"rendered":"<p>\ud835\ude48\ud835\ude5a\u0301\ud835\ude59\ud835\ude5e\ud835\ude58\ud835\ude64\ud835\ude68 \ud835\ude6b\ud835\ude5a\ud835\ude69\ud835\ude5a\ud835\ude67\ud835\ude5e\ud835\ude63\ud835\ude56\ud835\ude67\ud835\ude5e\ud835\ude64\ud835\ude68 \ud835\ude57\ud835\ude67\ud835\ude5e\ud835\ude63\ud835\ude59\ud835\ude56\ud835\ude67\ud835\ude56\u0301\ud835\ude63 \ud835\ude56\ud835\ude69\ud835\ude5a\ud835\ude63\ud835\ude58\ud835\ude5e\ud835\ude64\u0301\ud835\ude63 \ud835\ude62\ud835\ude5a\u0301\ud835\ude59\ud835\ude5e\ud835\ude58\ud835\ude56 \ud835\ude5c\ud835\ude67\ud835\ude56\ud835\ude69\ud835\ude6a\ud835\ude5e\ud835\ude69\ud835\ude56 \ud835\ude56 \ud835\ude58\ud835\ude56\ud835\ude63\ud835\ude5a\ud835\ude68, \ud835\ude68\ud835\ude64\ud835\ude57\ud835\ude67\ud835\ude5a \ud835\ude69\ud835\ude64\ud835\ude59\ud835\ude64 \ud835\ude56 \ud835\ude61\ud835\ude64\ud835\ude68 \ud835\ude66\ud835\ude6a\ud835\ude5a \ud835\ude5b\ud835\ude6a\ud835\ude5a\ud835\ude67\ud835\ude64\ud835\ude63 \ud835\ude56\ud835\ude5b\ud835\ude5a\ud835\ude58\ud835\ude69\ud835\ude56\ud835\ude59\ud835\ude64\ud835\ude68 \ud835\ude65\ud835\ude64\ud835\ude67 \ud835\ude61\ud835\ude56 \ud835\ude5e\ud835\ude63\ud835\ude69\ud835\ude5a\ud835\ude63\ud835\ude68\ud835\ude56 \ud835\ude61\ud835\ude61\ud835\ude6a\ud835\ude6b\ud835\ude5e\ud835\ude56 \ud835\ude5a \ud835\ude5e\ud835\ude63\ud835\ude6a\ud835\ude63\ud835\ude59\ud835\ude56\ud835\ude58\ud835\ude5e\ud835\ude64\u0301\ud835\ude63. La Municipalidad Distrital de Chilca a trav\u00e9s de la Gerencia de Servicios P\u00fablicos y Medio Ambiente, realizar\u00e1n la campa\u00f1a m\u00e9dica gratuita de atenci\u00f3n a canes este 1 de diciembre en el parque Zonal de [&hellip;]<\/p>\n","protected":false},"author":4,"featured_media":17903,"comment_status":"open","ping_status":"open","sticky":false,"template":"","format":"standard","meta":{"footnotes":""},"categories":[25],"tags":[],"class_list":["post-17901","post","type-post","status-publish","format-standard","has-post-thumbnail","hentry","category-noticias"],"blocksy_meta":[],"rttpg_featured_image_url":{"full":["https:\/\/munichilca.gob.pe\/site\/wp-content\/uploads\/2023\/12\/WhatsApp-Image-2023-11-30-at-3.19.14-PM-2.jpeg",1600,1066,false],"landscape":["https:\/\/munichilca.gob.pe\/site\/wp-content\/uploads\/2023\/12\/WhatsApp-Image-2023-11-30-at-3.19.14-PM-2.jpeg",1600,1066,false],"portraits":["https:\/\/munichilca.gob.pe\/site\/wp-content\/uploads\/2023\/12\/WhatsApp-Image-2023-11-30-at-3.19.14-PM-2.jpeg",1600,1066,false],"thumbnail":["https:\/\/munichilca.gob.pe\/site\/wp-content\/uploads\/2023\/12\/WhatsApp-Image-2023-11-30-at-3.19.14-PM-2-150x150.jpeg",150,150,true],"medium":["https:\/\/munichilca.gob.pe\/site\/wp-content\/uploads\/2023\/12\/WhatsApp-Image-2023-11-30-at-3.19.14-PM-2-300x200.jpeg",300,200,true],"large":["https:\/\/munichilca.gob.pe\/site\/wp-content\/uploads\/2023\/12\/WhatsApp-Image-2023-11-30-at-3.19.14-PM-2-1024x682.jpeg",1024,682,true],"1536x1536":["https:\/\/munichilca.gob.pe\/site\/wp-content\/uploads\/2023\/12\/WhatsApp-Image-2023-11-30-at-3.19.14-PM-2-1536x1023.jpeg",1536,1023,true],"2048x2048":["https:\/\/munichilca.gob.pe\/site\/wp-content\/uploads\/2023\/12\/WhatsApp-Image-2023-11-30-at-3.19.14-PM-2.jpeg",1600,1066,false],"tp-image-grid":["https:\/\/munichilca.gob.pe\/site\/wp-content\/uploads\/2023\/12\/WhatsApp-Image-2023-11-30-at-3.19.14-PM-2-700x700.jpeg",700,700,true]},"rttpg_author":{"display_name":"JGUTARRA","author_link":"https:\/\/munichilca.gob.pe\/site\/author\/jgutarra\/"},"rttpg_comment":0,"rttpg_category":"<a href=\"https:\/\/munichilca.gob.pe\/site\/category\/noticias\/\" rel=\"category tag\">Noticias<\/a>","rttpg_excerpt":"\ud835\ude48\ud835\ude5a\u0301\ud835\ude59\ud835\ude5e\ud835\ude58\ud835\ude64\ud835\ude68 \ud835\ude6b\ud835\ude5a\ud835\ude69\ud835\ude5a\ud835\ude67\ud835\ude5e\ud835\ude63\ud835\ude56\ud835\ude67\ud835\ude5e\ud835\ude64\ud835\ude68 \ud835\ude57\ud835\ude67\ud835\ude5e\ud835\ude63\ud835\ude59\ud835\ude56\ud835\ude67\ud835\ude56\u0301\ud835\ude63 \ud835\ude56\ud835\ude69\ud835\ude5a\ud835\ude63\ud835\ude58\ud835\ude5e\ud835\ude64\u0301\ud835\ude63 \ud835\ude62\ud835\ude5a\u0301\ud835\ude59\ud835\ude5e\ud835\ude58\ud835\ude56 \ud835\ude5c\ud835\ude67\ud835\ude56\ud835\ude69\ud835\ude6a\ud835\ude5e\ud835\ude69\ud835\ude56 \ud835\ude56 \ud835\ude58\ud835\ude56\ud835\ude63\ud835\ude5a\ud835\ude68, \ud835\ude68\ud835\ude64\ud835\ude57\ud835\ude67\ud835\ude5a \ud835\ude69\ud835\ude64\ud835\ude59\ud835\ude64 \ud835\ude56 \ud835\ude61\ud835\ude64\ud835\ude68 \ud835\ude66\ud835\ude6a\ud835\ude5a \ud835\ude5b\ud835\ude6a\ud835\ude5a\ud835\ude67\ud835\ude64\ud835\ude63 \ud835\ude56\ud835\ude5b\ud835\ude5a\ud835\ude58\ud835\ude69\ud835\ude56\ud835\ude59\ud835\ude64\ud835\ude68 \ud835\ude65\ud835\ude64\ud835\ude67 \ud835\ude61\ud835\ude56 \ud835\ude5e\ud835\ude63\ud835\ude69\ud835\ude5a\ud835\ude63\ud835\ude68\ud835\ude56 \ud835\ude61\ud835\ude61\ud835\ude6a\ud835\ude6b\ud835\ude5e\ud835\ude56 \ud835\ude5a \ud835\ude5e\ud835\ude63\ud835\ude6a\ud835\ude63\ud835\ude59\ud835\ude56\ud835\ude58\ud835\ude5e\ud835\ude64\u0301\ud835\ude63. La Municipalidad Distrital de Chilca a trav\u00e9s de la Gerencia de Servicios P\u00fablicos y Medio Ambiente, realizar\u00e1n la campa\u00f1a m\u00e9dica gratuita de atenci\u00f3n a canes este 1 de diciembre en el parque Zonal de&hellip;","_links":{"self":[{"href":"https:\/\/munichilca.gob.pe\/site\/wp-json\/wp\/v2\/posts\/17901","targetHints":{"allow":["GET"]}}],"collection":[{"href":"https:\/\/munichilca.gob.pe\/site\/wp-json\/wp\/v2\/posts"}],"about":[{"href":"https:\/\/munichilca.gob.pe\/site\/wp-json\/wp\/v2\/types\/post"}],"author":[{"embeddable":true,"href":"https:\/\/munichilca.gob.pe\/site\/wp-json\/wp\/v2\/users\/4"}],"replies":[{"embeddable":true,"href":"https:\/\/munichilca.gob.pe\/site\/wp-json\/wp\/v2\/comments?post=17901"}],"version-history":[{"count":0,"href":"https:\/\/munichilca.gob.pe\/site\/wp-json\/wp\/v2\/posts\/17901\/revisions"}],"wp:featuredmedia":[{"embeddable":true,"href":"https:\/\/munichilca.gob.pe\/site\/wp-json\/wp\/v2\/media\/17903"}],"wp:attachment":[{"href":"https:\/\/munichilca.gob.pe\/site\/wp-json\/wp\/v2\/media?parent=17901"}],"wp:term":[{"taxonomy":"category","embeddable":true,"href":"https:\/\/munichilca.gob.pe\/site\/wp-json\/wp\/v2\/categories?post=17901"},{"taxonomy":"post_tag","embeddable":true,"href":"https:\/\/munichilca.gob.pe\/site\/wp-json\/wp\/v2\/tags?post=17901"}],"curies":[{"name":"wp","href":"https:\/\/api.w.org\/{rel}","templated":true}]}}