{"id":17892,"date":"2023-12-07T09:43:49","date_gmt":"2023-12-07T09:43:49","guid":{"rendered":"https:\/\/munichilca.gob.pe\/site\/?p=8075"},"modified":"2023-12-07T09:43:49","modified_gmt":"2023-12-07T09:43:49","slug":"atendieron-a-perritos","status":"publish","type":"post","link":"https:\/\/munichilca.gob.pe\/site\/2023\/12\/07\/atendieron-a-perritos\/","title":{"rendered":"M\u00c9DICOS ATENDIERON A PERRITOS AFECTADOS Y OTROS FUERON ESTERILIZADOS EN CHILCA"},"content":{"rendered":"<p>\ud835\ude40\ud835\ude68\ud835\ude69\ud835\ude64 \ud835\ude58\ud835\ude64\ud835\ude63 \ud835\ude5a\ud835\ude61 \ud835\ude5b\ud835\ude5e\ud835\ude63 \ud835\ude59\ud835\ude5a \ud835\ude58\ud835\ude64\ud835\ude63\ud835\ude69\ud835\ude67\ud835\ude64\ud835\ude61\ud835\ude56\ud835\ude67 \ud835\ude61\ud835\ude56 \ud835\ude68\ud835\ude64\ud835\ude57\ud835\ude67\ud835\ude5a\ud835\ude65\ud835\ude64\ud835\ude57\ud835\ude61\ud835\ude56\ud835\ude58\ud835\ude5e\ud835\ude64\u0301\ud835\ude63 \ud835\ude6e \ud835\ude67\ud835\ude5a\ud835\ude59\ud835\ude6a\ud835\ude58\ud835\ude5e\ud835\ude67 \ud835\ude5a\ud835\ude61 \ud835\ude56\ud835\ude57\ud835\ude56\ud835\ude63\ud835\ude59\ud835\ude64\ud835\ude63\ud835\ude64 \ud835\ude59\ud835\ude5a \ud835\ude65\ud835\ude5a\ud835\ude67\ud835\ude67\ud835\ude64\ud835\ude68 \ud835\ude5a\ud835\ude63 \ud835\ude61\ud835\ude56\ud835\ude68 \ud835\ude58\ud835\ude56\ud835\ude61\ud835\ude61\ud835\ude5a\ud835\ude68<\/p>\n<p>La Municipalidad Distrital de Chilca, a trav\u00e9s de la Gerencia de Servicios P\u00fablicos y Medio Ambiente, realiz\u00f3 la primera jornada de atenci\u00f3n m\u00e9dica veterinaria, esterilizaci\u00f3n y desparasitaci\u00f3n de canes, que se llev\u00f3 a cabo en el parque Zonal de Coto Coto a partir de las 8 de la ma\u00f1ana; donde los due\u00f1os y sus mascotas asistieron masivamente para ser atendidos; esta campa\u00f1a fue gracias a la alianza entre la facultad de Medicina Veterinaria de la Universidad Peruana Los Andes, la Direcci\u00f3n Regional de Salud y la Red de Salud del Valle del Mantaro , acciones que tienen como objetivo el promover la tenencia responsable de animales de compa\u00f1\u00eda, la salud y el bienestar de los mismos.<\/p>\n<p>Esta campa\u00f1a, donde el objetivo fue la atenci\u00f3n de los canes afectados por las intensas lluvias suscitadas en nuestro distrito, donde los due\u00f1os podr\u00e1n acercarse con sus mascotas y recibir la atenci\u00f3n m\u00e9dica totalmente gratis por parte de m\u00e9dicos veterinarios certificados; y la atenci\u00f3n de esterilizaci\u00f3n de canes, se desarroll\u00f3 solo para las personas que lograron inscribir a sus mascotas en las oficinas de la Unidad de Serenazgo, por motivo que este tipo de operaci\u00f3n requiere una serie de an\u00e1lisis m\u00e9dicos a las mascotas antes de la operaci\u00f3n.<\/p>\n<p>A su turno el gerente Tito Orellana Mendoza, indic\u00f3 que esta gesti\u00f3n no solo viene trabajando para salvaguardar la salud de los vecinos, sino tambi\u00e9n en crear concientizaci\u00f3n sobre el respeto y la responsabilidad que implica tener una mascota en el hogar y hacerla parte de la familia, campa\u00f1as se realizar\u00e1n de manera permanente y descentralizada enfocada en perros machos, en colaboraci\u00f3n con cl\u00ednicas veterinarias.<br \/>\nEl prop\u00f3sito es evitar la proliferaci\u00f3n de canes en la ciudad; \u201cqueremos evitar que en los engre\u00eddos de casa alberguen par\u00e1sitos que son perjudiciales tanto para la salud de ellos mismos, como para las personas, vamos a sensibilizar a la poblaci\u00f3n sobre tenencia responsable\u201d, finaliz\u00f3 el funcionario edil.<\/p>\n<p>Finalmente manifest\u00f3 que estas acciones de atenci\u00f3n m\u00e9dica se seguir\u00e1n impulsando ya que es una necesidad para poder controlar la sobrepoblaci\u00f3n de canes y el abandono de los mismos en las calles.<\/p>\n","protected":false},"excerpt":{"rendered":"<p>\ud835\ude40\ud835\ude68\ud835\ude69\ud835\ude64 \ud835\ude58\ud835\ude64\ud835\ude63 \ud835\ude5a\ud835\ude61 \ud835\ude5b\ud835\ude5e\ud835\ude63 \ud835\ude59\ud835\ude5a \ud835\ude58\ud835\ude64\ud835\ude63\ud835\ude69\ud835\ude67\ud835\ude64\ud835\ude61\ud835\ude56\ud835\ude67 \ud835\ude61\ud835\ude56 \ud835\ude68\ud835\ude64\ud835\ude57\ud835\ude67\ud835\ude5a\ud835\ude65\ud835\ude64\ud835\ude57\ud835\ude61\ud835\ude56\ud835\ude58\ud835\ude5e\ud835\ude64\u0301\ud835\ude63 \ud835\ude6e \ud835\ude67\ud835\ude5a\ud835\ude59\ud835\ude6a\ud835\ude58\ud835\ude5e\ud835\ude67 \ud835\ude5a\ud835\ude61 \ud835\ude56\ud835\ude57\ud835\ude56\ud835\ude63\ud835\ude59\ud835\ude64\ud835\ude63\ud835\ude64 \ud835\ude59\ud835\ude5a \ud835\ude65\ud835\ude5a\ud835\ude67\ud835\ude67\ud835\ude64\ud835\ude68 \ud835\ude5a\ud835\ude63 \ud835\ude61\ud835\ude56\ud835\ude68 \ud835\ude58\ud835\ude56\ud835\ude61\ud835\ude61\ud835\ude5a\ud835\ude68 La Municipalidad Distrital de Chilca, a trav\u00e9s de la Gerencia de Servicios P\u00fablicos y Medio Ambiente, realiz\u00f3 la primera jornada de atenci\u00f3n m\u00e9dica veterinaria, esterilizaci\u00f3n y desparasitaci\u00f3n de canes, que se llev\u00f3 a cabo en el parque Zonal [&hellip;]<\/p>\n","protected":false},"author":4,"featured_media":17896,"comment_status":"open","ping_status":"open","sticky":false,"template":"","format":"standard","meta":{"footnotes":""},"categories":[25],"tags":[],"class_list":["post-17892","post","type-post","status-publish","format-standard","has-post-thumbnail","hentry","category-noticias"],"blocksy_meta":[],"rttpg_featured_image_url":{"full":["https:\/\/munichilca.gob.pe\/site\/wp-content\/uploads\/2023\/12\/WhatsApp-Image-2023-12-01-at-4.02.39-PM-1.jpeg",1600,900,false],"landscape":["https:\/\/munichilca.gob.pe\/site\/wp-content\/uploads\/2023\/12\/WhatsApp-Image-2023-12-01-at-4.02.39-PM-1.jpeg",1600,900,false],"portraits":["https:\/\/munichilca.gob.pe\/site\/wp-content\/uploads\/2023\/12\/WhatsApp-Image-2023-12-01-at-4.02.39-PM-1.jpeg",1600,900,false],"thumbnail":["https:\/\/munichilca.gob.pe\/site\/wp-content\/uploads\/2023\/12\/WhatsApp-Image-2023-12-01-at-4.02.39-PM-1-150x150.jpeg",150,150,true],"medium":["https:\/\/munichilca.gob.pe\/site\/wp-content\/uploads\/2023\/12\/WhatsApp-Image-2023-12-01-at-4.02.39-PM-1-300x169.jpeg",300,169,true],"large":["https:\/\/munichilca.gob.pe\/site\/wp-content\/uploads\/2023\/12\/WhatsApp-Image-2023-12-01-at-4.02.39-PM-1-1024x576.jpeg",1024,576,true],"1536x1536":["https:\/\/munichilca.gob.pe\/site\/wp-content\/uploads\/2023\/12\/WhatsApp-Image-2023-12-01-at-4.02.39-PM-1-1536x864.jpeg",1536,864,true],"2048x2048":["https:\/\/munichilca.gob.pe\/site\/wp-content\/uploads\/2023\/12\/WhatsApp-Image-2023-12-01-at-4.02.39-PM-1.jpeg",1600,900,false],"tp-image-grid":["https:\/\/munichilca.gob.pe\/site\/wp-content\/uploads\/2023\/12\/WhatsApp-Image-2023-12-01-at-4.02.39-PM-1-700x700.jpeg",700,700,true]},"rttpg_author":{"display_name":"JGUTARRA","author_link":"https:\/\/munichilca.gob.pe\/site\/author\/jgutarra\/"},"rttpg_comment":0,"rttpg_category":"<a href=\"https:\/\/munichilca.gob.pe\/site\/category\/noticias\/\" rel=\"category tag\">Noticias<\/a>","rttpg_excerpt":"\ud835\ude40\ud835\ude68\ud835\ude69\ud835\ude64 \ud835\ude58\ud835\ude64\ud835\ude63 \ud835\ude5a\ud835\ude61 \ud835\ude5b\ud835\ude5e\ud835\ude63 \ud835\ude59\ud835\ude5a \ud835\ude58\ud835\ude64\ud835\ude63\ud835\ude69\ud835\ude67\ud835\ude64\ud835\ude61\ud835\ude56\ud835\ude67 \ud835\ude61\ud835\ude56 \ud835\ude68\ud835\ude64\ud835\ude57\ud835\ude67\ud835\ude5a\ud835\ude65\ud835\ude64\ud835\ude57\ud835\ude61\ud835\ude56\ud835\ude58\ud835\ude5e\ud835\ude64\u0301\ud835\ude63 \ud835\ude6e \ud835\ude67\ud835\ude5a\ud835\ude59\ud835\ude6a\ud835\ude58\ud835\ude5e\ud835\ude67 \ud835\ude5a\ud835\ude61 \ud835\ude56\ud835\ude57\ud835\ude56\ud835\ude63\ud835\ude59\ud835\ude64\ud835\ude63\ud835\ude64 \ud835\ude59\ud835\ude5a \ud835\ude65\ud835\ude5a\ud835\ude67\ud835\ude67\ud835\ude64\ud835\ude68 \ud835\ude5a\ud835\ude63 \ud835\ude61\ud835\ude56\ud835\ude68 \ud835\ude58\ud835\ude56\ud835\ude61\ud835\ude61\ud835\ude5a\ud835\ude68 La Municipalidad Distrital de Chilca, a trav\u00e9s de la Gerencia de Servicios P\u00fablicos y Medio Ambiente, realiz\u00f3 la primera jornada de atenci\u00f3n m\u00e9dica veterinaria, esterilizaci\u00f3n y desparasitaci\u00f3n de canes, que se llev\u00f3 a cabo en el parque Zonal&hellip;","_links":{"self":[{"href":"https:\/\/munichilca.gob.pe\/site\/wp-json\/wp\/v2\/posts\/17892","targetHints":{"allow":["GET"]}}],"collection":[{"href":"https:\/\/munichilca.gob.pe\/site\/wp-json\/wp\/v2\/posts"}],"about":[{"href":"https:\/\/munichilca.gob.pe\/site\/wp-json\/wp\/v2\/types\/post"}],"author":[{"embeddable":true,"href":"https:\/\/munichilca.gob.pe\/site\/wp-json\/wp\/v2\/users\/4"}],"replies":[{"embeddable":true,"href":"https:\/\/munichilca.gob.pe\/site\/wp-json\/wp\/v2\/comments?post=17892"}],"version-history":[{"count":0,"href":"https:\/\/munichilca.gob.pe\/site\/wp-json\/wp\/v2\/posts\/17892\/revisions"}],"wp:featuredmedia":[{"embeddable":true,"href":"https:\/\/munichilca.gob.pe\/site\/wp-json\/wp\/v2\/media\/17896"}],"wp:attachment":[{"href":"https:\/\/munichilca.gob.pe\/site\/wp-json\/wp\/v2\/media?parent=17892"}],"wp:term":[{"taxonomy":"category","embeddable":true,"href":"https:\/\/munichilca.gob.pe\/site\/wp-json\/wp\/v2\/categories?post=17892"},{"taxonomy":"post_tag","embeddable":true,"href":"https:\/\/munichilca.gob.pe\/site\/wp-json\/wp\/v2\/tags?post=17892"}],"curies":[{"name":"wp","href":"https:\/\/api.w.org\/{rel}","templated":true}]}}