{"id":17879,"date":"2023-12-07T09:47:25","date_gmt":"2023-12-07T09:47:25","guid":{"rendered":"https:\/\/munichilca.gob.pe\/site\/?p=8091"},"modified":"2023-12-07T09:47:25","modified_gmt":"2023-12-07T09:47:25","slug":"%f0%9d%97%94%f0%9d%97%9f%f0%9d%97%96%f0%9d%97%94%f0%9d%97%9f%f0%9d%97%97%f0%9d%97%98-%f0%9d%97%97%f0%9d%97%94%f0%9d%97%a0%f0%9d%97%94%f0%9d%97%a6-15","status":"publish","type":"post","link":"https:\/\/munichilca.gob.pe\/site\/2023\/12\/07\/%f0%9d%97%94%f0%9d%97%9f%f0%9d%97%96%f0%9d%97%94%f0%9d%97%9f%f0%9d%97%97%f0%9d%97%98-%f0%9d%97%97%f0%9d%97%94%f0%9d%97%a0%f0%9d%97%94%f0%9d%97%a6-15\/","title":{"rendered":"\ud835\uddd4\ud835\udddf\ud835\uddd6\ud835\uddd4\ud835\udddf\ud835\uddd7\ud835\uddd8 \ud835\uddd7\ud835\uddd4\ud835\udde0\ud835\uddd4\ud835\udde6 \ud835\udde5\ud835\uddd8\ud835\uddd6\ud835\udde8\ud835\udde5\ud835\udde5\ud835\uddd8 \ud835\uddd4 \ud835\udded\ud835\udde2\ud835\udde1\ud835\uddd4\ud835\udde6 \ud835\udde9\ud835\udde8\ud835\udddf\ud835\udde1\ud835\uddd8\ud835\udde5\ud835\uddd4\ud835\uddd5\ud835\udddf\ud835\uddd8\ud835\udde6 \ud835\udde3\ud835\uddd4\ud835\udde5\ud835\uddd4 \ud835\udde5\ud835\uddd8\ud835\uddd4\ud835\udddf\ud835\udddc\ud835\udded\ud835\uddd4\ud835\udde5 \ud835\uddd8\ud835\udde9\ud835\uddd4\ud835\udddf\ud835\udde8\ud835\uddd4\ud835\uddd6\ud835\udddc\u00d3\ud835\udde1 \ud835\uddd7\ud835\uddd8 \ud835\udde3\ud835\udde2\ud835\udde6\ud835\udddc\ud835\uddd5\ud835\udddf\ud835\uddd8\ud835\udde6 \ud835\uddd7\ud835\uddd4\u00d1\ud835\udde2\ud835\udde6"},"content":{"rendered":"<p>\ud835\ude3e\ud835\ude64\ud835\ude63 \ud835\ude65\ud835\ude5a\ud835\ude67\ud835\ude68\ud835\ude64\ud835\ude63\ud835\ude56\ud835\ude61 \ud835\ude69\ud835\ude5a\u0301\ud835\ude58\ud835\ude63\ud835\ude5e\ud835\ude58\ud835\ude64 \ud835\ude56\ud835\ude65\ud835\ude64\ud835\ude6e\ud835\ude56\ud835\ude59\ud835\ude64\ud835\ude68 \ud835\ude58\ud835\ude64\ud835\ude63 \ud835\ude62\ud835\ude56\ud835\ude66\ud835\ude6a\ud835\ude5e\ud835\ude63\ud835\ude56\ud835\ude67\ud835\ude5e\ud835\ude56 \ud835\ude65\ud835\ude5a\ud835\ude68\ud835\ude56\ud835\ude59\ud835\ude56 \ud835\ude68\ud835\ude5a \ud835\ude6b\ud835\ude5e\ud835\ude5a\ud835\ude63\ud835\ude5a \ud835\ude5a\ud835\ude6b\ud835\ude56\ud835\ude61\ud835\ude6a\ud835\ude56\ud835\ude63\ud835\ude59\ud835\ude64 \ud835\ude6e \ud835\ude56 \ud835\ude61\ud835\ude56 \ud835\ude6b\ud835\ude5a\ud835\ude6f \ud835\ude67\ud835\ude5a\ud835\ude56\ud835\ude61\ud835\ude5e\ud835\ude6f\ud835\ude56\ud835\ude63\ud835\ude59\ud835\ude64 \ud835\ude69\ud835\ude67\ud835\ude56\ud835\ude57\ud835\ude56\ud835\ude5f\ud835\ude64\ud835\ude68 \ud835\ude59\ud835\ude5a \ud835\ude61\ud835\ude5e\ud835\ude62\ud835\ude65\ud835\ude5e\ud835\ude5a\ud835\ude6f\ud835\ude56 \ud835\ude6e \ud835\ude59\ud835\ude5a\ud835\ude68\ud835\ude58\ud835\ude64\ud835\ude61\ud835\ude62\ud835\ude56\ud835\ude69\ud835\ude56\ud835\ude58\ud835\ude5e\ud835\ude64\u0301\ud835\ude63 \ud835\ude59\ud835\ude5a \ud835\ude67\ud835\ude5e\u0301\ud835\ude64\ud835\ude68.<\/p>\n<p>Desde muy tempranas horas el alcalde del distrito de Chilca C\u00e9sar Damas Laurente, en su calidad como presidente de la Plataforma Distrital de Defensa Civil, acudi\u00f3 a las zonas afectadas por las lluvias para realizar una evaluaci\u00f3n y realizar trabajos ante el posible incremento de las lluvias y evitar posteriores da\u00f1os.<\/p>\n<p>Los lugares vulnerables que fueron inspeccionados son el sector de Chilca Alta, Auquimarca, Romancoto, Auray, Pe\u00f1aloza, San Francisco, Chilca Centro y Llocllachaca, donde se verific\u00f3 los trabajos que ya se han estado realizando como la limpieza de los r\u00edos \u00c1li y Chilca, a la vez los sistemas de drenaje, constatando su buen funcionamiento, ya que han mitigado el riesgo de las familias que est\u00e1n asentadas en estas zonas.<\/p>\n<p>Ante esto la primera autoridad edil C\u00e9sar Damas, viene realizando coordinaciones con el personal de Ej\u00e9rcito Peruano, Polic\u00eda Nacional y miembros integrantes de la plataforma para formar m\u00e1s brigadas de apoyo ante un evento similar, la UGEL Huancayo para brindar el soporte en las instituciones educativas, las unidades de Defensa Civil de Huancayo y del Gobierno Regional de Jun\u00edn para articular las acciones.<br \/>\nEl burgomaestre destac\u00f3 que \u201cestos trabajos de limpieza y descolmataci\u00f3n de los r\u00edos que como bien saben hemos tenido desastres debido al desborde de los r\u00edos en algunos sectores, y estamos trabajando en el encauzamiento, que incluyen el reforzamiento de la ribera del r\u00edo para evitar desastres, nuestro trabajo es por tramos con maquinaria pesada, volquetes, retro excavadoras, personal especializado y adem\u00e1s hacemos un trabajo de sensibilizaci\u00f3n con los vecinos\u201d.<\/p>\n<p>Asimismo, exhort\u00f3 al Ministerio de Vivienda y la Municipalidad provincial, solicitando apoyo en estos trabajos. \u201cNosotros como gobierno local estamos tomando acciones, pero es importante que estas instituciones se sumen porque el aumento de las lluvias hace que el rio crezca, ahora nos estamos preparando para las siguientes crecidas de los caudales, utilizando maquinaria pesada y trasladando el desmonte y as\u00ed evitar desgracias lamentables\u201d, asever\u00f3 el burgomaestre chilquense.<\/p>\n","protected":false},"excerpt":{"rendered":"<p>\ud835\ude3e\ud835\ude64\ud835\ude63 \ud835\ude65\ud835\ude5a\ud835\ude67\ud835\ude68\ud835\ude64\ud835\ude63\ud835\ude56\ud835\ude61 \ud835\ude69\ud835\ude5a\u0301\ud835\ude58\ud835\ude63\ud835\ude5e\ud835\ude58\ud835\ude64 \ud835\ude56\ud835\ude65\ud835\ude64\ud835\ude6e\ud835\ude56\ud835\ude59\ud835\ude64\ud835\ude68 \ud835\ude58\ud835\ude64\ud835\ude63 \ud835\ude62\ud835\ude56\ud835\ude66\ud835\ude6a\ud835\ude5e\ud835\ude63\ud835\ude56\ud835\ude67\ud835\ude5e\ud835\ude56 \ud835\ude65\ud835\ude5a\ud835\ude68\ud835\ude56\ud835\ude59\ud835\ude56 \ud835\ude68\ud835\ude5a \ud835\ude6b\ud835\ude5e\ud835\ude5a\ud835\ude63\ud835\ude5a \ud835\ude5a\ud835\ude6b\ud835\ude56\ud835\ude61\ud835\ude6a\ud835\ude56\ud835\ude63\ud835\ude59\ud835\ude64 \ud835\ude6e \ud835\ude56 \ud835\ude61\ud835\ude56 \ud835\ude6b\ud835\ude5a\ud835\ude6f \ud835\ude67\ud835\ude5a\ud835\ude56\ud835\ude61\ud835\ude5e\ud835\ude6f\ud835\ude56\ud835\ude63\ud835\ude59\ud835\ude64 \ud835\ude69\ud835\ude67\ud835\ude56\ud835\ude57\ud835\ude56\ud835\ude5f\ud835\ude64\ud835\ude68 \ud835\ude59\ud835\ude5a \ud835\ude61\ud835\ude5e\ud835\ude62\ud835\ude65\ud835\ude5e\ud835\ude5a\ud835\ude6f\ud835\ude56 \ud835\ude6e \ud835\ude59\ud835\ude5a\ud835\ude68\ud835\ude58\ud835\ude64\ud835\ude61\ud835\ude62\ud835\ude56\ud835\ude69\ud835\ude56\ud835\ude58\ud835\ude5e\ud835\ude64\u0301\ud835\ude63 \ud835\ude59\ud835\ude5a \ud835\ude67\ud835\ude5e\u0301\ud835\ude64\ud835\ude68. Desde muy tempranas horas el alcalde del distrito de Chilca C\u00e9sar Damas Laurente, en su calidad como presidente de la Plataforma Distrital de Defensa Civil, acudi\u00f3 a las zonas afectadas por las lluvias [&hellip;]<\/p>\n","protected":false},"author":4,"featured_media":17880,"comment_status":"open","ping_status":"open","sticky":false,"template":"","format":"standard","meta":{"footnotes":""},"categories":[25],"tags":[],"class_list":["post-17879","post","type-post","status-publish","format-standard","has-post-thumbnail","hentry","category-noticias"],"blocksy_meta":[],"rttpg_featured_image_url":{"full":["https:\/\/munichilca.gob.pe\/site\/wp-content\/uploads\/2023\/12\/WhatsApp-Image-2023-12-01-at-4.46.26-PM.jpeg",1600,1066,false],"landscape":["https:\/\/munichilca.gob.pe\/site\/wp-content\/uploads\/2023\/12\/WhatsApp-Image-2023-12-01-at-4.46.26-PM.jpeg",1600,1066,false],"portraits":["https:\/\/munichilca.gob.pe\/site\/wp-content\/uploads\/2023\/12\/WhatsApp-Image-2023-12-01-at-4.46.26-PM.jpeg",1600,1066,false],"thumbnail":["https:\/\/munichilca.gob.pe\/site\/wp-content\/uploads\/2023\/12\/WhatsApp-Image-2023-12-01-at-4.46.26-PM-150x150.jpeg",150,150,true],"medium":["https:\/\/munichilca.gob.pe\/site\/wp-content\/uploads\/2023\/12\/WhatsApp-Image-2023-12-01-at-4.46.26-PM-300x200.jpeg",300,200,true],"large":["https:\/\/munichilca.gob.pe\/site\/wp-content\/uploads\/2023\/12\/WhatsApp-Image-2023-12-01-at-4.46.26-PM-1024x682.jpeg",1024,682,true],"1536x1536":["https:\/\/munichilca.gob.pe\/site\/wp-content\/uploads\/2023\/12\/WhatsApp-Image-2023-12-01-at-4.46.26-PM-1536x1023.jpeg",1536,1023,true],"2048x2048":["https:\/\/munichilca.gob.pe\/site\/wp-content\/uploads\/2023\/12\/WhatsApp-Image-2023-12-01-at-4.46.26-PM.jpeg",1600,1066,false],"tp-image-grid":["https:\/\/munichilca.gob.pe\/site\/wp-content\/uploads\/2023\/12\/WhatsApp-Image-2023-12-01-at-4.46.26-PM-700x700.jpeg",700,700,true]},"rttpg_author":{"display_name":"JGUTARRA","author_link":"https:\/\/munichilca.gob.pe\/site\/author\/jgutarra\/"},"rttpg_comment":0,"rttpg_category":"<a href=\"https:\/\/munichilca.gob.pe\/site\/category\/noticias\/\" rel=\"category tag\">Noticias<\/a>","rttpg_excerpt":"\ud835\ude3e\ud835\ude64\ud835\ude63 \ud835\ude65\ud835\ude5a\ud835\ude67\ud835\ude68\ud835\ude64\ud835\ude63\ud835\ude56\ud835\ude61 \ud835\ude69\ud835\ude5a\u0301\ud835\ude58\ud835\ude63\ud835\ude5e\ud835\ude58\ud835\ude64 \ud835\ude56\ud835\ude65\ud835\ude64\ud835\ude6e\ud835\ude56\ud835\ude59\ud835\ude64\ud835\ude68 \ud835\ude58\ud835\ude64\ud835\ude63 \ud835\ude62\ud835\ude56\ud835\ude66\ud835\ude6a\ud835\ude5e\ud835\ude63\ud835\ude56\ud835\ude67\ud835\ude5e\ud835\ude56 \ud835\ude65\ud835\ude5a\ud835\ude68\ud835\ude56\ud835\ude59\ud835\ude56 \ud835\ude68\ud835\ude5a \ud835\ude6b\ud835\ude5e\ud835\ude5a\ud835\ude63\ud835\ude5a \ud835\ude5a\ud835\ude6b\ud835\ude56\ud835\ude61\ud835\ude6a\ud835\ude56\ud835\ude63\ud835\ude59\ud835\ude64 \ud835\ude6e \ud835\ude56 \ud835\ude61\ud835\ude56 \ud835\ude6b\ud835\ude5a\ud835\ude6f \ud835\ude67\ud835\ude5a\ud835\ude56\ud835\ude61\ud835\ude5e\ud835\ude6f\ud835\ude56\ud835\ude63\ud835\ude59\ud835\ude64 \ud835\ude69\ud835\ude67\ud835\ude56\ud835\ude57\ud835\ude56\ud835\ude5f\ud835\ude64\ud835\ude68 \ud835\ude59\ud835\ude5a \ud835\ude61\ud835\ude5e\ud835\ude62\ud835\ude65\ud835\ude5e\ud835\ude5a\ud835\ude6f\ud835\ude56 \ud835\ude6e \ud835\ude59\ud835\ude5a\ud835\ude68\ud835\ude58\ud835\ude64\ud835\ude61\ud835\ude62\ud835\ude56\ud835\ude69\ud835\ude56\ud835\ude58\ud835\ude5e\ud835\ude64\u0301\ud835\ude63 \ud835\ude59\ud835\ude5a \ud835\ude67\ud835\ude5e\u0301\ud835\ude64\ud835\ude68. Desde muy tempranas horas el alcalde del distrito de Chilca C\u00e9sar Damas Laurente, en su calidad como presidente de la Plataforma Distrital de Defensa Civil, acudi\u00f3 a las zonas afectadas por las lluvias&hellip;","_links":{"self":[{"href":"https:\/\/munichilca.gob.pe\/site\/wp-json\/wp\/v2\/posts\/17879","targetHints":{"allow":["GET"]}}],"collection":[{"href":"https:\/\/munichilca.gob.pe\/site\/wp-json\/wp\/v2\/posts"}],"about":[{"href":"https:\/\/munichilca.gob.pe\/site\/wp-json\/wp\/v2\/types\/post"}],"author":[{"embeddable":true,"href":"https:\/\/munichilca.gob.pe\/site\/wp-json\/wp\/v2\/users\/4"}],"replies":[{"embeddable":true,"href":"https:\/\/munichilca.gob.pe\/site\/wp-json\/wp\/v2\/comments?post=17879"}],"version-history":[{"count":0,"href":"https:\/\/munichilca.gob.pe\/site\/wp-json\/wp\/v2\/posts\/17879\/revisions"}],"wp:featuredmedia":[{"embeddable":true,"href":"https:\/\/munichilca.gob.pe\/site\/wp-json\/wp\/v2\/media\/17880"}],"wp:attachment":[{"href":"https:\/\/munichilca.gob.pe\/site\/wp-json\/wp\/v2\/media?parent=17879"}],"wp:term":[{"taxonomy":"category","embeddable":true,"href":"https:\/\/munichilca.gob.pe\/site\/wp-json\/wp\/v2\/categories?post=17879"},{"taxonomy":"post_tag","embeddable":true,"href":"https:\/\/munichilca.gob.pe\/site\/wp-json\/wp\/v2\/tags?post=17879"}],"curies":[{"name":"wp","href":"https:\/\/api.w.org\/{rel}","templated":true}]}}