{"id":17847,"date":"2023-12-07T10:01:20","date_gmt":"2023-12-07T10:01:20","guid":{"rendered":"https:\/\/munichilca.gob.pe\/site\/?p=8155"},"modified":"2023-12-07T10:01:20","modified_gmt":"2023-12-07T10:01:20","slug":"%f0%9d%97%94%f0%9d%97%9f%f0%9d%97%96%f0%9d%97%94%f0%9d%97%9f%f0%9d%97%97%f0%9d%97%98-%f0%9d%97%97%f0%9d%97%94%f0%9d%97%a0%f0%9d%97%94%f0%9d%97%a6-18","status":"publish","type":"post","link":"https:\/\/munichilca.gob.pe\/site\/2023\/12\/07\/%f0%9d%97%94%f0%9d%97%9f%f0%9d%97%96%f0%9d%97%94%f0%9d%97%9f%f0%9d%97%97%f0%9d%97%98-%f0%9d%97%97%f0%9d%97%94%f0%9d%97%a0%f0%9d%97%94%f0%9d%97%a6-18\/","title":{"rendered":"\ud835\uddd4\ud835\udddf\ud835\uddd6\ud835\uddd4\ud835\udddf\ud835\uddd7\ud835\uddd8 \ud835\uddd7\ud835\uddd4\ud835\udde0\ud835\uddd4\ud835\udde6 \ud835\udde6\ud835\udde8\ud835\udde3\ud835\uddd8\ud835\udde5\ud835\udde9\ud835\udddc\ud835\udde6\ud835\uddd4 \ud835\udde7\ud835\udde5\ud835\uddd4\ud835\uddd5\ud835\uddd4\ud835\udddd\ud835\udde2\ud835\udde6 \ud835\uddd7\ud835\uddd8 \ud835\udde5\ud835\uddd8\ud835\uddd6\ud835\udde8\ud835\udde3\ud835\uddd8\ud835\udde5\ud835\uddd4\ud835\uddd6\ud835\udddc\u00d3\ud835\udde1 \ud835\uddd7\ud835\uddd8 \ud835\udddf\ud835\uddd4 \ud835\uddd9\ud835\uddd4\ud835\udddd\ud835\uddd4 \ud835\udde0\ud835\uddd4\ud835\udde5\ud835\uddda\ud835\udddc\ud835\udde1\ud835\uddd4\ud835\udddf"},"content":{"rendered":"<p>\ud835\ude4e\ud835\ude5a \ud835\ude5e\ud835\ude63\ud835\ude69\ud835\ude5a\ud835\ude63\ud835\ude68\ud835\ude5e\ud835\ude5b\ud835\ude5e\ud835\ude58\ud835\ude56\ud835\ude63 \ud835\ude61\ud835\ude64\ud835\ude68 \ud835\ude69\ud835\ude67\ud835\ude56\ud835\ude57\ud835\ude56\ud835\ude5f\ud835\ude64\ud835\ude68 \ud835\ude59\ud835\ude5a \ud835\ude67\ud835\ude5a\ud835\ude58\ud835\ude6a\ud835\ude65\ud835\ude5a\ud835\ude67\ud835\ude56\ud835\ude58\ud835\ude5e\ud835\ude64\u0301\ud835\ude63 \ud835\ude6e \ud835\ude59\ud835\ude5a\ud835\ude61 \ud835\ude67\ud835\ude5e\u0301\ud835\ude64 \ud835\ude48\ud835\ude56\ud835\ude63\ud835\ude69\ud835\ude56\ud835\ude67\ud835\ude64 \ud835\ude6e \ud835\ude58\ud835\ude64\ud835\ude63\ud835\ude68\ud835\ude69\ud835\ude67\ud835\ude6a\ud835\ude58\ud835\ude58\ud835\ude5e\ud835\ude64\u0301\ud835\ude63 \ud835\ude59\ud835\ude5a\ud835\ude61 \ud835\ude65\ud835\ude56\ud835\ude67\ud835\ude66\ud835\ude6a\ud835\ude5a \ud835\ude6f\ud835\ude64\ud835\ude63\ud835\ude56\ud835\ude61 9 \ud835\ude59\ud835\ude5a \ud835\ude3f\ud835\ude5e\ud835\ude58\ud835\ude5e\ud835\ude5a\ud835\ude62\ud835\ude57\ud835\ude67\ud835\ude5a.<\/p>\n<p>En horas de la ma\u00f1ana el alcalde del Distrito de Chilca C\u00e9sar Damas, intervino en los trabajos de recuperaci\u00f3n, delimitaci\u00f3n y mantenimiento de la faja marginal del Rio Mantaro, ubicado en el sector de Auquimarca, donde maquinaria pesada de la Gerencia de Obras, viene realizando el rellenado para la nivelaci\u00f3n del terreno para este importante proyecto paisaj\u00edstico.<\/p>\n<p>Con remoci\u00f3n de tierras, se contin\u00faa los trabajos de recuperaci\u00f3n de los terrenos del malec\u00f3n del r\u00edo Mantaro para la construcci\u00f3n del \u201cParque Zonal 9 de Diciembre\u201d, donde se construir\u00e1 y plantaciones de diversas especies de plantas y \u00e1rboles como el eucalipto.<\/p>\n<p>Este trabajo de recuperaci\u00f3n, limpieza y mantenimiento de las riberas del r\u00edo Mantaro, donde se tiene proyectado la plantaci\u00f3n de diversas especies de plantas y \u00e1rboles como el eucalipto en un \u00e1rea de 58 mil metros cuadrados que cuenta la faja marginal, la construcci\u00f3n de una defensa ribere\u00f1a, campos deportivos, entre otros.<\/p>\n<p>La primera autoridad edil a su vez exhort\u00f3 a la poblaci\u00f3n a defender y cuidar el r\u00edo Mantaro, \u201cSe viene trabajando un proyecto, que debe tambi\u00e9n integrarse la sociedad civil y las empresas, porque descontaminar el r\u00edo Mantaro, es un compromiso de todos, \u00a1hago un llamado para que toda la poblaci\u00f3n se sume a este esfuerzo, trabajemos para que el Mantaro reviva!\u201d, concluy\u00f3 el alcalde del distrito de Chilca.<\/p>\n<p>Cabe resaltar que el burgomaestre, en una reuni\u00f3n expuso una maqueta del proyecto de recuperaci\u00f3n del \u201cMalec\u00f3n del r\u00edo Mantaro para el parque zonal 9 de Diciembre\u201d.<\/p>\n","protected":false},"excerpt":{"rendered":"<p>\ud835\ude4e\ud835\ude5a \ud835\ude5e\ud835\ude63\ud835\ude69\ud835\ude5a\ud835\ude63\ud835\ude68\ud835\ude5e\ud835\ude5b\ud835\ude5e\ud835\ude58\ud835\ude56\ud835\ude63 \ud835\ude61\ud835\ude64\ud835\ude68 \ud835\ude69\ud835\ude67\ud835\ude56\ud835\ude57\ud835\ude56\ud835\ude5f\ud835\ude64\ud835\ude68 \ud835\ude59\ud835\ude5a \ud835\ude67\ud835\ude5a\ud835\ude58\ud835\ude6a\ud835\ude65\ud835\ude5a\ud835\ude67\ud835\ude56\ud835\ude58\ud835\ude5e\ud835\ude64\u0301\ud835\ude63 \ud835\ude6e \ud835\ude59\ud835\ude5a\ud835\ude61 \ud835\ude67\ud835\ude5e\u0301\ud835\ude64 \ud835\ude48\ud835\ude56\ud835\ude63\ud835\ude69\ud835\ude56\ud835\ude67\ud835\ude64 \ud835\ude6e \ud835\ude58\ud835\ude64\ud835\ude63\ud835\ude68\ud835\ude69\ud835\ude67\ud835\ude6a\ud835\ude58\ud835\ude58\ud835\ude5e\ud835\ude64\u0301\ud835\ude63 \ud835\ude59\ud835\ude5a\ud835\ude61 \ud835\ude65\ud835\ude56\ud835\ude67\ud835\ude66\ud835\ude6a\ud835\ude5a \ud835\ude6f\ud835\ude64\ud835\ude63\ud835\ude56\ud835\ude61 9 \ud835\ude59\ud835\ude5a \ud835\ude3f\ud835\ude5e\ud835\ude58\ud835\ude5e\ud835\ude5a\ud835\ude62\ud835\ude57\ud835\ude67\ud835\ude5a. En horas de la ma\u00f1ana el alcalde del Distrito de Chilca C\u00e9sar Damas, intervino en los trabajos de recuperaci\u00f3n, delimitaci\u00f3n y mantenimiento de la faja marginal del Rio Mantaro, ubicado en el sector de Auquimarca, donde maquinaria [&hellip;]<\/p>\n","protected":false},"author":4,"featured_media":17848,"comment_status":"open","ping_status":"open","sticky":false,"template":"","format":"standard","meta":{"footnotes":""},"categories":[25],"tags":[],"class_list":["post-17847","post","type-post","status-publish","format-standard","has-post-thumbnail","hentry","category-noticias"],"blocksy_meta":[],"rttpg_featured_image_url":{"full":["https:\/\/munichilca.gob.pe\/site\/wp-content\/uploads\/2023\/12\/WhatsApp-Image-2023-12-06-at-3.25.37-PM-1.jpeg",1600,1066,false],"landscape":["https:\/\/munichilca.gob.pe\/site\/wp-content\/uploads\/2023\/12\/WhatsApp-Image-2023-12-06-at-3.25.37-PM-1.jpeg",1600,1066,false],"portraits":["https:\/\/munichilca.gob.pe\/site\/wp-content\/uploads\/2023\/12\/WhatsApp-Image-2023-12-06-at-3.25.37-PM-1.jpeg",1600,1066,false],"thumbnail":["https:\/\/munichilca.gob.pe\/site\/wp-content\/uploads\/2023\/12\/WhatsApp-Image-2023-12-06-at-3.25.37-PM-1-150x150.jpeg",150,150,true],"medium":["https:\/\/munichilca.gob.pe\/site\/wp-content\/uploads\/2023\/12\/WhatsApp-Image-2023-12-06-at-3.25.37-PM-1-300x200.jpeg",300,200,true],"large":["https:\/\/munichilca.gob.pe\/site\/wp-content\/uploads\/2023\/12\/WhatsApp-Image-2023-12-06-at-3.25.37-PM-1-1024x682.jpeg",1024,682,true],"1536x1536":["https:\/\/munichilca.gob.pe\/site\/wp-content\/uploads\/2023\/12\/WhatsApp-Image-2023-12-06-at-3.25.37-PM-1-1536x1023.jpeg",1536,1023,true],"2048x2048":["https:\/\/munichilca.gob.pe\/site\/wp-content\/uploads\/2023\/12\/WhatsApp-Image-2023-12-06-at-3.25.37-PM-1.jpeg",1600,1066,false],"tp-image-grid":["https:\/\/munichilca.gob.pe\/site\/wp-content\/uploads\/2023\/12\/WhatsApp-Image-2023-12-06-at-3.25.37-PM-1-700x700.jpeg",700,700,true]},"rttpg_author":{"display_name":"JGUTARRA","author_link":"https:\/\/munichilca.gob.pe\/site\/author\/jgutarra\/"},"rttpg_comment":0,"rttpg_category":"<a href=\"https:\/\/munichilca.gob.pe\/site\/category\/noticias\/\" rel=\"category tag\">Noticias<\/a>","rttpg_excerpt":"\ud835\ude4e\ud835\ude5a \ud835\ude5e\ud835\ude63\ud835\ude69\ud835\ude5a\ud835\ude63\ud835\ude68\ud835\ude5e\ud835\ude5b\ud835\ude5e\ud835\ude58\ud835\ude56\ud835\ude63 \ud835\ude61\ud835\ude64\ud835\ude68 \ud835\ude69\ud835\ude67\ud835\ude56\ud835\ude57\ud835\ude56\ud835\ude5f\ud835\ude64\ud835\ude68 \ud835\ude59\ud835\ude5a \ud835\ude67\ud835\ude5a\ud835\ude58\ud835\ude6a\ud835\ude65\ud835\ude5a\ud835\ude67\ud835\ude56\ud835\ude58\ud835\ude5e\ud835\ude64\u0301\ud835\ude63 \ud835\ude6e \ud835\ude59\ud835\ude5a\ud835\ude61 \ud835\ude67\ud835\ude5e\u0301\ud835\ude64 \ud835\ude48\ud835\ude56\ud835\ude63\ud835\ude69\ud835\ude56\ud835\ude67\ud835\ude64 \ud835\ude6e \ud835\ude58\ud835\ude64\ud835\ude63\ud835\ude68\ud835\ude69\ud835\ude67\ud835\ude6a\ud835\ude58\ud835\ude58\ud835\ude5e\ud835\ude64\u0301\ud835\ude63 \ud835\ude59\ud835\ude5a\ud835\ude61 \ud835\ude65\ud835\ude56\ud835\ude67\ud835\ude66\ud835\ude6a\ud835\ude5a \ud835\ude6f\ud835\ude64\ud835\ude63\ud835\ude56\ud835\ude61 9 \ud835\ude59\ud835\ude5a \ud835\ude3f\ud835\ude5e\ud835\ude58\ud835\ude5e\ud835\ude5a\ud835\ude62\ud835\ude57\ud835\ude67\ud835\ude5a. En horas de la ma\u00f1ana el alcalde del Distrito de Chilca C\u00e9sar Damas, intervino en los trabajos de recuperaci\u00f3n, delimitaci\u00f3n y mantenimiento de la faja marginal del Rio Mantaro, ubicado en el sector de Auquimarca, donde maquinaria&hellip;","_links":{"self":[{"href":"https:\/\/munichilca.gob.pe\/site\/wp-json\/wp\/v2\/posts\/17847","targetHints":{"allow":["GET"]}}],"collection":[{"href":"https:\/\/munichilca.gob.pe\/site\/wp-json\/wp\/v2\/posts"}],"about":[{"href":"https:\/\/munichilca.gob.pe\/site\/wp-json\/wp\/v2\/types\/post"}],"author":[{"embeddable":true,"href":"https:\/\/munichilca.gob.pe\/site\/wp-json\/wp\/v2\/users\/4"}],"replies":[{"embeddable":true,"href":"https:\/\/munichilca.gob.pe\/site\/wp-json\/wp\/v2\/comments?post=17847"}],"version-history":[{"count":0,"href":"https:\/\/munichilca.gob.pe\/site\/wp-json\/wp\/v2\/posts\/17847\/revisions"}],"wp:featuredmedia":[{"embeddable":true,"href":"https:\/\/munichilca.gob.pe\/site\/wp-json\/wp\/v2\/media\/17848"}],"wp:attachment":[{"href":"https:\/\/munichilca.gob.pe\/site\/wp-json\/wp\/v2\/media?parent=17847"}],"wp:term":[{"taxonomy":"category","embeddable":true,"href":"https:\/\/munichilca.gob.pe\/site\/wp-json\/wp\/v2\/categories?post=17847"},{"taxonomy":"post_tag","embeddable":true,"href":"https:\/\/munichilca.gob.pe\/site\/wp-json\/wp\/v2\/tags?post=17847"}],"curies":[{"name":"wp","href":"https:\/\/api.w.org\/{rel}","templated":true}]}}