{"id":17842,"date":"2023-12-07T10:03:09","date_gmt":"2023-12-07T10:03:09","guid":{"rendered":"https:\/\/munichilca.gob.pe\/site\/?p=8160"},"modified":"2023-12-07T10:03:09","modified_gmt":"2023-12-07T10:03:09","slug":"%f0%9d%97%a0%f0%9d%97%a8%f0%9d%97%a1%f0%9d%97%9c%f0%9d%97%96%f0%9d%97%9c%f0%9d%97%a3%f0%9d%97%9c%f0%9d%97%a2-%f0%9d%97%97%f0%9d%97%98-%f0%9d%97%96%f0%9d%97%9b%f0%9d%97%9c%f0%9d%97%9f%f0%9d%97%96-17","status":"publish","type":"post","link":"https:\/\/munichilca.gob.pe\/site\/2023\/12\/07\/%f0%9d%97%a0%f0%9d%97%a8%f0%9d%97%a1%f0%9d%97%9c%f0%9d%97%96%f0%9d%97%9c%f0%9d%97%a3%f0%9d%97%9c%f0%9d%97%a2-%f0%9d%97%97%f0%9d%97%98-%f0%9d%97%96%f0%9d%97%9b%f0%9d%97%9c%f0%9d%97%9f%f0%9d%97%96-17\/","title":{"rendered":"\ud835\udde0\ud835\udde8\ud835\udde1\ud835\udddc\ud835\uddd6\ud835\udddc\ud835\udde3\ud835\udddc\ud835\udde2 \ud835\uddd7\ud835\uddd8 \ud835\uddd6\ud835\udddb\ud835\udddc\ud835\udddf\ud835\uddd6\ud835\uddd4 \ud835\udde5\ud835\uddd8\ud835\uddd6\ud835\udde8\ud835\udde3\ud835\uddd8\ud835\udde5\ud835\uddd4 \ud835\uddd8\ud835\udde6\ud835\udde3\ud835\uddd4\ud835\uddd6\ud835\udddc\ud835\udde2 \ud835\udde4\ud835\udde8\ud835\uddd8 \ud835\uddd8\ud835\udde5\ud835\uddd4 \ud835\udde8\ud835\udde6\ud835\uddd4\ud835\uddd7\ud835\udde2 \ud835\uddd6\ud835\udde2\ud835\udde0\ud835\udde2 \ud835\uddd5\ud835\udde2\ud835\udde7\ud835\uddd4\ud835\uddd7\ud835\uddd8\ud835\udde5\ud835\udde2 \ud835\uddd7\ud835\uddd8 \ud835\uddd5\ud835\uddd4\ud835\udde6\ud835\udde8\ud835\udde5\ud835\uddd4"},"content":{"rendered":"<p>\ud835\ude48\ud835\ude56\u0301\ud835\ude68 \ud835\ude59\ud835\ude5a 80 \ud835\ude62\ud835\ude5a\ud835\ude69\ud835\ude67\ud835\ude64\ud835\ude68 \ud835\ude61\ud835\ude5e\ud835\ude63\ud835\ude5a\ud835\ude56\ud835\ude61\ud835\ude5a\ud835\ude68 \ud835\ude5a\ud835\ude63 \ud835\ude65\ud835\ude61\ud835\ude5a\ud835\ude63\ud835\ude56 \ud835\ude58\ud835\ude56\ud835\ude61\ud835\ude61\ud835\ude5a \ud835\ude65\ud835\ude67\ud835\ude5e\ud835\ude63\ud835\ude58\ud835\ude5e\ud835\ude65\ud835\ude56\ud835\ude61, \ud835\ude5b\ud835\ude6a\ud835\ude5a\ud835\ude67\ud835\ude64\ud835\ude63 \ud835\ude61\ud835\ude5e\ud835\ude62\ud835\ude65\ud835\ude5e\ud835\ude56\ud835\ude59\ud835\ude64\ud835\ude68 \ud835\ude6e \ud835\ude69\ud835\ude67\ud835\ude56\ud835\ude69\ud835\ude56\ud835\ude59\ud835\ude64\ud835\ude68 \ud835\ude65\ud835\ude56\ud835\ude67\ud835\ude56 \ud835\ude69\ud835\ude67\ud835\ude56\ud835\ude57\ud835\ude56\ud835\ude5f\ud835\ude64\ud835\ude68 \ud835\ude59\ud835\ude5a \ud835\ude65\ud835\ude61\ud835\ude56\ud835\ude63\ud835\ude69\ud835\ude56\ud835\ude58\ud835\ude5e\ud835\ude64\u0301\ud835\ude63<\/p>\n<p>Este espacio ubicado en la Calle Real a la altura de la cuadra 23, hab\u00eda sido tomado por personas del mismo sector y de otros lugares como botadero de residuos s\u00f3lidos, lo que originaba olores putrefactos y de la presencia de una gran cantidad de moscas.<\/p>\n<p>Por ello, la Municipalidad Distrital de Chilca, a trav\u00e9s del personal de la Gerencia de Servicios P\u00fablicos y Medio Ambiente, emple\u00f3 el uso de maquinaria pesada para limpiar y retirar los residuos s\u00f3lidos que hab\u00eda sido tomado por personas inescrupulosas como botadero.<\/p>\n<p>Cabe resaltar que despu\u00e9s de la limpieza de m\u00e1s de 80 metros cuadrados, servir\u00e1n para la colocaci\u00f3n de maceteros, donde la comuna va a instalar baldes ecol\u00f3gicos hechos de llantas en desuso donde estar\u00e1n plantados gran variedad de plantas y flores.<\/p>\n<p>Por su parte, el sub gerente de Servicios P\u00fablicos y Limpieza, Ing. Richard Aquino, mencion\u00f3 que vienen interviniendo lugares p\u00fablicos los cuales son tomados como botaderos de residuos s\u00f3lidos resalt\u00f3 la labor del personal municipal que d\u00eda a d\u00eda tiene la ardua tarea de mantener limpio el distrito.<\/p>\n<p>\u201cLo m\u00e1s importante es el trabajo coordinado para la erradicaci\u00f3n de la basura en lugares p\u00fablicos, este espacio critico de acumulaci\u00f3n de residuos s\u00f3lidos. Ellos mismos se han organizado para confeccionar su letrero de advertencia para que ya no se siga arrojando basura\u201d, indic\u00f3 el funcionario municipal.<\/p>\n","protected":false},"excerpt":{"rendered":"<p>\ud835\ude48\ud835\ude56\u0301\ud835\ude68 \ud835\ude59\ud835\ude5a 80 \ud835\ude62\ud835\ude5a\ud835\ude69\ud835\ude67\ud835\ude64\ud835\ude68 \ud835\ude61\ud835\ude5e\ud835\ude63\ud835\ude5a\ud835\ude56\ud835\ude61\ud835\ude5a\ud835\ude68 \ud835\ude5a\ud835\ude63 \ud835\ude65\ud835\ude61\ud835\ude5a\ud835\ude63\ud835\ude56 \ud835\ude58\ud835\ude56\ud835\ude61\ud835\ude61\ud835\ude5a \ud835\ude65\ud835\ude67\ud835\ude5e\ud835\ude63\ud835\ude58\ud835\ude5e\ud835\ude65\ud835\ude56\ud835\ude61, \ud835\ude5b\ud835\ude6a\ud835\ude5a\ud835\ude67\ud835\ude64\ud835\ude63 \ud835\ude61\ud835\ude5e\ud835\ude62\ud835\ude65\ud835\ude5e\ud835\ude56\ud835\ude59\ud835\ude64\ud835\ude68 \ud835\ude6e \ud835\ude69\ud835\ude67\ud835\ude56\ud835\ude69\ud835\ude56\ud835\ude59\ud835\ude64\ud835\ude68 \ud835\ude65\ud835\ude56\ud835\ude67\ud835\ude56 \ud835\ude69\ud835\ude67\ud835\ude56\ud835\ude57\ud835\ude56\ud835\ude5f\ud835\ude64\ud835\ude68 \ud835\ude59\ud835\ude5a \ud835\ude65\ud835\ude61\ud835\ude56\ud835\ude63\ud835\ude69\ud835\ude56\ud835\ude58\ud835\ude5e\ud835\ude64\u0301\ud835\ude63 Este espacio ubicado en la Calle Real a la altura de la cuadra 23, hab\u00eda sido tomado por personas del mismo sector y de otros lugares como botadero de residuos s\u00f3lidos, lo que originaba olores putrefactos y de [&hellip;]<\/p>\n","protected":false},"author":4,"featured_media":17845,"comment_status":"open","ping_status":"open","sticky":false,"template":"","format":"standard","meta":{"footnotes":""},"categories":[25],"tags":[],"class_list":["post-17842","post","type-post","status-publish","format-standard","has-post-thumbnail","hentry","category-noticias"],"blocksy_meta":[],"rttpg_featured_image_url":{"full":["https:\/\/munichilca.gob.pe\/site\/wp-content\/uploads\/2023\/12\/WhatsApp-Image-2023-12-06-at-3.38.02-PM.jpeg",1600,1200,false],"landscape":["https:\/\/munichilca.gob.pe\/site\/wp-content\/uploads\/2023\/12\/WhatsApp-Image-2023-12-06-at-3.38.02-PM.jpeg",1600,1200,false],"portraits":["https:\/\/munichilca.gob.pe\/site\/wp-content\/uploads\/2023\/12\/WhatsApp-Image-2023-12-06-at-3.38.02-PM.jpeg",1600,1200,false],"thumbnail":["https:\/\/munichilca.gob.pe\/site\/wp-content\/uploads\/2023\/12\/WhatsApp-Image-2023-12-06-at-3.38.02-PM-150x150.jpeg",150,150,true],"medium":["https:\/\/munichilca.gob.pe\/site\/wp-content\/uploads\/2023\/12\/WhatsApp-Image-2023-12-06-at-3.38.02-PM-300x225.jpeg",300,225,true],"large":["https:\/\/munichilca.gob.pe\/site\/wp-content\/uploads\/2023\/12\/WhatsApp-Image-2023-12-06-at-3.38.02-PM-1024x768.jpeg",1024,768,true],"1536x1536":["https:\/\/munichilca.gob.pe\/site\/wp-content\/uploads\/2023\/12\/WhatsApp-Image-2023-12-06-at-3.38.02-PM-1536x1152.jpeg",1536,1152,true],"2048x2048":["https:\/\/munichilca.gob.pe\/site\/wp-content\/uploads\/2023\/12\/WhatsApp-Image-2023-12-06-at-3.38.02-PM.jpeg",1600,1200,false],"tp-image-grid":["https:\/\/munichilca.gob.pe\/site\/wp-content\/uploads\/2023\/12\/WhatsApp-Image-2023-12-06-at-3.38.02-PM-700x700.jpeg",700,700,true]},"rttpg_author":{"display_name":"JGUTARRA","author_link":"https:\/\/munichilca.gob.pe\/site\/author\/jgutarra\/"},"rttpg_comment":0,"rttpg_category":"<a href=\"https:\/\/munichilca.gob.pe\/site\/category\/noticias\/\" rel=\"category tag\">Noticias<\/a>","rttpg_excerpt":"\ud835\ude48\ud835\ude56\u0301\ud835\ude68 \ud835\ude59\ud835\ude5a 80 \ud835\ude62\ud835\ude5a\ud835\ude69\ud835\ude67\ud835\ude64\ud835\ude68 \ud835\ude61\ud835\ude5e\ud835\ude63\ud835\ude5a\ud835\ude56\ud835\ude61\ud835\ude5a\ud835\ude68 \ud835\ude5a\ud835\ude63 \ud835\ude65\ud835\ude61\ud835\ude5a\ud835\ude63\ud835\ude56 \ud835\ude58\ud835\ude56\ud835\ude61\ud835\ude61\ud835\ude5a \ud835\ude65\ud835\ude67\ud835\ude5e\ud835\ude63\ud835\ude58\ud835\ude5e\ud835\ude65\ud835\ude56\ud835\ude61, \ud835\ude5b\ud835\ude6a\ud835\ude5a\ud835\ude67\ud835\ude64\ud835\ude63 \ud835\ude61\ud835\ude5e\ud835\ude62\ud835\ude65\ud835\ude5e\ud835\ude56\ud835\ude59\ud835\ude64\ud835\ude68 \ud835\ude6e \ud835\ude69\ud835\ude67\ud835\ude56\ud835\ude69\ud835\ude56\ud835\ude59\ud835\ude64\ud835\ude68 \ud835\ude65\ud835\ude56\ud835\ude67\ud835\ude56 \ud835\ude69\ud835\ude67\ud835\ude56\ud835\ude57\ud835\ude56\ud835\ude5f\ud835\ude64\ud835\ude68 \ud835\ude59\ud835\ude5a \ud835\ude65\ud835\ude61\ud835\ude56\ud835\ude63\ud835\ude69\ud835\ude56\ud835\ude58\ud835\ude5e\ud835\ude64\u0301\ud835\ude63 Este espacio ubicado en la Calle Real a la altura de la cuadra 23, hab\u00eda sido tomado por personas del mismo sector y de otros lugares como botadero de residuos s\u00f3lidos, lo que originaba olores putrefactos y de&hellip;","_links":{"self":[{"href":"https:\/\/munichilca.gob.pe\/site\/wp-json\/wp\/v2\/posts\/17842","targetHints":{"allow":["GET"]}}],"collection":[{"href":"https:\/\/munichilca.gob.pe\/site\/wp-json\/wp\/v2\/posts"}],"about":[{"href":"https:\/\/munichilca.gob.pe\/site\/wp-json\/wp\/v2\/types\/post"}],"author":[{"embeddable":true,"href":"https:\/\/munichilca.gob.pe\/site\/wp-json\/wp\/v2\/users\/4"}],"replies":[{"embeddable":true,"href":"https:\/\/munichilca.gob.pe\/site\/wp-json\/wp\/v2\/comments?post=17842"}],"version-history":[{"count":0,"href":"https:\/\/munichilca.gob.pe\/site\/wp-json\/wp\/v2\/posts\/17842\/revisions"}],"wp:featuredmedia":[{"embeddable":true,"href":"https:\/\/munichilca.gob.pe\/site\/wp-json\/wp\/v2\/media\/17845"}],"wp:attachment":[{"href":"https:\/\/munichilca.gob.pe\/site\/wp-json\/wp\/v2\/media?parent=17842"}],"wp:term":[{"taxonomy":"category","embeddable":true,"href":"https:\/\/munichilca.gob.pe\/site\/wp-json\/wp\/v2\/categories?post=17842"},{"taxonomy":"post_tag","embeddable":true,"href":"https:\/\/munichilca.gob.pe\/site\/wp-json\/wp\/v2\/tags?post=17842"}],"curies":[{"name":"wp","href":"https:\/\/api.w.org\/{rel}","templated":true}]}}