{"id":17837,"date":"2023-12-07T10:05:14","date_gmt":"2023-12-07T10:05:14","guid":{"rendered":"https:\/\/munichilca.gob.pe\/site\/?p=8166"},"modified":"2023-12-07T10:05:14","modified_gmt":"2023-12-07T10:05:14","slug":"%f0%9d%97%96%f0%9d%97%a2%f0%9d%97%a0%f0%9d%97%a8%f0%9d%97%a1%f0%9d%97%94-%f0%9d%97%97%f0%9d%97%98-%f0%9d%97%96%f0%9d%97%9b%f0%9d%97%9c%f0%9d%97%9f%f0%9d%97%96%f0%9d%97%94-5","status":"publish","type":"post","link":"https:\/\/munichilca.gob.pe\/site\/2023\/12\/07\/%f0%9d%97%96%f0%9d%97%a2%f0%9d%97%a0%f0%9d%97%a8%f0%9d%97%a1%f0%9d%97%94-%f0%9d%97%97%f0%9d%97%98-%f0%9d%97%96%f0%9d%97%9b%f0%9d%97%9c%f0%9d%97%9f%f0%9d%97%96%f0%9d%97%94-5\/","title":{"rendered":"\ud835\uddd6\ud835\udde2\ud835\udde0\ud835\udde8\ud835\udde1\ud835\uddd4 \ud835\uddd7\ud835\uddd8 \ud835\uddd6\ud835\udddb\ud835\udddc\ud835\udddf\ud835\uddd6\ud835\uddd4 \ud835\uddd7\ud835\uddd8\ud835\udde0\ud835\udde8\ud835\uddd8\ud835\udddf\ud835\uddd8 \ud835\udde9\ud835\udddc\ud835\udde9\ud835\udddc\ud835\uddd8\ud835\udde1\ud835\uddd7\ud835\uddd4 \ud835\uddec \ud835\uddd4\ud835\udde3\ud835\uddd8\ud835\udde5\ud835\udde7\ud835\udde8\ud835\udde5\ud835\uddd4\ud835\udde1 \ud835\uddd6\ud835\uddd4\ud835\udddf\ud835\udddf\ud835\uddd8"},"content":{"rendered":"<p>\ud835\uddd7\ud835\uddf2\ud835\uddfa\ud835\uddfc\ud835\uddf9\ud835\uddf6\ud835\uddf0\ud835\uddf6\ud835\uddfc\u0301\ud835\uddfb \ud835\uddf1\ud835\uddf2 \ud835\ude03\ud835\uddf6\ud835\ude03\ud835\uddf6\ud835\uddf2\ud835\uddfb\ud835\uddf1\ud835\uddee\ud835\ude00 \ud835\uddff\ud835\ude02\u0301\ud835\ude00\ud835\ude01\ud835\uddf6\ud835\uddf0\ud835\uddee\ud835\ude00, \ud835\uddfd\ud835\uddf2\ud835\uddff\ud835\uddfa\ud835\uddf6\ud835\ude01\ud835\uddf6\ud835\uddfc\u0301 \ud835\uddf9\ud835\uddee \ud835\uddee\ud835\uddfd\ud835\uddf2\ud835\uddff\ud835\ude01\ud835\ude02\ud835\uddff\ud835\uddee \ud835\uddf1\ud835\uddf2 \ud835\uddf6\ud835\uddfa\ud835\uddfd\ud835\uddfc\ud835\uddff\ud835\ude01\ud835\uddee\ud835\uddfb\ud835\ude01\ud835\uddf2 \ud835\ude03\ud835\uddf6\u0301\ud835\uddee \ud835\uddfe\ud835\ude02\ud835\uddf2 \ud835\uddf0\ud835\uddfc\ud835\uddfb\ud835\uddf2\ud835\uddf0\ud835\ude01\ud835\uddee\ud835\uddff\ud835\uddee\u0301 \ud835\uddee \ud835\ude03\ud835\uddf2\ud835\uddf0\ud835\uddf6\ud835\uddfb\ud835\uddfc\ud835\ude00 \ud835\uddf1\ud835\uddf2 \ud835\uddf0\ud835\uddee\ud835\uddf9\ud835\uddf9\ud835\uddf2\ud835\ude00 \ud835\uddee\ud835\uddf1\ud835\ude06\ud835\uddee\ud835\uddf0\ud835\uddf2\ud835\uddfb\ud835\ude01\ud835\uddf2\ud835\ude00.<\/p>\n<p>Tras un acuerdo con los propietarios y la firma de un convenio, la Municipalidad Distrital de Chilca, procedi\u00f3 a la demolici\u00f3n de unas viviendas r\u00fasticas, con la finalidad de lograr la prolongaci\u00f3n del Psje. Jos\u00e9 Olaya en el barrio de Ancal\u00e1, beneficiando a m\u00e1s de 20 familias directas.<\/p>\n<p>La demolici\u00f3n de la vivienda se realiz\u00f3 utilizando maquinaria pesada por parte de la Gerencia de Obras P\u00fablicas, a cargo del Ing. Jorge Pa\u00facar, quien se\u00f1al\u00f3 que la apertura de esta calle es mucha utilidad, objetivo que se logr\u00f3 luego del compromiso asumido por el gobierno municipal, que ha dispuesto apoyo para el saneamiento f\u00edsico legal de los terrenos; posteriormente, proceder a la demolici\u00f3n de la vivienda.<\/p>\n<p>Con la apertura de esta v\u00eda que tendr\u00e1 un ancho de 8 metros lineales, se est\u00e1 mejorando la calidad de vida de los vecinos, adem\u00e1s de lograr una v\u00eda alterna para la interconexi\u00f3n con el Jr. Jos\u00e9 Olaya. En concreto, el objetivo es beneficiar a todo el vecindario con la apertura de este pasaje, donde para la demolici\u00f3n de estos predios se ha utilizado maquinaria pesada, con lo que se ha retirado de manera segura el material que se encontraba obstruyendo el paso de esta v\u00eda.<\/p>\n<p>Los vecinos mostraron entusiasmo y apoyo al trabajo emprendido por la municipalidad, gracias a este proyecto permitir\u00e1 le mejora en el saneamiento b\u00e1sico, asimismo, pistas y veredas en esta v\u00eda.<br \/>\nPor su parte la propietaria de uno de los predios Griselda Aguirre Dom\u00ednguez indic\u00f3 que debido a la prepotencia de gestiones anteriores no llegaron a acuerdos concretos y que hoy se hace realidad gracias a la predisposici\u00f3n de di\u00e1logo del actual alcalde C\u00e9sar Damas.<\/p>\n","protected":false},"excerpt":{"rendered":"<p>\ud835\uddd7\ud835\uddf2\ud835\uddfa\ud835\uddfc\ud835\uddf9\ud835\uddf6\ud835\uddf0\ud835\uddf6\ud835\uddfc\u0301\ud835\uddfb \ud835\uddf1\ud835\uddf2 \ud835\ude03\ud835\uddf6\ud835\ude03\ud835\uddf6\ud835\uddf2\ud835\uddfb\ud835\uddf1\ud835\uddee\ud835\ude00 \ud835\uddff\ud835\ude02\u0301\ud835\ude00\ud835\ude01\ud835\uddf6\ud835\uddf0\ud835\uddee\ud835\ude00, \ud835\uddfd\ud835\uddf2\ud835\uddff\ud835\uddfa\ud835\uddf6\ud835\ude01\ud835\uddf6\ud835\uddfc\u0301 \ud835\uddf9\ud835\uddee \ud835\uddee\ud835\uddfd\ud835\uddf2\ud835\uddff\ud835\ude01\ud835\ude02\ud835\uddff\ud835\uddee \ud835\uddf1\ud835\uddf2 \ud835\uddf6\ud835\uddfa\ud835\uddfd\ud835\uddfc\ud835\uddff\ud835\ude01\ud835\uddee\ud835\uddfb\ud835\ude01\ud835\uddf2 \ud835\ude03\ud835\uddf6\u0301\ud835\uddee \ud835\uddfe\ud835\ude02\ud835\uddf2 \ud835\uddf0\ud835\uddfc\ud835\uddfb\ud835\uddf2\ud835\uddf0\ud835\ude01\ud835\uddee\ud835\uddff\ud835\uddee\u0301 \ud835\uddee \ud835\ude03\ud835\uddf2\ud835\uddf0\ud835\uddf6\ud835\uddfb\ud835\uddfc\ud835\ude00 \ud835\uddf1\ud835\uddf2 \ud835\uddf0\ud835\uddee\ud835\uddf9\ud835\uddf9\ud835\uddf2\ud835\ude00 \ud835\uddee\ud835\uddf1\ud835\ude06\ud835\uddee\ud835\uddf0\ud835\uddf2\ud835\uddfb\ud835\ude01\ud835\uddf2\ud835\ude00. Tras un acuerdo con los propietarios y la firma de un convenio, la Municipalidad Distrital de Chilca, procedi\u00f3 a la demolici\u00f3n de unas viviendas r\u00fasticas, con la finalidad de lograr la prolongaci\u00f3n del Psje. Jos\u00e9 Olaya en el [&hellip;]<\/p>\n","protected":false},"author":4,"featured_media":17838,"comment_status":"open","ping_status":"open","sticky":false,"template":"","format":"standard","meta":{"footnotes":""},"categories":[25],"tags":[],"class_list":["post-17837","post","type-post","status-publish","format-standard","has-post-thumbnail","hentry","category-noticias"],"blocksy_meta":[],"rttpg_featured_image_url":{"full":["https:\/\/munichilca.gob.pe\/site\/wp-content\/uploads\/2023\/12\/WhatsApp-Image-2023-12-06-at-3.41.23-PM-3.jpeg",1600,1066,false],"landscape":["https:\/\/munichilca.gob.pe\/site\/wp-content\/uploads\/2023\/12\/WhatsApp-Image-2023-12-06-at-3.41.23-PM-3.jpeg",1600,1066,false],"portraits":["https:\/\/munichilca.gob.pe\/site\/wp-content\/uploads\/2023\/12\/WhatsApp-Image-2023-12-06-at-3.41.23-PM-3.jpeg",1600,1066,false],"thumbnail":["https:\/\/munichilca.gob.pe\/site\/wp-content\/uploads\/2023\/12\/WhatsApp-Image-2023-12-06-at-3.41.23-PM-3-150x150.jpeg",150,150,true],"medium":["https:\/\/munichilca.gob.pe\/site\/wp-content\/uploads\/2023\/12\/WhatsApp-Image-2023-12-06-at-3.41.23-PM-3-300x200.jpeg",300,200,true],"large":["https:\/\/munichilca.gob.pe\/site\/wp-content\/uploads\/2023\/12\/WhatsApp-Image-2023-12-06-at-3.41.23-PM-3-1024x682.jpeg",1024,682,true],"1536x1536":["https:\/\/munichilca.gob.pe\/site\/wp-content\/uploads\/2023\/12\/WhatsApp-Image-2023-12-06-at-3.41.23-PM-3-1536x1023.jpeg",1536,1023,true],"2048x2048":["https:\/\/munichilca.gob.pe\/site\/wp-content\/uploads\/2023\/12\/WhatsApp-Image-2023-12-06-at-3.41.23-PM-3.jpeg",1600,1066,false],"tp-image-grid":["https:\/\/munichilca.gob.pe\/site\/wp-content\/uploads\/2023\/12\/WhatsApp-Image-2023-12-06-at-3.41.23-PM-3-700x700.jpeg",700,700,true]},"rttpg_author":{"display_name":"JGUTARRA","author_link":"https:\/\/munichilca.gob.pe\/site\/author\/jgutarra\/"},"rttpg_comment":0,"rttpg_category":"<a href=\"https:\/\/munichilca.gob.pe\/site\/category\/noticias\/\" rel=\"category tag\">Noticias<\/a>","rttpg_excerpt":"\ud835\uddd7\ud835\uddf2\ud835\uddfa\ud835\uddfc\ud835\uddf9\ud835\uddf6\ud835\uddf0\ud835\uddf6\ud835\uddfc\u0301\ud835\uddfb \ud835\uddf1\ud835\uddf2 \ud835\ude03\ud835\uddf6\ud835\ude03\ud835\uddf6\ud835\uddf2\ud835\uddfb\ud835\uddf1\ud835\uddee\ud835\ude00 \ud835\uddff\ud835\ude02\u0301\ud835\ude00\ud835\ude01\ud835\uddf6\ud835\uddf0\ud835\uddee\ud835\ude00, \ud835\uddfd\ud835\uddf2\ud835\uddff\ud835\uddfa\ud835\uddf6\ud835\ude01\ud835\uddf6\ud835\uddfc\u0301 \ud835\uddf9\ud835\uddee \ud835\uddee\ud835\uddfd\ud835\uddf2\ud835\uddff\ud835\ude01\ud835\ude02\ud835\uddff\ud835\uddee \ud835\uddf1\ud835\uddf2 \ud835\uddf6\ud835\uddfa\ud835\uddfd\ud835\uddfc\ud835\uddff\ud835\ude01\ud835\uddee\ud835\uddfb\ud835\ude01\ud835\uddf2 \ud835\ude03\ud835\uddf6\u0301\ud835\uddee \ud835\uddfe\ud835\ude02\ud835\uddf2 \ud835\uddf0\ud835\uddfc\ud835\uddfb\ud835\uddf2\ud835\uddf0\ud835\ude01\ud835\uddee\ud835\uddff\ud835\uddee\u0301 \ud835\uddee \ud835\ude03\ud835\uddf2\ud835\uddf0\ud835\uddf6\ud835\uddfb\ud835\uddfc\ud835\ude00 \ud835\uddf1\ud835\uddf2 \ud835\uddf0\ud835\uddee\ud835\uddf9\ud835\uddf9\ud835\uddf2\ud835\ude00 \ud835\uddee\ud835\uddf1\ud835\ude06\ud835\uddee\ud835\uddf0\ud835\uddf2\ud835\uddfb\ud835\ude01\ud835\uddf2\ud835\ude00. Tras un acuerdo con los propietarios y la firma de un convenio, la Municipalidad Distrital de Chilca, procedi\u00f3 a la demolici\u00f3n de unas viviendas r\u00fasticas, con la finalidad de lograr la prolongaci\u00f3n del Psje. Jos\u00e9 Olaya en el&hellip;","_links":{"self":[{"href":"https:\/\/munichilca.gob.pe\/site\/wp-json\/wp\/v2\/posts\/17837","targetHints":{"allow":["GET"]}}],"collection":[{"href":"https:\/\/munichilca.gob.pe\/site\/wp-json\/wp\/v2\/posts"}],"about":[{"href":"https:\/\/munichilca.gob.pe\/site\/wp-json\/wp\/v2\/types\/post"}],"author":[{"embeddable":true,"href":"https:\/\/munichilca.gob.pe\/site\/wp-json\/wp\/v2\/users\/4"}],"replies":[{"embeddable":true,"href":"https:\/\/munichilca.gob.pe\/site\/wp-json\/wp\/v2\/comments?post=17837"}],"version-history":[{"count":0,"href":"https:\/\/munichilca.gob.pe\/site\/wp-json\/wp\/v2\/posts\/17837\/revisions"}],"wp:featuredmedia":[{"embeddable":true,"href":"https:\/\/munichilca.gob.pe\/site\/wp-json\/wp\/v2\/media\/17838"}],"wp:attachment":[{"href":"https:\/\/munichilca.gob.pe\/site\/wp-json\/wp\/v2\/media?parent=17837"}],"wp:term":[{"taxonomy":"category","embeddable":true,"href":"https:\/\/munichilca.gob.pe\/site\/wp-json\/wp\/v2\/categories?post=17837"},{"taxonomy":"post_tag","embeddable":true,"href":"https:\/\/munichilca.gob.pe\/site\/wp-json\/wp\/v2\/tags?post=17837"}],"curies":[{"name":"wp","href":"https:\/\/api.w.org\/{rel}","templated":true}]}}