{"id":17833,"date":"2023-12-07T10:08:18","date_gmt":"2023-12-07T10:08:18","guid":{"rendered":"https:\/\/munichilca.gob.pe\/site\/?p=8172"},"modified":"2023-12-07T10:08:18","modified_gmt":"2023-12-07T10:08:18","slug":"inicia-acuerdos","status":"publish","type":"post","link":"https:\/\/munichilca.gob.pe\/site\/2023\/12\/07\/inicia-acuerdos\/","title":{"rendered":"INICIA ACUERDOS ENTRE EL GRJ Y LA MUNICIPALIDAD DE CHILCA PARA CANALIZACI\u00d3N DEL R\u00cdO ALI"},"content":{"rendered":"<p>\ud835\udc00\ud835\udc27\ud835\udc2e\ud835\udc27\ud835\udc1c\ud835\udc22\ud835\udc28 \ud835\udc2c\ud835\udc1e \ud835\udc21\ud835\udc22\ud835\udc33\ud835\udc28 \ud835\udc1d\ud835\udc2e\ud835\udc2b\ud835\udc1a\ud835\udc27\ud835\udc2d\ud835\udc1e \ud835\udc2b\ud835\udc1e\ud835\udc2e\ud835\udc27\ud835\udc22\ud835\udc28\u0301\ud835\udc27 \ud835\udc1c\ud835\udc28\ud835\udc27 \ud835\udc1e\ud835\udc25 \ud835\udc06\ud835\udc1e\ud835\udc2b\ud835\udc1e\ud835\udc27\ud835\udc2d\ud835\udc1e \ud835\udc11\ud835\udc1e\ud835\udc20\ud835\udc22\ud835\udc28\ud835\udc27\ud835\udc1a\ud835\udc25 \ud835\udc1d\ud835\udc1e \ud835\udc08\ud835\udc27\ud835\udc1f\ud835\udc2b\ud835\udc1a\ud835\udc1e\ud835\udc2c\ud835\udc2d\ud835\udc2b\ud835\udc2e\ud835\udc1c\ud835\udc2d\ud835\udc2e\ud835\udc2b\ud835\udc1a \ud835\udc11\ud835\udc28\ud835\udc27\ud835\udc22 \ud835\udc01\ud835\udc1e\ud835\udc23\ud835\udc1a\ud835\udc2b\ud835\udc1a\ud835\udc27\ud835\udc28, \ud835\udc1e\ud835\udc25 \ud835\udc1a\ud835\udc25\ud835\udc1c\ud835\udc1a\ud835\udc25\ud835\udc1d\ud835\udc1e \ud835\udc1d\ud835\udc1e \ud835\udc07\ud835\udc2e\ud835\udc1a\ud835\udc27\ud835\udc1c\ud835\udc1a\ud835\udc27 \ud835\udc32 \ud835\udc02\ud835\udc21\ud835\udc22\ud835\udc25\ud835\udc1c\ud835\udc1a.<\/p>\n<p>Ante la solicitud de los vecinos de Auray y Talaca de la canalizaci\u00f3n del r\u00edo Ali, el alcalde C\u00e9sar Damas Laurente sostuvo una reuni\u00f3n de emergencia en la zona con el Gerente de Infraestructura del Gobierno Regional de Jun\u00edn<\/p>\n<p>Rony Vejarano P\u00e9rez, quien se hizo presente en representaci\u00f3n del Gobernador Regional.En esta reuni\u00f3n sostenida el gerente Vejarano, manifest\u00f3 que el Gobierno Regional tiene toda la predisposici\u00f3n de ejecutar el proyecto de la tan ansiada canalizaci\u00f3n previo al trabajo articulado entre las dos comunas con la elaboraci\u00f3n del expediente t\u00e9cnico. A su turno la primera autoridad edil del distrito de Chilca, quien agradeci\u00f3 la voluntad del Gobernador Regional, manifest\u00f3 que el trabajo de la canalizaci\u00f3n resolver\u00e1 los principales problemas de inundaci\u00f3n de viviendas y campos de cultivo producto del desborde del r\u00edo \u00c1li, quien manifest\u00f3 que, ante la llegada de la temporada de lluvias, vecinos exigen se lleven a cabo trabajos de limpieza y descolmataci\u00f3n ya que, en este periodo, suelen causar estragos y anegaciones en casas y calles causa del desborde del mismo.<\/p>\n<p>Cabe se\u00f1alar que meses atr\u00e1s se vino reforzando las medidas de prevenci\u00f3n ante la temporada de lluvias, donde la comuna chilquense realiz\u00f3 trabajos de limpieza y descolmataci\u00f3n del riachuelo Hierbabuenahuayo, en el sector de Llamus con el prop\u00f3sito de prevenir el desborde de aguas pluviales por las intensas lluvias.<\/p>\n<p>Estas acciones coordinadas, entre el \u00c1rea de Defensa Civil de la Municipalidad Distrital de Chilca, con la Oficina de Gesti\u00f3n de Riesgos de Desastres, de la Municipalidad Distrital de Huanc\u00e1n; buscan mejorar los sistemas de canales de esta zona, donde fue necesario el uso de maquinaria pesada.<\/p>\n","protected":false},"excerpt":{"rendered":"<p>\ud835\udc00\ud835\udc27\ud835\udc2e\ud835\udc27\ud835\udc1c\ud835\udc22\ud835\udc28 \ud835\udc2c\ud835\udc1e \ud835\udc21\ud835\udc22\ud835\udc33\ud835\udc28 \ud835\udc1d\ud835\udc2e\ud835\udc2b\ud835\udc1a\ud835\udc27\ud835\udc2d\ud835\udc1e \ud835\udc2b\ud835\udc1e\ud835\udc2e\ud835\udc27\ud835\udc22\ud835\udc28\u0301\ud835\udc27 \ud835\udc1c\ud835\udc28\ud835\udc27 \ud835\udc1e\ud835\udc25 \ud835\udc06\ud835\udc1e\ud835\udc2b\ud835\udc1e\ud835\udc27\ud835\udc2d\ud835\udc1e \ud835\udc11\ud835\udc1e\ud835\udc20\ud835\udc22\ud835\udc28\ud835\udc27\ud835\udc1a\ud835\udc25 \ud835\udc1d\ud835\udc1e \ud835\udc08\ud835\udc27\ud835\udc1f\ud835\udc2b\ud835\udc1a\ud835\udc1e\ud835\udc2c\ud835\udc2d\ud835\udc2b\ud835\udc2e\ud835\udc1c\ud835\udc2d\ud835\udc2e\ud835\udc2b\ud835\udc1a \ud835\udc11\ud835\udc28\ud835\udc27\ud835\udc22 \ud835\udc01\ud835\udc1e\ud835\udc23\ud835\udc1a\ud835\udc2b\ud835\udc1a\ud835\udc27\ud835\udc28, \ud835\udc1e\ud835\udc25 \ud835\udc1a\ud835\udc25\ud835\udc1c\ud835\udc1a\ud835\udc25\ud835\udc1d\ud835\udc1e \ud835\udc1d\ud835\udc1e \ud835\udc07\ud835\udc2e\ud835\udc1a\ud835\udc27\ud835\udc1c\ud835\udc1a\ud835\udc27 \ud835\udc32 \ud835\udc02\ud835\udc21\ud835\udc22\ud835\udc25\ud835\udc1c\ud835\udc1a. Ante la solicitud de los vecinos de Auray y Talaca de la canalizaci\u00f3n del r\u00edo Ali, el alcalde C\u00e9sar Damas Laurente sostuvo una reuni\u00f3n de emergencia en la zona con el Gerente de Infraestructura del Gobierno [&hellip;]<\/p>\n","protected":false},"author":4,"featured_media":17836,"comment_status":"open","ping_status":"open","sticky":false,"template":"","format":"standard","meta":{"footnotes":""},"categories":[25],"tags":[],"class_list":["post-17833","post","type-post","status-publish","format-standard","has-post-thumbnail","hentry","category-noticias"],"blocksy_meta":[],"rttpg_featured_image_url":{"full":["https:\/\/munichilca.gob.pe\/site\/wp-content\/uploads\/2023\/12\/WhatsApp-Image-2023-12-06-at-3.47.33-PM.jpeg",1280,853,false],"landscape":["https:\/\/munichilca.gob.pe\/site\/wp-content\/uploads\/2023\/12\/WhatsApp-Image-2023-12-06-at-3.47.33-PM.jpeg",1280,853,false],"portraits":["https:\/\/munichilca.gob.pe\/site\/wp-content\/uploads\/2023\/12\/WhatsApp-Image-2023-12-06-at-3.47.33-PM.jpeg",1280,853,false],"thumbnail":["https:\/\/munichilca.gob.pe\/site\/wp-content\/uploads\/2023\/12\/WhatsApp-Image-2023-12-06-at-3.47.33-PM-150x150.jpeg",150,150,true],"medium":["https:\/\/munichilca.gob.pe\/site\/wp-content\/uploads\/2023\/12\/WhatsApp-Image-2023-12-06-at-3.47.33-PM-300x200.jpeg",300,200,true],"large":["https:\/\/munichilca.gob.pe\/site\/wp-content\/uploads\/2023\/12\/WhatsApp-Image-2023-12-06-at-3.47.33-PM-1024x682.jpeg",1024,682,true],"1536x1536":["https:\/\/munichilca.gob.pe\/site\/wp-content\/uploads\/2023\/12\/WhatsApp-Image-2023-12-06-at-3.47.33-PM.jpeg",1280,853,false],"2048x2048":["https:\/\/munichilca.gob.pe\/site\/wp-content\/uploads\/2023\/12\/WhatsApp-Image-2023-12-06-at-3.47.33-PM.jpeg",1280,853,false],"tp-image-grid":["https:\/\/munichilca.gob.pe\/site\/wp-content\/uploads\/2023\/12\/WhatsApp-Image-2023-12-06-at-3.47.33-PM-700x700.jpeg",700,700,true]},"rttpg_author":{"display_name":"JGUTARRA","author_link":"https:\/\/munichilca.gob.pe\/site\/author\/jgutarra\/"},"rttpg_comment":0,"rttpg_category":"<a href=\"https:\/\/munichilca.gob.pe\/site\/category\/noticias\/\" rel=\"category tag\">Noticias<\/a>","rttpg_excerpt":"\ud835\udc00\ud835\udc27\ud835\udc2e\ud835\udc27\ud835\udc1c\ud835\udc22\ud835\udc28 \ud835\udc2c\ud835\udc1e \ud835\udc21\ud835\udc22\ud835\udc33\ud835\udc28 \ud835\udc1d\ud835\udc2e\ud835\udc2b\ud835\udc1a\ud835\udc27\ud835\udc2d\ud835\udc1e \ud835\udc2b\ud835\udc1e\ud835\udc2e\ud835\udc27\ud835\udc22\ud835\udc28\u0301\ud835\udc27 \ud835\udc1c\ud835\udc28\ud835\udc27 \ud835\udc1e\ud835\udc25 \ud835\udc06\ud835\udc1e\ud835\udc2b\ud835\udc1e\ud835\udc27\ud835\udc2d\ud835\udc1e \ud835\udc11\ud835\udc1e\ud835\udc20\ud835\udc22\ud835\udc28\ud835\udc27\ud835\udc1a\ud835\udc25 \ud835\udc1d\ud835\udc1e \ud835\udc08\ud835\udc27\ud835\udc1f\ud835\udc2b\ud835\udc1a\ud835\udc1e\ud835\udc2c\ud835\udc2d\ud835\udc2b\ud835\udc2e\ud835\udc1c\ud835\udc2d\ud835\udc2e\ud835\udc2b\ud835\udc1a \ud835\udc11\ud835\udc28\ud835\udc27\ud835\udc22 \ud835\udc01\ud835\udc1e\ud835\udc23\ud835\udc1a\ud835\udc2b\ud835\udc1a\ud835\udc27\ud835\udc28, \ud835\udc1e\ud835\udc25 \ud835\udc1a\ud835\udc25\ud835\udc1c\ud835\udc1a\ud835\udc25\ud835\udc1d\ud835\udc1e \ud835\udc1d\ud835\udc1e \ud835\udc07\ud835\udc2e\ud835\udc1a\ud835\udc27\ud835\udc1c\ud835\udc1a\ud835\udc27 \ud835\udc32 \ud835\udc02\ud835\udc21\ud835\udc22\ud835\udc25\ud835\udc1c\ud835\udc1a. Ante la solicitud de los vecinos de Auray y Talaca de la canalizaci\u00f3n del r\u00edo Ali, el alcalde C\u00e9sar Damas Laurente sostuvo una reuni\u00f3n de emergencia en la zona con el Gerente de Infraestructura del Gobierno&hellip;","_links":{"self":[{"href":"https:\/\/munichilca.gob.pe\/site\/wp-json\/wp\/v2\/posts\/17833","targetHints":{"allow":["GET"]}}],"collection":[{"href":"https:\/\/munichilca.gob.pe\/site\/wp-json\/wp\/v2\/posts"}],"about":[{"href":"https:\/\/munichilca.gob.pe\/site\/wp-json\/wp\/v2\/types\/post"}],"author":[{"embeddable":true,"href":"https:\/\/munichilca.gob.pe\/site\/wp-json\/wp\/v2\/users\/4"}],"replies":[{"embeddable":true,"href":"https:\/\/munichilca.gob.pe\/site\/wp-json\/wp\/v2\/comments?post=17833"}],"version-history":[{"count":0,"href":"https:\/\/munichilca.gob.pe\/site\/wp-json\/wp\/v2\/posts\/17833\/revisions"}],"wp:featuredmedia":[{"embeddable":true,"href":"https:\/\/munichilca.gob.pe\/site\/wp-json\/wp\/v2\/media\/17836"}],"wp:attachment":[{"href":"https:\/\/munichilca.gob.pe\/site\/wp-json\/wp\/v2\/media?parent=17833"}],"wp:term":[{"taxonomy":"category","embeddable":true,"href":"https:\/\/munichilca.gob.pe\/site\/wp-json\/wp\/v2\/categories?post=17833"},{"taxonomy":"post_tag","embeddable":true,"href":"https:\/\/munichilca.gob.pe\/site\/wp-json\/wp\/v2\/tags?post=17833"}],"curies":[{"name":"wp","href":"https:\/\/api.w.org\/{rel}","templated":true}]}}