{"id":17830,"date":"2023-12-07T10:19:19","date_gmt":"2023-12-07T10:19:19","guid":{"rendered":"https:\/\/munichilca.gob.pe\/site\/?p=8185"},"modified":"2023-12-07T10:19:19","modified_gmt":"2023-12-07T10:19:19","slug":"%f0%9d%97%94%f0%9d%97%a1%f0%9d%97%a8%f0%9d%97%a1%f0%9d%97%96%f0%9d%97%9c%f0%9d%97%94%f0%9d%97%a1-%f0%9d%97%a3%f0%9d%97%9c%f0%9d%97%a1%f0%9d%97%a7%f0%9d%97%a2%f0%9d%97%a5%f0%9d%97%98%f0%9d%97%a6","status":"publish","type":"post","link":"https:\/\/munichilca.gob.pe\/site\/2023\/12\/07\/%f0%9d%97%94%f0%9d%97%a1%f0%9d%97%a8%f0%9d%97%a1%f0%9d%97%96%f0%9d%97%9c%f0%9d%97%94%f0%9d%97%a1-%f0%9d%97%a3%f0%9d%97%9c%f0%9d%97%a1%f0%9d%97%a7%f0%9d%97%a2%f0%9d%97%a5%f0%9d%97%98%f0%9d%97%a6\/","title":{"rendered":"\ud835\uddd4\ud835\udde1\ud835\udde8\ud835\udde1\ud835\uddd6\ud835\udddc\ud835\uddd4\ud835\udde1 \ud835\udde3\ud835\udddc\ud835\udde1\ud835\udde7\ud835\udde2\ud835\udde5\ud835\uddd8\ud835\udde6\ud835\uddd6\ud835\uddd4 \ud835\uddd6\ud835\uddd4\ud835\udde5\ud835\udde5\ud835\uddd8\ud835\udde5\ud835\uddd4 \ud835\uddd7\ud835\uddd8 \ud835\udde3\ud835\uddd4\ud835\udde3\ud835\uddd4\ud835\udde1\ud835\udde2\ud835\uddd8\ud835\udddf\ud835\uddd8\ud835\udde6 \ud835\uddec \ud835\udde0\ud835\uddd4\ud835\udde0\ud835\uddd4\ud835\udde1\ud835\udde2\ud835\uddd8\ud835\udddf\ud835\uddd4\ud835\udde6 \ud835\uddd8\ud835\udde1 \ud835\uddd8\ud835\udddf \ud835\uddd7\ud835\udddc\ud835\udde6\ud835\udde7\ud835\udde5\ud835\udddc\ud835\udde7\ud835\udde2 \ud835\uddd7\ud835\uddd8 \ud835\uddd6\ud835\udddb\ud835\udddc\ud835\udddf\ud835\uddd6\ud835\uddd4"},"content":{"rendered":"<p>\ud835\ude3e\ud835\ude64\ud835\ude62\ud835\ude6a\ud835\ude63\ud835\ude56 \ud835\ude64\ud835\ude67\ud835\ude5c\ud835\ude56\ud835\ude63\ud835\ude5e\ud835\ude6f\ud835\ude56 \ud835\ude56\ud835\ude58\ud835\ude69\ud835\ude5e\ud835\ude6b\ud835\ude5e\ud835\ude59\ud835\ude56\ud835\ude59 \ud835\ude58\ud835\ude64\ud835\ude63 \ud835\ude5a\ud835\ude61 \ud835\ude64\ud835\ude57\ud835\ude5f\ud835\ude5a\ud835\ude69\ud835\ude5e\ud835\ude6b\ud835\ude64 \ud835\ude59\ud835\ude5a \ud835\ude65\ud835\ude67\ud835\ude64\ud835\ude62\ud835\ude64\ud835\ude6b\ud835\ude5a\ud835\ude67 \ud835\ude5a\ud835\ude61 \ud835\ude69\ud835\ude6a\ud835\ude67\ud835\ude5e\ud835\ude68\ud835\ude62\ud835\ude64 \ud835\ude6e \ud835\ude68\ud835\ude5a\ud835\ude5c\ud835\ude6a\ud835\ude5e\ud835\ude67 \ud835\ude5e\ud835\ude63\ud835\ude58\ud835\ude5a\ud835\ude63\ud835\ude69\ud835\ude5e\ud835\ude6b\ud835\ude56\ud835\ude63\ud835\ude59\ud835\ude64 \ud835\ude56\ud835\ude61 \ud835\ude59\ud835\ude5a\ud835\ude65\ud835\ude64\ud835\ude67\ud835\ude69\ud835\ude5a \ud835\ude56\ud835\ude65\ud835\ude67\ud835\ude64\ud835\ude6b\ud835\ude5a\ud835\ude58\ud835\ude5d\ud835\ude56\ud835\ude63\ud835\ude59\ud835\ude64 \ud835\ude5a\ud835\ude68\ud835\ude69\ud835\ude56\ud835\ude68 \ud835\ude5b\ud835\ude5a\ud835\ude58\ud835\ude5d\ud835\ude56\ud835\ude68 \ud835\ude59\ud835\ude5a \ud835\ude5b\ud835\ude5e\ud835\ude63 \ud835\ude59\ud835\ude5a \ud835\ude56\ud835\ude63\u0303\ud835\ude64<\/p>\n<p>La poblaci\u00f3n del distrito de Chilca, disfrutar\u00e1 este s\u00e1bado 23 de diciembre la \u201cPrimera Carrera de Papa Noeles y Mama Noelas\u201d organizada por la Municipalidad Distrital con motivo de celebrar las fiestas navide\u00f1as, donde el punto de concentraci\u00f3n y partida ser\u00e1 a las 10:00 de la ma\u00f1ana en el parque Los H\u00e9roes.<\/p>\n<p>En esta actividad, organizada por la Gerencia de Desarrollo Econ\u00f3mico y Turismo de la comuna, podr\u00e1n participar representantes de entidades p\u00fablicas y privadas a partir de los 18 a\u00f1os, quienes correr\u00e1n a lo largo de la Av. 9 de Diciembre desde el parque Los H\u00e9roes hasta la Av. Torre Tagle.<\/p>\n<p>Al finalizar la carrera de casi 400 metros planos llenos de muchas risas y buen\u00edsimas intenciones de los papanoeles y mamanoelas recibir\u00e1n un reconocimiento por su participaci\u00f3n, mientras que los tres primeros puestos se har\u00e1n merecedores de canastas navide\u00f1as, trofeos y premios sorpresa.<br \/>\n\u201cva a ser la carrera m\u00e1s divertida del a\u00f1o, y de las Navidades, adem\u00e1s de una experiencia \u00fanica, esta iniciativa tiene el objetivo de ver las posibilidades de promover el turismo, seguir incentivando al deporte, incentivar a las personas a ser solidarios y de integrar a la comunidad aprovechando estas fechas de fin de a\u00f1o\u201d, afirm\u00f3 Jorge Alminagorda, responsable del \u00c1rea de Turismo de la comuna de Chilca.<\/p>\n<p>Los requisitos es que las personas deben encontrarse en la edad de 18 a 40 a\u00f1os en ambos sexos, quienes deber\u00e1n vestir su traje y portar su costal de regalos, los mismos pueden inscribirse totalmente gratis hasta el d\u00eda jueves 21 de diciembre en el \u00c1rea de Turismo de la Municipalidad o virtualmente en plataforma de la p\u00e1gina web de la Municipalidad Distrital de Chilca.<\/p>\n","protected":false},"excerpt":{"rendered":"<p>\ud835\ude3e\ud835\ude64\ud835\ude62\ud835\ude6a\ud835\ude63\ud835\ude56 \ud835\ude64\ud835\ude67\ud835\ude5c\ud835\ude56\ud835\ude63\ud835\ude5e\ud835\ude6f\ud835\ude56 \ud835\ude56\ud835\ude58\ud835\ude69\ud835\ude5e\ud835\ude6b\ud835\ude5e\ud835\ude59\ud835\ude56\ud835\ude59 \ud835\ude58\ud835\ude64\ud835\ude63 \ud835\ude5a\ud835\ude61 \ud835\ude64\ud835\ude57\ud835\ude5f\ud835\ude5a\ud835\ude69\ud835\ude5e\ud835\ude6b\ud835\ude64 \ud835\ude59\ud835\ude5a \ud835\ude65\ud835\ude67\ud835\ude64\ud835\ude62\ud835\ude64\ud835\ude6b\ud835\ude5a\ud835\ude67 \ud835\ude5a\ud835\ude61 \ud835\ude69\ud835\ude6a\ud835\ude67\ud835\ude5e\ud835\ude68\ud835\ude62\ud835\ude64 \ud835\ude6e \ud835\ude68\ud835\ude5a\ud835\ude5c\ud835\ude6a\ud835\ude5e\ud835\ude67 \ud835\ude5e\ud835\ude63\ud835\ude58\ud835\ude5a\ud835\ude63\ud835\ude69\ud835\ude5e\ud835\ude6b\ud835\ude56\ud835\ude63\ud835\ude59\ud835\ude64 \ud835\ude56\ud835\ude61 \ud835\ude59\ud835\ude5a\ud835\ude65\ud835\ude64\ud835\ude67\ud835\ude69\ud835\ude5a \ud835\ude56\ud835\ude65\ud835\ude67\ud835\ude64\ud835\ude6b\ud835\ude5a\ud835\ude58\ud835\ude5d\ud835\ude56\ud835\ude63\ud835\ude59\ud835\ude64 \ud835\ude5a\ud835\ude68\ud835\ude69\ud835\ude56\ud835\ude68 \ud835\ude5b\ud835\ude5a\ud835\ude58\ud835\ude5d\ud835\ude56\ud835\ude68 \ud835\ude59\ud835\ude5a \ud835\ude5b\ud835\ude5e\ud835\ude63 \ud835\ude59\ud835\ude5a \ud835\ude56\ud835\ude63\u0303\ud835\ude64 La poblaci\u00f3n del distrito de Chilca, disfrutar\u00e1 este s\u00e1bado 23 de diciembre la \u201cPrimera Carrera de Papa Noeles y Mama Noelas\u201d organizada por la Municipalidad Distrital con motivo de celebrar las fiestas navide\u00f1as, [&hellip;]<\/p>\n","protected":false},"author":4,"featured_media":17832,"comment_status":"open","ping_status":"open","sticky":false,"template":"","format":"standard","meta":{"footnotes":""},"categories":[25],"tags":[],"class_list":["post-17830","post","type-post","status-publish","format-standard","has-post-thumbnail","hentry","category-noticias"],"blocksy_meta":[],"rttpg_featured_image_url":{"full":["https:\/\/munichilca.gob.pe\/site\/wp-content\/uploads\/2023\/12\/WhatsApp-Image-2023-12-07-at-10.07.06-AM.jpeg",720,450,false],"landscape":["https:\/\/munichilca.gob.pe\/site\/wp-content\/uploads\/2023\/12\/WhatsApp-Image-2023-12-07-at-10.07.06-AM.jpeg",720,450,false],"portraits":["https:\/\/munichilca.gob.pe\/site\/wp-content\/uploads\/2023\/12\/WhatsApp-Image-2023-12-07-at-10.07.06-AM.jpeg",720,450,false],"thumbnail":["https:\/\/munichilca.gob.pe\/site\/wp-content\/uploads\/2023\/12\/WhatsApp-Image-2023-12-07-at-10.07.06-AM-150x150.jpeg",150,150,true],"medium":["https:\/\/munichilca.gob.pe\/site\/wp-content\/uploads\/2023\/12\/WhatsApp-Image-2023-12-07-at-10.07.06-AM-300x188.jpeg",300,188,true],"large":["https:\/\/munichilca.gob.pe\/site\/wp-content\/uploads\/2023\/12\/WhatsApp-Image-2023-12-07-at-10.07.06-AM.jpeg",720,450,false],"1536x1536":["https:\/\/munichilca.gob.pe\/site\/wp-content\/uploads\/2023\/12\/WhatsApp-Image-2023-12-07-at-10.07.06-AM.jpeg",720,450,false],"2048x2048":["https:\/\/munichilca.gob.pe\/site\/wp-content\/uploads\/2023\/12\/WhatsApp-Image-2023-12-07-at-10.07.06-AM.jpeg",720,450,false],"tp-image-grid":["https:\/\/munichilca.gob.pe\/site\/wp-content\/uploads\/2023\/12\/WhatsApp-Image-2023-12-07-at-10.07.06-AM-700x450.jpeg",700,450,true]},"rttpg_author":{"display_name":"JGUTARRA","author_link":"https:\/\/munichilca.gob.pe\/site\/author\/jgutarra\/"},"rttpg_comment":0,"rttpg_category":"<a href=\"https:\/\/munichilca.gob.pe\/site\/category\/noticias\/\" rel=\"category tag\">Noticias<\/a>","rttpg_excerpt":"\ud835\ude3e\ud835\ude64\ud835\ude62\ud835\ude6a\ud835\ude63\ud835\ude56 \ud835\ude64\ud835\ude67\ud835\ude5c\ud835\ude56\ud835\ude63\ud835\ude5e\ud835\ude6f\ud835\ude56 \ud835\ude56\ud835\ude58\ud835\ude69\ud835\ude5e\ud835\ude6b\ud835\ude5e\ud835\ude59\ud835\ude56\ud835\ude59 \ud835\ude58\ud835\ude64\ud835\ude63 \ud835\ude5a\ud835\ude61 \ud835\ude64\ud835\ude57\ud835\ude5f\ud835\ude5a\ud835\ude69\ud835\ude5e\ud835\ude6b\ud835\ude64 \ud835\ude59\ud835\ude5a \ud835\ude65\ud835\ude67\ud835\ude64\ud835\ude62\ud835\ude64\ud835\ude6b\ud835\ude5a\ud835\ude67 \ud835\ude5a\ud835\ude61 \ud835\ude69\ud835\ude6a\ud835\ude67\ud835\ude5e\ud835\ude68\ud835\ude62\ud835\ude64 \ud835\ude6e \ud835\ude68\ud835\ude5a\ud835\ude5c\ud835\ude6a\ud835\ude5e\ud835\ude67 \ud835\ude5e\ud835\ude63\ud835\ude58\ud835\ude5a\ud835\ude63\ud835\ude69\ud835\ude5e\ud835\ude6b\ud835\ude56\ud835\ude63\ud835\ude59\ud835\ude64 \ud835\ude56\ud835\ude61 \ud835\ude59\ud835\ude5a\ud835\ude65\ud835\ude64\ud835\ude67\ud835\ude69\ud835\ude5a \ud835\ude56\ud835\ude65\ud835\ude67\ud835\ude64\ud835\ude6b\ud835\ude5a\ud835\ude58\ud835\ude5d\ud835\ude56\ud835\ude63\ud835\ude59\ud835\ude64 \ud835\ude5a\ud835\ude68\ud835\ude69\ud835\ude56\ud835\ude68 \ud835\ude5b\ud835\ude5a\ud835\ude58\ud835\ude5d\ud835\ude56\ud835\ude68 \ud835\ude59\ud835\ude5a \ud835\ude5b\ud835\ude5e\ud835\ude63 \ud835\ude59\ud835\ude5a \ud835\ude56\ud835\ude63\u0303\ud835\ude64 La poblaci\u00f3n del distrito de Chilca, disfrutar\u00e1 este s\u00e1bado 23 de diciembre la \u201cPrimera Carrera de Papa Noeles y Mama Noelas\u201d organizada por la Municipalidad Distrital con motivo de celebrar las fiestas navide\u00f1as,&hellip;","_links":{"self":[{"href":"https:\/\/munichilca.gob.pe\/site\/wp-json\/wp\/v2\/posts\/17830","targetHints":{"allow":["GET"]}}],"collection":[{"href":"https:\/\/munichilca.gob.pe\/site\/wp-json\/wp\/v2\/posts"}],"about":[{"href":"https:\/\/munichilca.gob.pe\/site\/wp-json\/wp\/v2\/types\/post"}],"author":[{"embeddable":true,"href":"https:\/\/munichilca.gob.pe\/site\/wp-json\/wp\/v2\/users\/4"}],"replies":[{"embeddable":true,"href":"https:\/\/munichilca.gob.pe\/site\/wp-json\/wp\/v2\/comments?post=17830"}],"version-history":[{"count":0,"href":"https:\/\/munichilca.gob.pe\/site\/wp-json\/wp\/v2\/posts\/17830\/revisions"}],"wp:featuredmedia":[{"embeddable":true,"href":"https:\/\/munichilca.gob.pe\/site\/wp-json\/wp\/v2\/media\/17832"}],"wp:attachment":[{"href":"https:\/\/munichilca.gob.pe\/site\/wp-json\/wp\/v2\/media?parent=17830"}],"wp:term":[{"taxonomy":"category","embeddable":true,"href":"https:\/\/munichilca.gob.pe\/site\/wp-json\/wp\/v2\/categories?post=17830"},{"taxonomy":"post_tag","embeddable":true,"href":"https:\/\/munichilca.gob.pe\/site\/wp-json\/wp\/v2\/tags?post=17830"}],"curies":[{"name":"wp","href":"https:\/\/api.w.org\/{rel}","templated":true}]}}