{"id":17814,"date":"2023-12-07T10:25:31","date_gmt":"2023-12-07T10:25:31","guid":{"rendered":"https:\/\/munichilca.gob.pe\/site\/?p=8183"},"modified":"2023-12-07T10:25:31","modified_gmt":"2023-12-07T10:25:31","slug":"%f0%9d%97%96%f0%9d%97%a8%f0%9d%97%9f%f0%9d%97%a0%f0%9d%97%9c%f0%9d%97%a1%f0%9d%97%94%f0%9d%97%a1-%f0%9d%97%96%f0%9d%97%a2%f0%9d%97%a1-%f0%9d%97%a7%f0%9d%97%98%f0%9d%97%a1%f0%9d%97%97%f0%9d%97%9c","status":"publish","type":"post","link":"https:\/\/munichilca.gob.pe\/site\/2023\/12\/07\/%f0%9d%97%96%f0%9d%97%a8%f0%9d%97%9f%f0%9d%97%a0%f0%9d%97%9c%f0%9d%97%a1%f0%9d%97%94%f0%9d%97%a1-%f0%9d%97%96%f0%9d%97%a2%f0%9d%97%a1-%f0%9d%97%a7%f0%9d%97%98%f0%9d%97%a1%f0%9d%97%97%f0%9d%97%9c\/","title":{"rendered":"\ud835\uddd6\ud835\udde8\ud835\udddf\ud835\udde0\ud835\udddc\ud835\udde1\ud835\uddd4\ud835\udde1 \ud835\uddd6\ud835\udde2\ud835\udde1 \ud835\udde7\ud835\uddd8\ud835\udde1\ud835\uddd7\ud835\udddc\ud835\uddd7\ud835\udde2 \ud835\uddd7\ud835\uddd8 \ud835\udde7\ud835\udde8\ud835\uddd5\ud835\uddd8\ud835\udde5\ud835\udddc\ud835\uddd4\ud835\udde6 \ud835\uddd8\ud835\udde1 \ud835\udde2\ud835\uddd5\ud835\udde5\ud835\uddd4 \ud835\uddd7\ud835\uddd8\ud835\udddf \ud835\udddd\ud835\udde5. \ud835\udde7\ud835\udde2\ud835\udde5\ud835\udde5\ud835\uddd8 \ud835\udde7\ud835\uddd4\ud835\uddda\ud835\udddf\ud835\uddd8 \ud835\uddd7\ud835\uddd8\ud835\udddf \ud835\udde6\ud835\uddd8\ud835\uddd6\ud835\udde7\ud835\udde2\ud835\udde5 \ud835\uddd7\ud835\uddd8 \ud835\uddd8\ud835\uddd6\ud835\udddb\ud835\uddd4\ud835\uddd7\ud835\uddd8\ud835\udde5\ud835\udde2"},"content":{"rendered":"<p>\ud835\ude4b\ud835\ude5e\ud835\ude68\ud835\ude69\ud835\ude56\ud835\ude68 \ud835\ude6e \ud835\ude6b\ud835\ude5a\ud835\ude67\ud835\ude5a\ud835\ude59\ud835\ude56\ud835\ude68 \ud835\ude66\ud835\ude6a\ud835\ude5a \ud835\ude57\ud835\ude5a\ud835\ude63\ud835\ude5a\ud835\ude5b\ud835\ude5e\ud835\ude58\ud835\ude5e\ud835\ude56\ud835\ude67\ud835\ude56\u0301 \ud835\ude56 \ud835\ude62\ud835\ude56\u0301\ud835\ude68 \ud835\ude59\ud835\ude5a 130 \ud835\ude5b\ud835\ude56\ud835\ude62\ud835\ude5e\ud835\ude61\ud835\ude5e\ud835\ude56\ud835\ude68, \ud835\ude5a\ud835\ude68 \ud835\ude61\ud835\ude56 \ud835\ude68\ud835\ude5a\ud835\ude5c\ud835\ude6a\ud835\ude63\ud835\ude59\ud835\ude56 \ud835\ude64\ud835\ude57\ud835\ude67\ud835\ude56 \ud835\ude59\ud835\ude5a \ud835\ude5e\ud835\ude62\ud835\ude65\ud835\ude56\ud835\ude58\ud835\ude69\ud835\ude64 \ud835\ude66\ud835\ude6a\ud835\ude5a \ud835\ude58\ud835\ude64\ud835\ude63\ud835\ude69\ud835\ude56\ud835\ude67\ud835\ude56\u0301 \ud835\ude5a\ud835\ude68\ud835\ude69\ud835\ude5a \ud835\ude68\ud835\ude5a\ud835\ude58\ud835\ude69\ud835\ude64\ud835\ude67.<\/p>\n<p>Obra del \u201cMejoramiento del servicio de movilidad urbana en el Jr. Torre Tagle\u201d, tramo jr. San Martin hasta Torre Tagle, culmin\u00f3 el tendido de tuber\u00edas para la instalaci\u00f3n de agua potable, iniciando la segunda etapa de corte y eliminaci\u00f3n de material excedente.<br \/>\nEl referido proyecto es ejecutado y financiado por la municipalidad en la modalidad de administraci\u00f3n directa y tiene un monto de inversi\u00f3n de 1 mill\u00f3n 397 mil 310.96 soles, donde los vecinos aportar\u00e1n el 25% de cofinanciamiento contempla, pavimento r\u00edgido de las siete cuadras con 720 metros lineales, construcci\u00f3n de jardiner\u00edas laterales en ambas partes, veredas peatonales de 1.80 ml. de ancho, con sus respectivas cunetas y badenes.<\/p>\n<p>Esta misma permitir\u00e1 que dentro un lapso de 120 d\u00edas calendarios aproximadamente, los habitantes y moradores que habitan en ese lugar puedan contar con estas calles pavimentadas y veredas que mejorar\u00e1 la calidad de vida de las personas de este sector que transitan diariamente por esa zona.<br \/>\nPor su parte el alcalde C\u00e9sar Damas Laurente, manifest\u00f3 su satisfacci\u00f3n del trabajo coordinado entre autoridades y poblaci\u00f3n en general, el cual va a permitir que los pobladores cuenten con mejores condiciones para vivir y sus viviendas adquieran un mayor valor, asimismo invoc\u00f3 a los vecinos a mantenerse unidos, aportar el cofinanciamiento y estar atentos de los que trabajos que ya se vienen ejecutando.<\/p>\n<p>\u201cEs la segunda obra de impacto que se da inicio, donde la ejecuci\u00f3n de este proyecto permitir\u00e1 paliar la dura situaci\u00f3n econ\u00f3mica, generando muchos puestos laborales, para la reactivaci\u00f3n de la golpeada econom\u00eda local a causada por la emergencia sanitaria\u201d manifest\u00f3 In\u00e9s Villazana Alarc\u00f3n, presidenta del comit\u00e9 de gesti\u00f3n.<\/p>\n","protected":false},"excerpt":{"rendered":"<p>\ud835\ude4b\ud835\ude5e\ud835\ude68\ud835\ude69\ud835\ude56\ud835\ude68 \ud835\ude6e \ud835\ude6b\ud835\ude5a\ud835\ude67\ud835\ude5a\ud835\ude59\ud835\ude56\ud835\ude68 \ud835\ude66\ud835\ude6a\ud835\ude5a \ud835\ude57\ud835\ude5a\ud835\ude63\ud835\ude5a\ud835\ude5b\ud835\ude5e\ud835\ude58\ud835\ude5e\ud835\ude56\ud835\ude67\ud835\ude56\u0301 \ud835\ude56 \ud835\ude62\ud835\ude56\u0301\ud835\ude68 \ud835\ude59\ud835\ude5a 130 \ud835\ude5b\ud835\ude56\ud835\ude62\ud835\ude5e\ud835\ude61\ud835\ude5e\ud835\ude56\ud835\ude68, \ud835\ude5a\ud835\ude68 \ud835\ude61\ud835\ude56 \ud835\ude68\ud835\ude5a\ud835\ude5c\ud835\ude6a\ud835\ude63\ud835\ude59\ud835\ude56 \ud835\ude64\ud835\ude57\ud835\ude67\ud835\ude56 \ud835\ude59\ud835\ude5a \ud835\ude5e\ud835\ude62\ud835\ude65\ud835\ude56\ud835\ude58\ud835\ude69\ud835\ude64 \ud835\ude66\ud835\ude6a\ud835\ude5a \ud835\ude58\ud835\ude64\ud835\ude63\ud835\ude69\ud835\ude56\ud835\ude67\ud835\ude56\u0301 \ud835\ude5a\ud835\ude68\ud835\ude69\ud835\ude5a \ud835\ude68\ud835\ude5a\ud835\ude58\ud835\ude69\ud835\ude64\ud835\ude67. Obra del \u201cMejoramiento del servicio de movilidad urbana en el Jr. Torre Tagle\u201d, tramo jr. San Martin hasta Torre Tagle, culmin\u00f3 el tendido de tuber\u00edas para la instalaci\u00f3n de agua potable, iniciando la segunda etapa [&hellip;]<\/p>\n","protected":false},"author":4,"featured_media":17816,"comment_status":"open","ping_status":"open","sticky":false,"template":"","format":"standard","meta":{"footnotes":""},"categories":[25],"tags":[],"class_list":["post-17814","post","type-post","status-publish","format-standard","has-post-thumbnail","hentry","category-noticias"],"blocksy_meta":[],"rttpg_featured_image_url":{"full":["https:\/\/munichilca.gob.pe\/site\/wp-content\/uploads\/2023\/12\/WhatsApp-Image-2023-12-07-at-10.15.22-AM-1.jpeg",1280,960,false],"landscape":["https:\/\/munichilca.gob.pe\/site\/wp-content\/uploads\/2023\/12\/WhatsApp-Image-2023-12-07-at-10.15.22-AM-1.jpeg",1280,960,false],"portraits":["https:\/\/munichilca.gob.pe\/site\/wp-content\/uploads\/2023\/12\/WhatsApp-Image-2023-12-07-at-10.15.22-AM-1.jpeg",1280,960,false],"thumbnail":["https:\/\/munichilca.gob.pe\/site\/wp-content\/uploads\/2023\/12\/WhatsApp-Image-2023-12-07-at-10.15.22-AM-1-150x150.jpeg",150,150,true],"medium":["https:\/\/munichilca.gob.pe\/site\/wp-content\/uploads\/2023\/12\/WhatsApp-Image-2023-12-07-at-10.15.22-AM-1-300x225.jpeg",300,225,true],"large":["https:\/\/munichilca.gob.pe\/site\/wp-content\/uploads\/2023\/12\/WhatsApp-Image-2023-12-07-at-10.15.22-AM-1-1024x768.jpeg",1024,768,true],"1536x1536":["https:\/\/munichilca.gob.pe\/site\/wp-content\/uploads\/2023\/12\/WhatsApp-Image-2023-12-07-at-10.15.22-AM-1.jpeg",1280,960,false],"2048x2048":["https:\/\/munichilca.gob.pe\/site\/wp-content\/uploads\/2023\/12\/WhatsApp-Image-2023-12-07-at-10.15.22-AM-1.jpeg",1280,960,false],"tp-image-grid":["https:\/\/munichilca.gob.pe\/site\/wp-content\/uploads\/2023\/12\/WhatsApp-Image-2023-12-07-at-10.15.22-AM-1-700x700.jpeg",700,700,true]},"rttpg_author":{"display_name":"JGUTARRA","author_link":"https:\/\/munichilca.gob.pe\/site\/author\/jgutarra\/"},"rttpg_comment":0,"rttpg_category":"<a href=\"https:\/\/munichilca.gob.pe\/site\/category\/noticias\/\" rel=\"category tag\">Noticias<\/a>","rttpg_excerpt":"\ud835\ude4b\ud835\ude5e\ud835\ude68\ud835\ude69\ud835\ude56\ud835\ude68 \ud835\ude6e \ud835\ude6b\ud835\ude5a\ud835\ude67\ud835\ude5a\ud835\ude59\ud835\ude56\ud835\ude68 \ud835\ude66\ud835\ude6a\ud835\ude5a \ud835\ude57\ud835\ude5a\ud835\ude63\ud835\ude5a\ud835\ude5b\ud835\ude5e\ud835\ude58\ud835\ude5e\ud835\ude56\ud835\ude67\ud835\ude56\u0301 \ud835\ude56 \ud835\ude62\ud835\ude56\u0301\ud835\ude68 \ud835\ude59\ud835\ude5a 130 \ud835\ude5b\ud835\ude56\ud835\ude62\ud835\ude5e\ud835\ude61\ud835\ude5e\ud835\ude56\ud835\ude68, \ud835\ude5a\ud835\ude68 \ud835\ude61\ud835\ude56 \ud835\ude68\ud835\ude5a\ud835\ude5c\ud835\ude6a\ud835\ude63\ud835\ude59\ud835\ude56 \ud835\ude64\ud835\ude57\ud835\ude67\ud835\ude56 \ud835\ude59\ud835\ude5a \ud835\ude5e\ud835\ude62\ud835\ude65\ud835\ude56\ud835\ude58\ud835\ude69\ud835\ude64 \ud835\ude66\ud835\ude6a\ud835\ude5a \ud835\ude58\ud835\ude64\ud835\ude63\ud835\ude69\ud835\ude56\ud835\ude67\ud835\ude56\u0301 \ud835\ude5a\ud835\ude68\ud835\ude69\ud835\ude5a \ud835\ude68\ud835\ude5a\ud835\ude58\ud835\ude69\ud835\ude64\ud835\ude67. Obra del \u201cMejoramiento del servicio de movilidad urbana en el Jr. Torre Tagle\u201d, tramo jr. San Martin hasta Torre Tagle, culmin\u00f3 el tendido de tuber\u00edas para la instalaci\u00f3n de agua potable, iniciando la segunda etapa&hellip;","_links":{"self":[{"href":"https:\/\/munichilca.gob.pe\/site\/wp-json\/wp\/v2\/posts\/17814","targetHints":{"allow":["GET"]}}],"collection":[{"href":"https:\/\/munichilca.gob.pe\/site\/wp-json\/wp\/v2\/posts"}],"about":[{"href":"https:\/\/munichilca.gob.pe\/site\/wp-json\/wp\/v2\/types\/post"}],"author":[{"embeddable":true,"href":"https:\/\/munichilca.gob.pe\/site\/wp-json\/wp\/v2\/users\/4"}],"replies":[{"embeddable":true,"href":"https:\/\/munichilca.gob.pe\/site\/wp-json\/wp\/v2\/comments?post=17814"}],"version-history":[{"count":0,"href":"https:\/\/munichilca.gob.pe\/site\/wp-json\/wp\/v2\/posts\/17814\/revisions"}],"wp:featuredmedia":[{"embeddable":true,"href":"https:\/\/munichilca.gob.pe\/site\/wp-json\/wp\/v2\/media\/17816"}],"wp:attachment":[{"href":"https:\/\/munichilca.gob.pe\/site\/wp-json\/wp\/v2\/media?parent=17814"}],"wp:term":[{"taxonomy":"category","embeddable":true,"href":"https:\/\/munichilca.gob.pe\/site\/wp-json\/wp\/v2\/categories?post=17814"},{"taxonomy":"post_tag","embeddable":true,"href":"https:\/\/munichilca.gob.pe\/site\/wp-json\/wp\/v2\/tags?post=17814"}],"curies":[{"name":"wp","href":"https:\/\/api.w.org\/{rel}","templated":true}]}}