{"id":17813,"date":"2024-02-27T09:25:48","date_gmt":"2024-02-27T09:25:48","guid":{"rendered":"https:\/\/munichilca.gob.pe\/site\/?p=8371"},"modified":"2024-02-27T09:25:48","modified_gmt":"2024-02-27T09:25:48","slug":"%f0%9d%97%a9%f0%9d%97%98%f0%9d%97%a5%f0%9d%97%9c%f0%9d%97%99%f0%9d%97%9c%f0%9d%97%96%f0%9d%97%94%f0%9d%97%a1-%f0%9d%97%a6%f0%9d%97%98%f0%9d%97%9a%f0%9d%97%a8%f0%9d%97%a5%f0%9d%97%9c%f0%9d%97%97","status":"publish","type":"post","link":"https:\/\/munichilca.gob.pe\/site\/2024\/02\/27\/%f0%9d%97%a9%f0%9d%97%98%f0%9d%97%a5%f0%9d%97%9c%f0%9d%97%99%f0%9d%97%9c%f0%9d%97%96%f0%9d%97%94%f0%9d%97%a1-%f0%9d%97%a6%f0%9d%97%98%f0%9d%97%9a%f0%9d%97%a8%f0%9d%97%a5%f0%9d%97%9c%f0%9d%97%97\/","title":{"rendered":"\ud835\udde9\ud835\uddd8\ud835\udde5\ud835\udddc\ud835\uddd9\ud835\udddc\ud835\uddd6\ud835\uddd4\ud835\udde1 \ud835\udde6\ud835\uddd8\ud835\uddda\ud835\udde8\ud835\udde5\ud835\udddc\ud835\uddd7\ud835\uddd4\ud835\uddd7 \ud835\uddd8\ud835\udde1 \ud835\udde3\ud835\udde8\ud835\uddd8\ud835\udde6\ud835\udde7\ud835\udde2\ud835\udde6 \ud835\uddd7\ud835\uddd8 \ud835\udddf\ud835\uddd4 \ud835\uddd9\ud835\uddd8\ud835\udde5\ud835\udddc\ud835\uddd4 \ud835\uddd8\ud835\udde6\ud835\uddd6\ud835\udde2\ud835\udddf\ud835\uddd4\ud835\udde5 \ud835\udfee\ud835\udfec\ud835\udfee\ud835\udff0 \ud835\uddd7\ud835\uddd8 \ud835\uddd6\ud835\udddb\ud835\udddc\ud835\udddf\ud835\uddd6\ud835\uddd4"},"content":{"rendered":"<p>\ud835\ude3f\ud835\ude5a\ud835\ude5b\ud835\ude5a\ud835\ude63\ud835\ude68\ud835\ude56 \ud835\ude3e\ud835\ude5e\ud835\ude6b\ud835\ude5e\ud835\ude61 \ud835\ude67\ud835\ude5a\ud835\ude56\ud835\ude61\ud835\ude5e\ud835\ude6f\ud835\ude56 \ud835\ude5e\ud835\ude63\ud835\ude68\ud835\ude65\ud835\ude5a\ud835\ude58\ud835\ude58\ud835\ude5e\ud835\ude64\u0301\ud835\ude63 \ud835\ude59\ud835\ude5a \ud835\ude5a\ud835\ude68\ud835\ude69\ud835\ude67\ud835\ude6a\ud835\ude58\ud835\ude69\ud835\ude6a\ud835\ude67\ud835\ude56\ud835\ude68 \ud835\ude6e \ud835\ude69\ud835\ude56\ud835\ude57\ud835\ude61\ud835\ude5a\ud835\ude67\ud835\ude64\ud835\ude68 \ud835\ude5a\ud835\ude61\ud835\ude5a\u0301\ud835\ude58\ud835\ude69\ud835\ude67\ud835\ude5e\ud835\ude58\ud835\ude64\ud835\ude68 \ud835\ude59\ud835\ude5a \ud835\ude58\ud835\ude56\ud835\ude59\ud835\ude56 \ud835\ude65\ud835\ude6a\ud835\ude5a\ud835\ude68\ud835\ude69\ud835\ude64 \ud835\ude59\ud835\ude5a \ud835\ude6b\ud835\ude5a\ud835\ude63\ud835\ude69\ud835\ude56.<br \/>\nPara asegurar el buen desarrollo de la feria escolar 2024 que organiza la Municipalidad Distrital de Chilca, las carpas de venta vienen siendo inspeccionados por el personal de Defensa Civil y la oficina de ferias para verificar que cada puesto cuente con la correcta instalaci\u00f3n de los tableros el\u00e9ctricos y sus estructuras.<br \/>\nEn la jornada fiscalizadora, las autoridades y el equipo de inspecci\u00f3n municipal, revisaron las instalaciones verificando que contaran con las protecciones necesarias y se ajustaran a la normativa legal vigente, resguardando siempre la seguridad de las personas.<br \/>\nFeria que atender\u00e1 a la poblaci\u00f3n a partir del 28 de febrero hasta el 30 de marzo desde las 8 de la ma\u00f1ana hasta las 10 de la noche en la Av. Torre Tagle, desde la Av. 9 de Diciembre hasta el Jr. Santos Chocano.<br \/>\nA un mes de iniciar el a\u00f1o escolar, los padres de familia ya sienten la presi\u00f3n por adquirir la famosa lista de \u00fatiles que cada a\u00f1o crece m\u00e1s. Feria donde se espera la participaci\u00f3n de m\u00e1s de 30 comerciantes, cada uno especialista en su rubro, lo que les permitir\u00e1 encontrar diversos productos, pero a un precio preferencial.<br \/>\nEl responsable de defensa civil C\u00e9sar Ramos Escalante exhort\u00f3 a los comerciantes de la feria a cumplir con las normas de seguridad para no poner en riesgo la vida de las personas que acuden a realizar sus compras.<br \/>\nCon esta feria la comuna de Chilca busca reactivar su econom\u00eda en nuestro distrito y permitir que los padres de familia tengan una alternativa para realizar las compras de los \u00fatiles escolares a precios bajos y accesibles acorde a la econom\u00eda del hogar en marco al inicio del a\u00f1o escolar 2024.<br \/>\nAdem\u00e1s de \u00fatiles escolares los padres podr\u00e1n encontrar uniformes, zapatos y mochilas a precio rebajado, as\u00ed lo anunci\u00f3 el responsable de ferias Jorge Alminagorda; \u201cvenimos apostando por la educaci\u00f3n y la reactivaci\u00f3n econ\u00f3mica, y con esta feria se busca beneficiar a toda la poblaci\u00f3n quienes preocupados por los precios altos buscan reducir sus gastos en compras de uniformes y \u00fatiles escolares principalmente en este mes que se apertura del a\u00f1o escolar\u201d, acot\u00f3 el trabajador edil.<img fetchpriority=\"high\" decoding=\"async\" class=\"alignnone size-medium wp-image-8372\" src=\"https:\/\/munichilca.gob.pe\/site\/wp-content\/uploads\/2024\/02\/WhatsApp-Image-2024-02-26-at-15.30.38-640x426.jpeg\" alt=\"\" width=\"640\" height=\"426\" \/><\/p>\n","protected":false},"excerpt":{"rendered":"<p>\ud835\ude3f\ud835\ude5a\ud835\ude5b\ud835\ude5a\ud835\ude63\ud835\ude68\ud835\ude56 \ud835\ude3e\ud835\ude5e\ud835\ude6b\ud835\ude5e\ud835\ude61 \ud835\ude67\ud835\ude5a\ud835\ude56\ud835\ude61\ud835\ude5e\ud835\ude6f\ud835\ude56 \ud835\ude5e\ud835\ude63\ud835\ude68\ud835\ude65\ud835\ude5a\ud835\ude58\ud835\ude58\ud835\ude5e\ud835\ude64\u0301\ud835\ude63 \ud835\ude59\ud835\ude5a \ud835\ude5a\ud835\ude68\ud835\ude69\ud835\ude67\ud835\ude6a\ud835\ude58\ud835\ude69\ud835\ude6a\ud835\ude67\ud835\ude56\ud835\ude68 \ud835\ude6e \ud835\ude69\ud835\ude56\ud835\ude57\ud835\ude61\ud835\ude5a\ud835\ude67\ud835\ude64\ud835\ude68 \ud835\ude5a\ud835\ude61\ud835\ude5a\u0301\ud835\ude58\ud835\ude69\ud835\ude67\ud835\ude5e\ud835\ude58\ud835\ude64\ud835\ude68 \ud835\ude59\ud835\ude5a \ud835\ude58\ud835\ude56\ud835\ude59\ud835\ude56 \ud835\ude65\ud835\ude6a\ud835\ude5a\ud835\ude68\ud835\ude69\ud835\ude64 \ud835\ude59\ud835\ude5a \ud835\ude6b\ud835\ude5a\ud835\ude63\ud835\ude69\ud835\ude56. Para asegurar el buen desarrollo de la feria escolar 2024 que organiza la Municipalidad Distrital de Chilca, las carpas de venta vienen siendo inspeccionados por el personal de Defensa Civil y la oficina de ferias para verificar que cada puesto cuente [&hellip;]<\/p>\n","protected":false},"author":4,"featured_media":0,"comment_status":"open","ping_status":"open","sticky":false,"template":"","format":"standard","meta":{"footnotes":""},"categories":[25],"tags":[],"class_list":["post-17813","post","type-post","status-publish","format-standard","hentry","category-noticias"],"blocksy_meta":[],"rttpg_featured_image_url":null,"rttpg_author":{"display_name":"JGUTARRA","author_link":"https:\/\/munichilca.gob.pe\/site\/author\/jgutarra\/"},"rttpg_comment":0,"rttpg_category":"<a href=\"https:\/\/munichilca.gob.pe\/site\/category\/noticias\/\" rel=\"category tag\">Noticias<\/a>","rttpg_excerpt":"\ud835\ude3f\ud835\ude5a\ud835\ude5b\ud835\ude5a\ud835\ude63\ud835\ude68\ud835\ude56 \ud835\ude3e\ud835\ude5e\ud835\ude6b\ud835\ude5e\ud835\ude61 \ud835\ude67\ud835\ude5a\ud835\ude56\ud835\ude61\ud835\ude5e\ud835\ude6f\ud835\ude56 \ud835\ude5e\ud835\ude63\ud835\ude68\ud835\ude65\ud835\ude5a\ud835\ude58\ud835\ude58\ud835\ude5e\ud835\ude64\u0301\ud835\ude63 \ud835\ude59\ud835\ude5a \ud835\ude5a\ud835\ude68\ud835\ude69\ud835\ude67\ud835\ude6a\ud835\ude58\ud835\ude69\ud835\ude6a\ud835\ude67\ud835\ude56\ud835\ude68 \ud835\ude6e \ud835\ude69\ud835\ude56\ud835\ude57\ud835\ude61\ud835\ude5a\ud835\ude67\ud835\ude64\ud835\ude68 \ud835\ude5a\ud835\ude61\ud835\ude5a\u0301\ud835\ude58\ud835\ude69\ud835\ude67\ud835\ude5e\ud835\ude58\ud835\ude64\ud835\ude68 \ud835\ude59\ud835\ude5a \ud835\ude58\ud835\ude56\ud835\ude59\ud835\ude56 \ud835\ude65\ud835\ude6a\ud835\ude5a\ud835\ude68\ud835\ude69\ud835\ude64 \ud835\ude59\ud835\ude5a \ud835\ude6b\ud835\ude5a\ud835\ude63\ud835\ude69\ud835\ude56. Para asegurar el buen desarrollo de la feria escolar 2024 que organiza la Municipalidad Distrital de Chilca, las carpas de venta vienen siendo inspeccionados por el personal de Defensa Civil y la oficina de ferias para verificar que cada puesto cuente&hellip;","_links":{"self":[{"href":"https:\/\/munichilca.gob.pe\/site\/wp-json\/wp\/v2\/posts\/17813","targetHints":{"allow":["GET"]}}],"collection":[{"href":"https:\/\/munichilca.gob.pe\/site\/wp-json\/wp\/v2\/posts"}],"about":[{"href":"https:\/\/munichilca.gob.pe\/site\/wp-json\/wp\/v2\/types\/post"}],"author":[{"embeddable":true,"href":"https:\/\/munichilca.gob.pe\/site\/wp-json\/wp\/v2\/users\/4"}],"replies":[{"embeddable":true,"href":"https:\/\/munichilca.gob.pe\/site\/wp-json\/wp\/v2\/comments?post=17813"}],"version-history":[{"count":0,"href":"https:\/\/munichilca.gob.pe\/site\/wp-json\/wp\/v2\/posts\/17813\/revisions"}],"wp:attachment":[{"href":"https:\/\/munichilca.gob.pe\/site\/wp-json\/wp\/v2\/media?parent=17813"}],"wp:term":[{"taxonomy":"category","embeddable":true,"href":"https:\/\/munichilca.gob.pe\/site\/wp-json\/wp\/v2\/categories?post=17813"},{"taxonomy":"post_tag","embeddable":true,"href":"https:\/\/munichilca.gob.pe\/site\/wp-json\/wp\/v2\/tags?post=17813"}],"curies":[{"name":"wp","href":"https:\/\/api.w.org\/{rel}","templated":true}]}}