{"id":17809,"date":"2024-02-27T09:59:59","date_gmt":"2024-02-27T09:59:59","guid":{"rendered":"https:\/\/munichilca.gob.pe\/site\/?p=8388"},"modified":"2024-02-27T09:59:59","modified_gmt":"2024-02-27T09:59:59","slug":"%f0%9d%97%a0%f0%9d%97%97%f0%9d%97%96%f0%9d%97%9b-%f0%9d%97%ac-%f0%9d%97%a3%f0%9d%97%a1%f0%9d%97%a3-%f0%9d%97%a3%f0%9d%97%a2%f0%9d%97%a1%f0%9d%97%98%f0%9d%97%a1-%f0%9d%97%99%f0%9d%97%9c%f0%9d%97%a1","status":"publish","type":"post","link":"https:\/\/munichilca.gob.pe\/site\/2024\/02\/27\/%f0%9d%97%a0%f0%9d%97%97%f0%9d%97%96%f0%9d%97%9b-%f0%9d%97%ac-%f0%9d%97%a3%f0%9d%97%a1%f0%9d%97%a3-%f0%9d%97%a3%f0%9d%97%a2%f0%9d%97%a1%f0%9d%97%98%f0%9d%97%a1-%f0%9d%97%99%f0%9d%97%9c%f0%9d%97%a1\/","title":{"rendered":"\ud835\udde0\ud835\uddd7\ud835\uddd6\ud835\udddb \ud835\uddec \ud835\udde3\ud835\udde1\ud835\udde3 \ud835\udde3\ud835\udde2\ud835\udde1\ud835\uddd8\ud835\udde1 \ud835\uddd9\ud835\udddc\ud835\udde1 \ud835\uddd4 \ud835\udddf\ud835\udde2\ud835\udde6 \ud835\udde7\ud835\uddd4\ud835\udddf\ud835\udddf\ud835\uddd8\ud835\udde5\ud835\uddd8\ud835\udde6 \ud835\udde9\ud835\uddd4\ud835\uddd6\ud835\uddd4\ud835\uddd6\ud835\udddc\ud835\udde2\ud835\udde1\ud835\uddd4\ud835\udddf\ud835\uddd8\ud835\udde6 \ud835\uddd8\ud835\udde1 \ud835\uddd6\ud835\udddb\ud835\udddc\ud835\udddf\ud835\uddd6\ud835\uddd4"},"content":{"rendered":"<p>\ud835\ude3e\ud835\ude64\ud835\ude63 \ud835\ude5a\ud835\ude63\ud835\ude69\ud835\ude67\ud835\ude5a\ud835\ude5c\ud835\ude56 \ud835\ude59\ud835\ude5a \ud835\ude62\ud835\ude5a\ud835\ude59\ud835\ude56\ud835\ude61\ud835\ude61\ud835\ude56\ud835\ude68 \ud835\ude6e \ud835\ude59\ud835\ude5e\ud835\ude65\ud835\ude61\ud835\ude64\ud835\ude62\ud835\ude56\ud835\ude68 \ud835\ude62\ud835\ude56\u0301\ud835\ude68 \ud835\ude59\ud835\ude5a 300 \ud835\ude63\ud835\ude5e\ud835\ude63\u0303\ud835\ude64\ud835\ude68 \ud835\ude6e \ud835\ude56\ud835\ude59\ud835\ude64\ud835\ude61\ud835\ude5a\ud835\ude68\ud835\ude58\ud835\ude5a\ud835\ude63\ud835\ude69\ud835\ude5a\ud835\ude68 \ud835\ude65\ud835\ude56\ud835\ude67\ud835\ude69\ud835\ude5e\ud835\ude58\ud835\ude5e\ud835\ude65\ud835\ude56\ud835\ude67\ud835\ude64\ud835\ude63 \ud835\ude59\ud835\ude5a \ud835\ude69\ud835\ude56\ud835\ude61\ud835\ude61\ud835\ude5a\ud835\ude67\ud835\ude5a\ud835\ude68 \ud835\ude5c\ud835\ude67\ud835\ude56\ud835\ude69\ud835\ude6a\ud835\ude5e\ud835\ude69\ud835\ude64\ud835\ude68.<\/p>\n<p>Con \u00e9xito rotundo y gran aceptaci\u00f3n de los ciudadanos del distrito de Chilca, se desarrollaron los talleres de talleres vacacionales gratuitos \u201cAmigos de la Polic\u00eda 2024\u201d, organizado por la Unidad de Serenazgo y la Polic\u00eda Nacional del Per\u00fa, realizado en las instalaciones de la I.E. T\u00fapac Amaru.<\/p>\n<p>En una ceremonia de clausura donde particip\u00f3 el gerente de servicios p\u00fablicos y medio ambiente de la comuna de Chilca Tito Orellana Mendoza, y por parte de la Polic\u00eda Nacional el t\u00e9cnico Jack Porras de la comisar\u00eda de Chilca, poniendo fin a las ense\u00f1anzas de los talleres donde participaron m\u00e1s de 300 ni\u00f1os y adolescentes de toda la provincia.<\/p>\n<p>En total fueron 9 talleres donde resaltaron las disciplinas de futbol, v\u00f3ley, break dance, mini chef, nataci\u00f3n, psicolog\u00eda, ensamblaje de computadoras y manualidades, ingl\u00e9s, entre otros. Los y j\u00f3venes desde los 6 hasta los 17 a\u00f1os de edad disfrutan de una piscina temperada ubicada en el barrio de Miraflores, la cual se convierte en el escenario perfecto para que desarrollen sus habilidades en un ambiente fresco y seguro con la instrucci\u00f3n de los agentes serenos y efectivos policiales.<\/p>\n<p>Actividad donde los ni\u00f1os mostraron sus destrezas y habilidades, cada grupo de participantes de los talleres demostraron lo aprendido durante los meses de enero y parte de febrero, donde los integrantes del break dance demostraron su talento y con su presentaci\u00f3n deleitaron a los asistentes; asimismo se hizo la exhibici\u00f3n de platos preparados por los ni\u00f1os del mini chef, trabajos de ensamblaje de computadoras y manualidades.<br \/>\nEl alcalde anunci\u00f3 que se dar\u00e1 continuidad de los talleres, los cuales ser\u00e1n de manera gratuita, \u201cestamos realizando los ajustes necesarios para contar con recursos, en esta gesti\u00f3n el municipio no tomar\u00e1 locales en alquiler, porque no son necesarios,<br \/>\ncomprometi\u00e9ndonos a seguir trabajando por la seguridad y nuestra ni\u00f1ez en nuestro distrito\u201d, afirm\u00f3 el alcalde C\u00e9sar Damas Laurente.<\/p>\n<p>A todos los alumnos se les hizo entrega de sus medallas y diplomas de reconocimientos como incentivo a la participaci\u00f3n activa que demostraron, destacando que gracias a su entrega y compromiso.<\/p>\n<p><img fetchpriority=\"high\" decoding=\"async\" class=\"alignnone size-medium wp-image-8389\" src=\"https:\/\/munichilca.gob.pe\/site\/wp-content\/uploads\/2024\/02\/WhatsApp-Image-2024-02-23-at-3.35.56-PM-640x427.jpeg\" alt=\"\" width=\"640\" height=\"427\" \/><\/p>\n","protected":false},"excerpt":{"rendered":"<p>\ud835\ude3e\ud835\ude64\ud835\ude63 \ud835\ude5a\ud835\ude63\ud835\ude69\ud835\ude67\ud835\ude5a\ud835\ude5c\ud835\ude56 \ud835\ude59\ud835\ude5a \ud835\ude62\ud835\ude5a\ud835\ude59\ud835\ude56\ud835\ude61\ud835\ude61\ud835\ude56\ud835\ude68 \ud835\ude6e \ud835\ude59\ud835\ude5e\ud835\ude65\ud835\ude61\ud835\ude64\ud835\ude62\ud835\ude56\ud835\ude68 \ud835\ude62\ud835\ude56\u0301\ud835\ude68 \ud835\ude59\ud835\ude5a 300 \ud835\ude63\ud835\ude5e\ud835\ude63\u0303\ud835\ude64\ud835\ude68 \ud835\ude6e \ud835\ude56\ud835\ude59\ud835\ude64\ud835\ude61\ud835\ude5a\ud835\ude68\ud835\ude58\ud835\ude5a\ud835\ude63\ud835\ude69\ud835\ude5a\ud835\ude68 \ud835\ude65\ud835\ude56\ud835\ude67\ud835\ude69\ud835\ude5e\ud835\ude58\ud835\ude5e\ud835\ude65\ud835\ude56\ud835\ude67\ud835\ude64\ud835\ude63 \ud835\ude59\ud835\ude5a \ud835\ude69\ud835\ude56\ud835\ude61\ud835\ude61\ud835\ude5a\ud835\ude67\ud835\ude5a\ud835\ude68 \ud835\ude5c\ud835\ude67\ud835\ude56\ud835\ude69\ud835\ude6a\ud835\ude5e\ud835\ude69\ud835\ude64\ud835\ude68. Con \u00e9xito rotundo y gran aceptaci\u00f3n de los ciudadanos del distrito de Chilca, se desarrollaron los talleres de talleres vacacionales gratuitos \u201cAmigos de la Polic\u00eda 2024\u201d, organizado por la Unidad de Serenazgo y la Polic\u00eda Nacional del Per\u00fa, realizado [&hellip;]<\/p>\n","protected":false},"author":4,"featured_media":0,"comment_status":"open","ping_status":"open","sticky":false,"template":"","format":"standard","meta":{"footnotes":""},"categories":[41,48,25,38],"tags":[42,27,28,43,44,45,46,47],"class_list":["post-17809","post","type-post","status-publish","format-standard","hentry","category-announcements","category-educacion","category-noticias","category-social","tag-educacion","tag-huancayo","tag-munidechilca","tag-ninos","tag-policianacional","tag-serenazgo","tag-talleres","tag-vacaciones"],"blocksy_meta":[],"rttpg_featured_image_url":null,"rttpg_author":{"display_name":"JGUTARRA","author_link":"https:\/\/munichilca.gob.pe\/site\/author\/jgutarra\/"},"rttpg_comment":0,"rttpg_category":"<a href=\"https:\/\/munichilca.gob.pe\/site\/category\/announcements\/\" rel=\"category tag\">Announcements<\/a> <a href=\"https:\/\/munichilca.gob.pe\/site\/category\/educacion\/\" rel=\"category tag\">Educaci\u00f3n<\/a> <a href=\"https:\/\/munichilca.gob.pe\/site\/category\/noticias\/\" rel=\"category tag\">Noticias<\/a> <a href=\"https:\/\/munichilca.gob.pe\/site\/category\/social\/\" rel=\"category tag\">Social<\/a>","rttpg_excerpt":"\ud835\ude3e\ud835\ude64\ud835\ude63 \ud835\ude5a\ud835\ude63\ud835\ude69\ud835\ude67\ud835\ude5a\ud835\ude5c\ud835\ude56 \ud835\ude59\ud835\ude5a \ud835\ude62\ud835\ude5a\ud835\ude59\ud835\ude56\ud835\ude61\ud835\ude61\ud835\ude56\ud835\ude68 \ud835\ude6e \ud835\ude59\ud835\ude5e\ud835\ude65\ud835\ude61\ud835\ude64\ud835\ude62\ud835\ude56\ud835\ude68 \ud835\ude62\ud835\ude56\u0301\ud835\ude68 \ud835\ude59\ud835\ude5a 300 \ud835\ude63\ud835\ude5e\ud835\ude63\u0303\ud835\ude64\ud835\ude68 \ud835\ude6e \ud835\ude56\ud835\ude59\ud835\ude64\ud835\ude61\ud835\ude5a\ud835\ude68\ud835\ude58\ud835\ude5a\ud835\ude63\ud835\ude69\ud835\ude5a\ud835\ude68 \ud835\ude65\ud835\ude56\ud835\ude67\ud835\ude69\ud835\ude5e\ud835\ude58\ud835\ude5e\ud835\ude65\ud835\ude56\ud835\ude67\ud835\ude64\ud835\ude63 \ud835\ude59\ud835\ude5a \ud835\ude69\ud835\ude56\ud835\ude61\ud835\ude61\ud835\ude5a\ud835\ude67\ud835\ude5a\ud835\ude68 \ud835\ude5c\ud835\ude67\ud835\ude56\ud835\ude69\ud835\ude6a\ud835\ude5e\ud835\ude69\ud835\ude64\ud835\ude68. Con \u00e9xito rotundo y gran aceptaci\u00f3n de los ciudadanos del distrito de Chilca, se desarrollaron los talleres de talleres vacacionales gratuitos \u201cAmigos de la Polic\u00eda 2024\u201d, organizado por la Unidad de Serenazgo y la Polic\u00eda Nacional del Per\u00fa, realizado&hellip;","_links":{"self":[{"href":"https:\/\/munichilca.gob.pe\/site\/wp-json\/wp\/v2\/posts\/17809","targetHints":{"allow":["GET"]}}],"collection":[{"href":"https:\/\/munichilca.gob.pe\/site\/wp-json\/wp\/v2\/posts"}],"about":[{"href":"https:\/\/munichilca.gob.pe\/site\/wp-json\/wp\/v2\/types\/post"}],"author":[{"embeddable":true,"href":"https:\/\/munichilca.gob.pe\/site\/wp-json\/wp\/v2\/users\/4"}],"replies":[{"embeddable":true,"href":"https:\/\/munichilca.gob.pe\/site\/wp-json\/wp\/v2\/comments?post=17809"}],"version-history":[{"count":0,"href":"https:\/\/munichilca.gob.pe\/site\/wp-json\/wp\/v2\/posts\/17809\/revisions"}],"wp:attachment":[{"href":"https:\/\/munichilca.gob.pe\/site\/wp-json\/wp\/v2\/media?parent=17809"}],"wp:term":[{"taxonomy":"category","embeddable":true,"href":"https:\/\/munichilca.gob.pe\/site\/wp-json\/wp\/v2\/categories?post=17809"},{"taxonomy":"post_tag","embeddable":true,"href":"https:\/\/munichilca.gob.pe\/site\/wp-json\/wp\/v2\/tags?post=17809"}],"curies":[{"name":"wp","href":"https:\/\/api.w.org\/{rel}","templated":true}]}}