{"id":17808,"date":"2024-02-27T10:04:25","date_gmt":"2024-02-27T10:04:25","guid":{"rendered":"https:\/\/munichilca.gob.pe\/site\/?p=8391"},"modified":"2024-02-27T10:04:25","modified_gmt":"2024-02-27T10:04:25","slug":"%f0%9d%97%9c%f0%9d%97%a1%f0%9d%97%a7%f0%9d%97%98%f0%9d%97%a5%f0%9d%97%a9%f0%9d%97%9c%f0%9d%97%98%f0%9d%97%a1%f0%9d%97%98%f0%9d%97%a1-%f0%9d%97%96%f0%9d%97%94%f0%9d%97%a5%f0%9d%97%a1%f0%9d%97%9c","status":"publish","type":"post","link":"https:\/\/munichilca.gob.pe\/site\/2024\/02\/27\/%f0%9d%97%9c%f0%9d%97%a1%f0%9d%97%a7%f0%9d%97%98%f0%9d%97%a5%f0%9d%97%a9%f0%9d%97%9c%f0%9d%97%98%f0%9d%97%a1%f0%9d%97%98%f0%9d%97%a1-%f0%9d%97%96%f0%9d%97%94%f0%9d%97%a5%f0%9d%97%a1%f0%9d%97%9c\/","title":{"rendered":"\ud835\udddc\ud835\udde1\ud835\udde7\ud835\uddd8\ud835\udde5\ud835\udde9\ud835\udddc\ud835\uddd8\ud835\udde1\ud835\uddd8\ud835\udde1 \ud835\uddd6\ud835\uddd4\ud835\udde5\ud835\udde1\ud835\udddc\ud835\uddd6\ud835\uddd8\ud835\udde5\ud835\udddc\u0301\ud835\uddd4 \ud835\uddd6\ud835\udddf\ud835\uddd4\ud835\udde1\ud835\uddd7\ud835\uddd8\ud835\udde6\ud835\udde7\ud835\udddc\ud835\udde1\ud835\uddd4 \ud835\uddd8\ud835\udde1 \ud835\udde3\ud835\udddf\ud835\uddd8\ud835\udde1\ud835\udde2 \ud835\uddd6\ud835\uddd8\ud835\udde1\ud835\udde7\ud835\udde5\ud835\udde2 \ud835\uddd7\ud835\uddd8 \ud835\uddd6\ud835\udddb\ud835\udddc\ud835\udddf\ud835\uddd6\ud835\uddd4"},"content":{"rendered":"<p>\ud835\ude4b\ud835\ude64\ud835\ude67 \ud835\ude59\ud835\ude5a\ud835\ude63\ud835\ude6a\ud835\ude63\ud835\ude58\ud835\ude5e\ud835\ude56 \ud835\ude59\ud835\ude5a \ud835\ude61\ud835\ude64\ud835\ude68 \ud835\ude6b\ud835\ude5a\ud835\ude58\ud835\ude5e\ud835\ude63\ud835\ude64\ud835\ude68 \ud835\ude65\ud835\ude5a\ud835\ude67\ud835\ude68\ud835\ude64\ud835\ude63\ud835\ude56\ud835\ude61 \ud835\ude62\ud835\ude6a\ud835\ude63\ud835\ude5e\ud835\ude58\ud835\ude5e\ud835\ude65\ud835\ude56\ud835\ude61 \ud835\ude5e\ud835\ude63\ud835\ude69\ud835\ude5a\ud835\ude67\ud835\ude6b\ud835\ude5e\ud835\ude63\ud835\ude64 \ud835\ude6b\ud835\ude5e\ud835\ude6b\ud835\ude5e\ud835\ude5a\ud835\ude63\ud835\ude59\ud835\ude56 \ud835\ude66\ud835\ude6a\ud835\ude5a \ud835\ude5a\ud835\ude67\ud835\ude56 \ud835\ude6a\ud835\ude69\ud835\ude5e\ud835\ude61\ud835\ude5e\ud835\ude6f\ud835\ude56\ud835\ude59\ud835\ude56 \ud835\ude58\ud835\ude64\ud835\ude62\ud835\ude64 \ud835\ude58\ud835\ude5a\ud835\ude63\ud835\ude69\ud835\ude67\ud835\ude64 \ud835\ude59\ud835\ude5a \ud835\ude56\ud835\ude58\ud835\ude64\ud835\ude65\ud835\ude5e\ud835\ude56 \ud835\ude59\ud835\ude5a \ud835\ude58\ud835\ude56\ud835\ude67\ud835\ude63\ud835\ude5a \ud835\ude59\ud835\ude5a \ud835\ude64\ud835\ude6b\ud835\ude5e\ud835\ude63\ud835\ude64.<\/p>\n<p>Personal municipal de la Sub Gerencia de Comercializaci\u00f3n de la comuna de Chilca, intervino a primeras horas de la ma\u00f1ana una vivienda donde uno de sus ambientes era usado como almac\u00e9n, hallando gran cantidad de carne de ovino, que se encontraban colgados en condiciones insalubres.<\/p>\n<p>Local ubicado en el Jr. Humbolt 547 en pleno de centro del distrito de Chilca, funcionaba clandestinamente sin contar con las m\u00ednimas medidas de sanidad, donde los fiscalizadores le aplicaron una multa del 100% de la UIT por no contar con licencia de funcionamiento y con el 20% por comercializar carne de animales de consumo humano de dudosa procedencia y de mal estado, y a esto se sum\u00f3 la infracci\u00f3n del 10% de la UIT, por exponer los alimentos a la contaminaci\u00f3n al momento de ser almacenado y transportado.<br \/>\nEstablecimiento donde se encontr\u00f3 16 ovinos expuestos eran manipulados por personal que no contaba con el carnet de sanidad ni la indumentaria correspondiente; los animales sacrificados no contaban con el sello del Servicio Nacional de Sanidad Agraria del Per\u00fa<br \/>\n(SENASA, donde adem\u00e1s se hall\u00f3 dos cortadoras de carne en estado anti higi\u00e9nico con presencia de moscas y hormigas<br \/>\nLugar donde se realiz\u00f3 el decomiso de utensilios como cuchillos y machetes que se encontraban en condiciones precarias.<\/p>\n<p>Por su parte el Gerente de Desarrollo Econ\u00f3mico Hugo Bustamante en defensa de salud del p\u00fablico consumidor, detall\u00f3 que fue a solicitud de los vecinos quienes, cansados del exceso de mal olor, solicitaron la fiscalizaci\u00f3n y la presencia del personal de inocuidad alimentaria, quienes indicaron que se trata de un local sin las m\u00ednimas condiciones en el almacenaje y venta de carne con ambientes inadecuados, donde personal de la municipalidad le impuso la infracci\u00f3n correspondiente.<\/p>\n<p><img fetchpriority=\"high\" decoding=\"async\" class=\"alignnone size-medium wp-image-8392\" src=\"https:\/\/munichilca.gob.pe\/site\/wp-content\/uploads\/2024\/02\/WhatsApp-Image-2024-02-23-at-3.33.05-PM-640x480.jpeg\" alt=\"\" width=\"640\" height=\"480\" \/><\/p>\n","protected":false},"excerpt":{"rendered":"<p>\ud835\ude4b\ud835\ude64\ud835\ude67 \ud835\ude59\ud835\ude5a\ud835\ude63\ud835\ude6a\ud835\ude63\ud835\ude58\ud835\ude5e\ud835\ude56 \ud835\ude59\ud835\ude5a \ud835\ude61\ud835\ude64\ud835\ude68 \ud835\ude6b\ud835\ude5a\ud835\ude58\ud835\ude5e\ud835\ude63\ud835\ude64\ud835\ude68 \ud835\ude65\ud835\ude5a\ud835\ude67\ud835\ude68\ud835\ude64\ud835\ude63\ud835\ude56\ud835\ude61 \ud835\ude62\ud835\ude6a\ud835\ude63\ud835\ude5e\ud835\ude58\ud835\ude5e\ud835\ude65\ud835\ude56\ud835\ude61 \ud835\ude5e\ud835\ude63\ud835\ude69\ud835\ude5a\ud835\ude67\ud835\ude6b\ud835\ude5e\ud835\ude63\ud835\ude64 \ud835\ude6b\ud835\ude5e\ud835\ude6b\ud835\ude5e\ud835\ude5a\ud835\ude63\ud835\ude59\ud835\ude56 \ud835\ude66\ud835\ude6a\ud835\ude5a \ud835\ude5a\ud835\ude67\ud835\ude56 \ud835\ude6a\ud835\ude69\ud835\ude5e\ud835\ude61\ud835\ude5e\ud835\ude6f\ud835\ude56\ud835\ude59\ud835\ude56 \ud835\ude58\ud835\ude64\ud835\ude62\ud835\ude64 \ud835\ude58\ud835\ude5a\ud835\ude63\ud835\ude69\ud835\ude67\ud835\ude64 \ud835\ude59\ud835\ude5a \ud835\ude56\ud835\ude58\ud835\ude64\ud835\ude65\ud835\ude5e\ud835\ude56 \ud835\ude59\ud835\ude5a \ud835\ude58\ud835\ude56\ud835\ude67\ud835\ude63\ud835\ude5a \ud835\ude59\ud835\ude5a \ud835\ude64\ud835\ude6b\ud835\ude5e\ud835\ude63\ud835\ude64. Personal municipal de la Sub Gerencia de Comercializaci\u00f3n de la comuna de Chilca, intervino a primeras horas de la ma\u00f1ana una vivienda donde uno de sus ambientes era usado como almac\u00e9n, hallando gran cantidad de [&hellip;]<\/p>\n","protected":false},"author":4,"featured_media":0,"comment_status":"open","ping_status":"open","sticky":false,"template":"","format":"standard","meta":{"footnotes":""},"categories":[51,25,32,38],"tags":[49,50,27,28,30,31],"class_list":["post-17808","post","type-post","status-publish","format-standard","hentry","category-legal","category-noticias","category-salud","category-social","tag-clandestino","tag-denuncia","tag-huancayo","tag-munidechilca","tag-operativo","tag-salud"],"blocksy_meta":[],"rttpg_featured_image_url":null,"rttpg_author":{"display_name":"JGUTARRA","author_link":"https:\/\/munichilca.gob.pe\/site\/author\/jgutarra\/"},"rttpg_comment":0,"rttpg_category":"<a href=\"https:\/\/munichilca.gob.pe\/site\/category\/legal\/\" rel=\"category tag\">Legal<\/a> <a href=\"https:\/\/munichilca.gob.pe\/site\/category\/noticias\/\" rel=\"category tag\">Noticias<\/a> <a href=\"https:\/\/munichilca.gob.pe\/site\/category\/salud\/\" rel=\"category tag\">Salud<\/a> <a href=\"https:\/\/munichilca.gob.pe\/site\/category\/social\/\" rel=\"category tag\">Social<\/a>","rttpg_excerpt":"\ud835\ude4b\ud835\ude64\ud835\ude67 \ud835\ude59\ud835\ude5a\ud835\ude63\ud835\ude6a\ud835\ude63\ud835\ude58\ud835\ude5e\ud835\ude56 \ud835\ude59\ud835\ude5a \ud835\ude61\ud835\ude64\ud835\ude68 \ud835\ude6b\ud835\ude5a\ud835\ude58\ud835\ude5e\ud835\ude63\ud835\ude64\ud835\ude68 \ud835\ude65\ud835\ude5a\ud835\ude67\ud835\ude68\ud835\ude64\ud835\ude63\ud835\ude56\ud835\ude61 \ud835\ude62\ud835\ude6a\ud835\ude63\ud835\ude5e\ud835\ude58\ud835\ude5e\ud835\ude65\ud835\ude56\ud835\ude61 \ud835\ude5e\ud835\ude63\ud835\ude69\ud835\ude5a\ud835\ude67\ud835\ude6b\ud835\ude5e\ud835\ude63\ud835\ude64 \ud835\ude6b\ud835\ude5e\ud835\ude6b\ud835\ude5e\ud835\ude5a\ud835\ude63\ud835\ude59\ud835\ude56 \ud835\ude66\ud835\ude6a\ud835\ude5a \ud835\ude5a\ud835\ude67\ud835\ude56 \ud835\ude6a\ud835\ude69\ud835\ude5e\ud835\ude61\ud835\ude5e\ud835\ude6f\ud835\ude56\ud835\ude59\ud835\ude56 \ud835\ude58\ud835\ude64\ud835\ude62\ud835\ude64 \ud835\ude58\ud835\ude5a\ud835\ude63\ud835\ude69\ud835\ude67\ud835\ude64 \ud835\ude59\ud835\ude5a \ud835\ude56\ud835\ude58\ud835\ude64\ud835\ude65\ud835\ude5e\ud835\ude56 \ud835\ude59\ud835\ude5a \ud835\ude58\ud835\ude56\ud835\ude67\ud835\ude63\ud835\ude5a \ud835\ude59\ud835\ude5a \ud835\ude64\ud835\ude6b\ud835\ude5e\ud835\ude63\ud835\ude64. Personal municipal de la Sub Gerencia de Comercializaci\u00f3n de la comuna de Chilca, intervino a primeras horas de la ma\u00f1ana una vivienda donde uno de sus ambientes era usado como almac\u00e9n, hallando gran cantidad de&hellip;","_links":{"self":[{"href":"https:\/\/munichilca.gob.pe\/site\/wp-json\/wp\/v2\/posts\/17808","targetHints":{"allow":["GET"]}}],"collection":[{"href":"https:\/\/munichilca.gob.pe\/site\/wp-json\/wp\/v2\/posts"}],"about":[{"href":"https:\/\/munichilca.gob.pe\/site\/wp-json\/wp\/v2\/types\/post"}],"author":[{"embeddable":true,"href":"https:\/\/munichilca.gob.pe\/site\/wp-json\/wp\/v2\/users\/4"}],"replies":[{"embeddable":true,"href":"https:\/\/munichilca.gob.pe\/site\/wp-json\/wp\/v2\/comments?post=17808"}],"version-history":[{"count":0,"href":"https:\/\/munichilca.gob.pe\/site\/wp-json\/wp\/v2\/posts\/17808\/revisions"}],"wp:attachment":[{"href":"https:\/\/munichilca.gob.pe\/site\/wp-json\/wp\/v2\/media?parent=17808"}],"wp:term":[{"taxonomy":"category","embeddable":true,"href":"https:\/\/munichilca.gob.pe\/site\/wp-json\/wp\/v2\/categories?post=17808"},{"taxonomy":"post_tag","embeddable":true,"href":"https:\/\/munichilca.gob.pe\/site\/wp-json\/wp\/v2\/tags?post=17808"}],"curies":[{"name":"wp","href":"https:\/\/api.w.org\/{rel}","templated":true}]}}