{"id":17803,"date":"2024-02-27T10:42:12","date_gmt":"2024-02-27T10:42:12","guid":{"rendered":"https:\/\/munichilca.gob.pe\/site\/?p=8408"},"modified":"2024-02-27T10:42:12","modified_gmt":"2024-02-27T10:42:12","slug":"%f0%9d%97%9c%f0%9d%97%a1%f0%9d%97%a7%f0%9d%97%98%f0%9d%97%a1%f0%9d%97%a6%f0%9d%97%9c%f0%9d%97%99%f0%9d%97%9c%f0%9d%97%96%f0%9d%97%94%f0%9d%97%a1-%f0%9d%97%9f%f0%9d%97%9c%f0%9d%97%a0%f0%9d%97%a3","status":"publish","type":"post","link":"https:\/\/munichilca.gob.pe\/site\/2024\/02\/27\/%f0%9d%97%9c%f0%9d%97%a1%f0%9d%97%a7%f0%9d%97%98%f0%9d%97%a1%f0%9d%97%a6%f0%9d%97%9c%f0%9d%97%99%f0%9d%97%9c%f0%9d%97%96%f0%9d%97%94%f0%9d%97%a1-%f0%9d%97%9f%f0%9d%97%9c%f0%9d%97%a0%f0%9d%97%a3\/","title":{"rendered":"\ud835\udddc\ud835\udde1\ud835\udde7\ud835\uddd8\ud835\udde1\ud835\udde6\ud835\udddc\ud835\uddd9\ud835\udddc\ud835\uddd6\ud835\uddd4\ud835\udde1 \ud835\udddf\ud835\udddc\ud835\udde0\ud835\udde3\ud835\udddc\ud835\uddd8\ud835\udded\ud835\uddd4 \ud835\uddec \ud835\uddd7\ud835\uddd8\ud835\udde6\ud835\udddc\ud835\udde1\ud835\uddd9\ud835\uddd8\ud835\uddd6\ud835\uddd6\ud835\udddc\ud835\udde2\u0301\ud835\udde1 \ud835\uddd8\ud835\udde1 \ud835\udde0\ud835\uddd8\ud835\udde5\ud835\uddd6\ud835\uddd4\ud835\uddd7\ud835\udde2\ud835\udde6 \ud835\uddd7\ud835\uddd8 \ud835\uddd6\ud835\udddb\ud835\udddc\ud835\udddf\ud835\uddd6\ud835\uddd4"},"content":{"rendered":"<p>\ud835\ude3e\ud835\ude64\ud835\ude63 \ud835\ude5a\ud835\ude61 \ud835\ude64\ud835\ude57\ud835\ude5f\ud835\ude5a\ud835\ude69\ud835\ude5e\ud835\ude6b\ud835\ude64 \ud835\ude59\ud835\ude5a \ud835\ude5a\ud835\ude61\ud835\ude5e\ud835\ude62\ud835\ude5e\ud835\ude63\ud835\ude56\ud835\ude67 \ud835\ude58\ud835\ude6a\ud835\ude56\ud835\ude61\ud835\ude66\ud835\ude6a\ud835\ude5e\ud835\ude5a\ud835\ude67 \ud835\ude69\ud835\ude5e\ud835\ude65\ud835\ude64 \ud835\ude59\ud835\ude5a \ud835\ude65\ud835\ude67\ud835\ude5a\ud835\ude68\ud835\ude5a\ud835\ude63\ud835\ude58\ud835\ude5e\ud835\ude56 \ud835\ude59\ud835\ude5a \ud835\ude57\ud835\ude56\ud835\ude58\ud835\ude69\ud835\ude5a\ud835\ude67\ud835\ude5e\ud835\ude56\ud835\ude68 \ud835\ude5a\ud835\ude63 \ud835\ude5a\ud835\ude61 \ud835\ude62\ud835\ude5a\ud835\ude67\ud835\ude58\ud835\ude56\ud835\ude59\ud835\ude64 \ud835\ude59\ud835\ude5a \ud835\ude56\ud835\ude57\ud835\ude56\ud835\ude68\ud835\ude69\ud835\ude64\ud835\ude68, \ud835\ude68\ud835\ude5a \ud835\ude67\ud835\ude5a\ud835\ude56\ud835\ude61\ud835\ude5e\ud835\ude6f\ud835\ude64\u0301 \ud835\ude61\ud835\ude56 \ud835\ude59\ud835\ude5a\ud835\ude68\ud835\ude5e\ud835\ude63\ud835\ude5b\ud835\ude5a\ud835\ude58\ud835\ude58\ud835\ude5e\ud835\ude64\u0301\ud835\ude63 \ud835\ude59\ud835\ude5a \ud835\ude61\ud835\ude64\ud835\ude68 \ud835\ude56\ud835\ude62\ud835\ude57\ud835\ude5e\ud835\ude5a\ud835\ude63\ud835\ude69\ud835\ude5a\ud835\ude68.<\/p>\n<p>Personal municipal de la Municipalidad Distrital de Chilca, a trav\u00e9s de la Gerencia de Servicios P\u00fablicos Locales y del Medio Ambiente, a fin de brindar un entorno saludable, realiz\u00f3 las acciones de limpieza del mercado de abastos \u201cSanta Rosa\u201d, ubicado en la cuadra 5 de la Av. Jacinto Ibarra.<\/p>\n<p>Las labores se iniciaron con el recojo de los residuos s\u00f3lidos continuando con el barrido, lavado y desinfecci\u00f3n de los espacios de venta; la desinfecci\u00f3n se realiz\u00f3 con un cami\u00f3n de tanque de agua de mil litros de capacidad y una mezcla de detergente y desinfectante, que fue vertida por una hidro lavadora para apoyar la labor de los diez operarios de limpieza.<br \/>\nLuego el personal se traslad\u00f3 a la parte exterior, donde realizaron trabajos de desinfecci\u00f3n de la totalidad del contorno del mercado, as\u00ed como las calles y viviendas aleda\u00f1as a esta.<br \/>\nTrabajos que ser\u00e1n desarrollados en todos los mercados de la comuna de Chilca a cargo de la responsable del \u00e1rea de fiscalizaci\u00f3n ambiental Maribel Huincho, quien estuvo encabezando este trabajo manifest\u00f3 que, \u201cComo parte de las actividades programadas visitaremos los mercados para realizar la limpieza y desinfecci\u00f3n con el objetivo de prevenir contagios y brindar salubridad a los vecinos que asisten diariamente a realizar sus compras\u201d.<br \/>\nCabe resaltar que la Municipalidad Distrital de Chilca reafirma su compromiso de garantizar la limpieza y desinfecci\u00f3n de puntos que congregan a varias personas, y resalta el valioso esfuerzo del equipo de colaboradores que realizan esta labor, que contribuye a minimizar el impacto sanitario de enfermedades.<\/p>\n<p><img fetchpriority=\"high\" decoding=\"async\" class=\"alignnone size-medium wp-image-8414\" src=\"https:\/\/munichilca.gob.pe\/site\/wp-content\/uploads\/2024\/02\/WhatsApp-Image-2024-02-28-at-10.29.43-AM-640x480.jpeg\" alt=\"\" width=\"640\" height=\"480\" \/><\/p>\n","protected":false},"excerpt":{"rendered":"<p>\ud835\ude3e\ud835\ude64\ud835\ude63 \ud835\ude5a\ud835\ude61 \ud835\ude64\ud835\ude57\ud835\ude5f\ud835\ude5a\ud835\ude69\ud835\ude5e\ud835\ude6b\ud835\ude64 \ud835\ude59\ud835\ude5a \ud835\ude5a\ud835\ude61\ud835\ude5e\ud835\ude62\ud835\ude5e\ud835\ude63\ud835\ude56\ud835\ude67 \ud835\ude58\ud835\ude6a\ud835\ude56\ud835\ude61\ud835\ude66\ud835\ude6a\ud835\ude5e\ud835\ude5a\ud835\ude67 \ud835\ude69\ud835\ude5e\ud835\ude65\ud835\ude64 \ud835\ude59\ud835\ude5a \ud835\ude65\ud835\ude67\ud835\ude5a\ud835\ude68\ud835\ude5a\ud835\ude63\ud835\ude58\ud835\ude5e\ud835\ude56 \ud835\ude59\ud835\ude5a \ud835\ude57\ud835\ude56\ud835\ude58\ud835\ude69\ud835\ude5a\ud835\ude67\ud835\ude5e\ud835\ude56\ud835\ude68 \ud835\ude5a\ud835\ude63 \ud835\ude5a\ud835\ude61 \ud835\ude62\ud835\ude5a\ud835\ude67\ud835\ude58\ud835\ude56\ud835\ude59\ud835\ude64 \ud835\ude59\ud835\ude5a \ud835\ude56\ud835\ude57\ud835\ude56\ud835\ude68\ud835\ude69\ud835\ude64\ud835\ude68, \ud835\ude68\ud835\ude5a \ud835\ude67\ud835\ude5a\ud835\ude56\ud835\ude61\ud835\ude5e\ud835\ude6f\ud835\ude64\u0301 \ud835\ude61\ud835\ude56 \ud835\ude59\ud835\ude5a\ud835\ude68\ud835\ude5e\ud835\ude63\ud835\ude5b\ud835\ude5a\ud835\ude58\ud835\ude58\ud835\ude5e\ud835\ude64\u0301\ud835\ude63 \ud835\ude59\ud835\ude5a \ud835\ude61\ud835\ude64\ud835\ude68 \ud835\ude56\ud835\ude62\ud835\ude57\ud835\ude5e\ud835\ude5a\ud835\ude63\ud835\ude69\ud835\ude5a\ud835\ude68. Personal municipal de la Municipalidad Distrital de Chilca, a trav\u00e9s de la Gerencia de Servicios P\u00fablicos Locales y del Medio Ambiente, a fin de brindar un entorno saludable, realiz\u00f3 las acciones de [&hellip;]<\/p>\n","protected":false},"author":4,"featured_media":0,"comment_status":"open","ping_status":"open","sticky":false,"template":"","format":"standard","meta":{"footnotes":""},"categories":[36,25,57,38],"tags":[34,27,62,63,28],"class_list":["post-17803","post","type-post","status-publish","format-standard","hentry","category-institucional","category-noticias","category-obras","category-social","tag-cuidado","tag-huancayo","tag-limpieza","tag-mercados","tag-munidechilca"],"blocksy_meta":[],"rttpg_featured_image_url":null,"rttpg_author":{"display_name":"JGUTARRA","author_link":"https:\/\/munichilca.gob.pe\/site\/author\/jgutarra\/"},"rttpg_comment":0,"rttpg_category":"<a href=\"https:\/\/munichilca.gob.pe\/site\/category\/institucional\/\" rel=\"category tag\">Institucional<\/a> <a href=\"https:\/\/munichilca.gob.pe\/site\/category\/noticias\/\" rel=\"category tag\">Noticias<\/a> <a href=\"https:\/\/munichilca.gob.pe\/site\/category\/obras\/\" rel=\"category tag\">Obras<\/a> <a href=\"https:\/\/munichilca.gob.pe\/site\/category\/social\/\" rel=\"category tag\">Social<\/a>","rttpg_excerpt":"\ud835\ude3e\ud835\ude64\ud835\ude63 \ud835\ude5a\ud835\ude61 \ud835\ude64\ud835\ude57\ud835\ude5f\ud835\ude5a\ud835\ude69\ud835\ude5e\ud835\ude6b\ud835\ude64 \ud835\ude59\ud835\ude5a \ud835\ude5a\ud835\ude61\ud835\ude5e\ud835\ude62\ud835\ude5e\ud835\ude63\ud835\ude56\ud835\ude67 \ud835\ude58\ud835\ude6a\ud835\ude56\ud835\ude61\ud835\ude66\ud835\ude6a\ud835\ude5e\ud835\ude5a\ud835\ude67 \ud835\ude69\ud835\ude5e\ud835\ude65\ud835\ude64 \ud835\ude59\ud835\ude5a \ud835\ude65\ud835\ude67\ud835\ude5a\ud835\ude68\ud835\ude5a\ud835\ude63\ud835\ude58\ud835\ude5e\ud835\ude56 \ud835\ude59\ud835\ude5a \ud835\ude57\ud835\ude56\ud835\ude58\ud835\ude69\ud835\ude5a\ud835\ude67\ud835\ude5e\ud835\ude56\ud835\ude68 \ud835\ude5a\ud835\ude63 \ud835\ude5a\ud835\ude61 \ud835\ude62\ud835\ude5a\ud835\ude67\ud835\ude58\ud835\ude56\ud835\ude59\ud835\ude64 \ud835\ude59\ud835\ude5a \ud835\ude56\ud835\ude57\ud835\ude56\ud835\ude68\ud835\ude69\ud835\ude64\ud835\ude68, \ud835\ude68\ud835\ude5a \ud835\ude67\ud835\ude5a\ud835\ude56\ud835\ude61\ud835\ude5e\ud835\ude6f\ud835\ude64\u0301 \ud835\ude61\ud835\ude56 \ud835\ude59\ud835\ude5a\ud835\ude68\ud835\ude5e\ud835\ude63\ud835\ude5b\ud835\ude5a\ud835\ude58\ud835\ude58\ud835\ude5e\ud835\ude64\u0301\ud835\ude63 \ud835\ude59\ud835\ude5a \ud835\ude61\ud835\ude64\ud835\ude68 \ud835\ude56\ud835\ude62\ud835\ude57\ud835\ude5e\ud835\ude5a\ud835\ude63\ud835\ude69\ud835\ude5a\ud835\ude68. Personal municipal de la Municipalidad Distrital de Chilca, a trav\u00e9s de la Gerencia de Servicios P\u00fablicos Locales y del Medio Ambiente, a fin de brindar un entorno saludable, realiz\u00f3 las acciones de&hellip;","_links":{"self":[{"href":"https:\/\/munichilca.gob.pe\/site\/wp-json\/wp\/v2\/posts\/17803","targetHints":{"allow":["GET"]}}],"collection":[{"href":"https:\/\/munichilca.gob.pe\/site\/wp-json\/wp\/v2\/posts"}],"about":[{"href":"https:\/\/munichilca.gob.pe\/site\/wp-json\/wp\/v2\/types\/post"}],"author":[{"embeddable":true,"href":"https:\/\/munichilca.gob.pe\/site\/wp-json\/wp\/v2\/users\/4"}],"replies":[{"embeddable":true,"href":"https:\/\/munichilca.gob.pe\/site\/wp-json\/wp\/v2\/comments?post=17803"}],"version-history":[{"count":0,"href":"https:\/\/munichilca.gob.pe\/site\/wp-json\/wp\/v2\/posts\/17803\/revisions"}],"wp:attachment":[{"href":"https:\/\/munichilca.gob.pe\/site\/wp-json\/wp\/v2\/media?parent=17803"}],"wp:term":[{"taxonomy":"category","embeddable":true,"href":"https:\/\/munichilca.gob.pe\/site\/wp-json\/wp\/v2\/categories?post=17803"},{"taxonomy":"post_tag","embeddable":true,"href":"https:\/\/munichilca.gob.pe\/site\/wp-json\/wp\/v2\/tags?post=17803"}],"curies":[{"name":"wp","href":"https:\/\/api.w.org\/{rel}","templated":true}]}}