{"id":17789,"date":"2024-03-07T09:05:10","date_gmt":"2024-03-07T09:05:10","guid":{"rendered":"https:\/\/munichilca.gob.pe\/site\/?p=8466"},"modified":"2024-03-07T09:05:10","modified_gmt":"2024-03-07T09:05:10","slug":"%f0%9d%97%a0%f0%9d%97%a8%f0%9d%97%a1%f0%9d%97%9c%f0%9d%97%96%f0%9d%97%9c%f0%9d%97%a3%f0%9d%97%94%f0%9d%97%9f%f0%9d%97%9c%f0%9d%97%97%f0%9d%97%94%f0%9d%97%97-%f0%9d%97%97%f0%9d%97%98-%f0%9d%97%96-6","status":"publish","type":"post","link":"https:\/\/munichilca.gob.pe\/site\/2024\/03\/07\/%f0%9d%97%a0%f0%9d%97%a8%f0%9d%97%a1%f0%9d%97%9c%f0%9d%97%96%f0%9d%97%9c%f0%9d%97%a3%f0%9d%97%94%f0%9d%97%9f%f0%9d%97%9c%f0%9d%97%97%f0%9d%97%94%f0%9d%97%97-%f0%9d%97%97%f0%9d%97%98-%f0%9d%97%96-6\/","title":{"rendered":"\ud835\udde0\ud835\udde8\ud835\udde1\ud835\udddc\ud835\uddd6\ud835\udddc\ud835\udde3\ud835\uddd4\ud835\udddf\ud835\udddc\ud835\uddd7\ud835\uddd4\ud835\uddd7 \ud835\uddd7\ud835\uddd8 \ud835\uddd6\ud835\udddb\ud835\udddc\ud835\udddf\ud835\uddd6\ud835\uddd4 \ud835\uddd8\ud835\uddeb\ud835\udddb\ud835\udde2\ud835\udde5\ud835\udde7\ud835\uddd4 \ud835\uddd4 \ud835\udde9\ud835\uddd8\ud835\uddd6\ud835\udddc\ud835\udde1\ud835\udde2\ud835\udde6 \ud835\udde5\ud835\uddd8\ud835\udde6\ud835\udde3\ud835\uddd8\ud835\udde7\ud835\uddd4\ud835\udde5 \ud835\uddd9\ud835\uddd4\ud835\udddd\ud835\uddd4 \ud835\udde0\ud835\uddd4\ud835\udde5\ud835\uddda\ud835\udddc\ud835\udde1\ud835\uddd4\ud835\udddf"},"content":{"rendered":"<p>\ud835\ude3e\ud835\ude64\ud835\ude62\ud835\ude6a\ud835\ude63\ud835\ude56 \ud835\ude57\ud835\ude6a\ud835\ude68\ud835\ude58\ud835\ude56 \ud835\ude68\ud835\ude5a\ud835\ude63\ud835\ude68\ud835\ude5e\ud835\ude57\ud835\ude5e\ud835\ude61\ud835\ude5e\ud835\ude6f\ud835\ude56\ud835\ude67 \ud835\ude56 \ud835\ude61\ud835\ude56 \ud835\ude65\ud835\ude64\ud835\ude57\ud835\ude61\ud835\ude56\ud835\ude58\ud835\ude5e\ud835\ude64\u0301\ud835\ude63 \ud835\ude56 \ud835\ude63\ud835\ude64 \ud835\ude58\ud835\ude64\ud835\ude63\ud835\ude68\ud835\ude69\ud835\ude67\ud835\ude6a\ud835\ude5e\ud835\ude67 \ud835\ude5a\ud835\ude63 \ud835\ude6a\ud835\ude63\ud835\ude56 \ud835\ude6f\ud835\ude64\ud835\ude63\ud835\ude56 \ud835\ude59\ud835\ude5a \ud835\ude67\ud835\ude5e\ud835\ude5a\ud835\ude68\ud835\ude5c\ud835\ude64 \ud835\ude6e \ud835\ude59\ud835\ude5a \ud835\ude65\ud835\ude67\ud835\ude5a\ud835\ude6b\ud835\ude5a\ud835\ude63\ud835\ude5e\ud835\ude67 \ud835\ude65\ud835\ude5a\u0301\ud835\ude67\ud835\ude59\ud835\ude5e\ud835\ude59\ud835\ude56\ud835\ude68 \ud835\ude65\ud835\ude5a\ud835\ude67\ud835\ude68\ud835\ude64\ud835\ude63\ud835\ude56\ud835\ude61\ud835\ude5a\ud835\ude68 \ud835\ude6e \ud835\ude62\ud835\ude56\ud835\ude69\ud835\ude5a\ud835\ude67\ud835\ude5e\ud835\ude56\ud835\ude61\ud835\ude5a\ud835\ude68.<br \/>\nAnte la eventualidad de temporada de lluvias a nivel nacional, la Municipalidad Distrital de Chilca a trav\u00e9s de la Gerencia de Desarrollo Urbano realiz\u00f3 trabajos sensibilizaci\u00f3n dirigidos a pobladores que vienen construyendo a orillas de los r\u00edos sin respetar las medidas reglamentarias.<br \/>\nAcciones que evitar\u00e1n que vecinos invadan la faja marginal y que sus predios corran el riesgo de derrumbarse a causa de las intensas lluvias y el aumento del caudal de los r\u00edos, estos trabajos se realizar\u00e1n a lo largo de la semana donde a la vez se verificar\u00e1n el tema del alineamiento de predios.<br \/>\nEl gerente de Desarrollo Urbano, Arq. Ronald Casas, lider\u00f3 el equipo de t\u00e9cnicos que verificaron el estado situacional de las viviendas cercanas a la faja marginal del r\u00edo \u00c1li, quien hizo un llamado a la poblaci\u00f3n para respetar las medidas de los 6 metros y medio de distancia con el r\u00edo.<br \/>\n\u201cEstamos coordinando con la oficina de Defensa Civil para continuar con los trabajos de limpieza en varios sectores; sin embargo, se tiene que estar alerta ya que las precipitaciones reci\u00e9n inician y los r\u00edos podr\u00edan llegar m\u00e1s cargados a diferencia de a\u00f1os anteriores\u201d finaliz\u00f3 el funcionario edil.<br \/>\nSeg\u00fan la comuna de Chilca, las inspecciones continuar\u00e1n en los pr\u00f3ximos d\u00edas a fin de medir el nivel del caudal y crear brigadas de auxilio con los propios vecinos de la zona.<br \/>\nCabe resaltar que los presidentes de comit\u00e9 de gesti\u00f3n de los diversos sectores acompa\u00f1aron en todo momento al di\u00e1logo con todos los moradores y propietarios del lugar para informar sobre el riesgo que corren sus viviendas al no ser alineadas y no respetar la faja marginal.<\/p>\n<p><img fetchpriority=\"high\" decoding=\"async\" src=\"https:\/\/munichilca.gob.pe\/site\/wp-content\/uploads\/2024\/03\/IMG-20240306-WA0125-640x426.jpg\" alt=\"\" width=\"640\" height=\"426\" \/><\/p>\n","protected":false},"excerpt":{"rendered":"<p>\ud835\ude3e\ud835\ude64\ud835\ude62\ud835\ude6a\ud835\ude63\ud835\ude56 \ud835\ude57\ud835\ude6a\ud835\ude68\ud835\ude58\ud835\ude56 \ud835\ude68\ud835\ude5a\ud835\ude63\ud835\ude68\ud835\ude5e\ud835\ude57\ud835\ude5e\ud835\ude61\ud835\ude5e\ud835\ude6f\ud835\ude56\ud835\ude67 \ud835\ude56 \ud835\ude61\ud835\ude56 \ud835\ude65\ud835\ude64\ud835\ude57\ud835\ude61\ud835\ude56\ud835\ude58\ud835\ude5e\ud835\ude64\u0301\ud835\ude63 \ud835\ude56 \ud835\ude63\ud835\ude64 \ud835\ude58\ud835\ude64\ud835\ude63\ud835\ude68\ud835\ude69\ud835\ude67\ud835\ude6a\ud835\ude5e\ud835\ude67 \ud835\ude5a\ud835\ude63 \ud835\ude6a\ud835\ude63\ud835\ude56 \ud835\ude6f\ud835\ude64\ud835\ude63\ud835\ude56 \ud835\ude59\ud835\ude5a \ud835\ude67\ud835\ude5e\ud835\ude5a\ud835\ude68\ud835\ude5c\ud835\ude64 \ud835\ude6e \ud835\ude59\ud835\ude5a \ud835\ude65\ud835\ude67\ud835\ude5a\ud835\ude6b\ud835\ude5a\ud835\ude63\ud835\ude5e\ud835\ude67 \ud835\ude65\ud835\ude5a\u0301\ud835\ude67\ud835\ude59\ud835\ude5e\ud835\ude59\ud835\ude56\ud835\ude68 \ud835\ude65\ud835\ude5a\ud835\ude67\ud835\ude68\ud835\ude64\ud835\ude63\ud835\ude56\ud835\ude61\ud835\ude5a\ud835\ude68 \ud835\ude6e \ud835\ude62\ud835\ude56\ud835\ude69\ud835\ude5a\ud835\ude67\ud835\ude5e\ud835\ude56\ud835\ude61\ud835\ude5a\ud835\ude68. Ante la eventualidad de temporada de lluvias a nivel nacional, la Municipalidad Distrital de Chilca a trav\u00e9s de la Gerencia de Desarrollo Urbano realiz\u00f3 trabajos sensibilizaci\u00f3n dirigidos a pobladores que vienen construyendo a orillas [&hellip;]<\/p>\n","protected":false},"author":4,"featured_media":0,"comment_status":"open","ping_status":"open","sticky":false,"template":"","format":"standard","meta":{"footnotes":""},"categories":[51,25,37,38],"tags":[73,81,82,27,28,83,75],"class_list":["post-17789","post","type-post","status-publish","format-standard","hentry","category-legal","category-noticias","category-projects","category-social","tag-ciudadania","tag-concienciar","tag-exhortacion","tag-huancayo","tag-munidechilca","tag-prevencion","tag-social"],"blocksy_meta":[],"rttpg_featured_image_url":null,"rttpg_author":{"display_name":"JGUTARRA","author_link":"https:\/\/munichilca.gob.pe\/site\/author\/jgutarra\/"},"rttpg_comment":0,"rttpg_category":"<a href=\"https:\/\/munichilca.gob.pe\/site\/category\/legal\/\" rel=\"category tag\">Legal<\/a> <a href=\"https:\/\/munichilca.gob.pe\/site\/category\/noticias\/\" rel=\"category tag\">Noticias<\/a> <a href=\"https:\/\/munichilca.gob.pe\/site\/category\/projects\/\" rel=\"category tag\">Projects<\/a> <a href=\"https:\/\/munichilca.gob.pe\/site\/category\/social\/\" rel=\"category tag\">Social<\/a>","rttpg_excerpt":"\ud835\ude3e\ud835\ude64\ud835\ude62\ud835\ude6a\ud835\ude63\ud835\ude56 \ud835\ude57\ud835\ude6a\ud835\ude68\ud835\ude58\ud835\ude56 \ud835\ude68\ud835\ude5a\ud835\ude63\ud835\ude68\ud835\ude5e\ud835\ude57\ud835\ude5e\ud835\ude61\ud835\ude5e\ud835\ude6f\ud835\ude56\ud835\ude67 \ud835\ude56 \ud835\ude61\ud835\ude56 \ud835\ude65\ud835\ude64\ud835\ude57\ud835\ude61\ud835\ude56\ud835\ude58\ud835\ude5e\ud835\ude64\u0301\ud835\ude63 \ud835\ude56 \ud835\ude63\ud835\ude64 \ud835\ude58\ud835\ude64\ud835\ude63\ud835\ude68\ud835\ude69\ud835\ude67\ud835\ude6a\ud835\ude5e\ud835\ude67 \ud835\ude5a\ud835\ude63 \ud835\ude6a\ud835\ude63\ud835\ude56 \ud835\ude6f\ud835\ude64\ud835\ude63\ud835\ude56 \ud835\ude59\ud835\ude5a \ud835\ude67\ud835\ude5e\ud835\ude5a\ud835\ude68\ud835\ude5c\ud835\ude64 \ud835\ude6e \ud835\ude59\ud835\ude5a \ud835\ude65\ud835\ude67\ud835\ude5a\ud835\ude6b\ud835\ude5a\ud835\ude63\ud835\ude5e\ud835\ude67 \ud835\ude65\ud835\ude5a\u0301\ud835\ude67\ud835\ude59\ud835\ude5e\ud835\ude59\ud835\ude56\ud835\ude68 \ud835\ude65\ud835\ude5a\ud835\ude67\ud835\ude68\ud835\ude64\ud835\ude63\ud835\ude56\ud835\ude61\ud835\ude5a\ud835\ude68 \ud835\ude6e \ud835\ude62\ud835\ude56\ud835\ude69\ud835\ude5a\ud835\ude67\ud835\ude5e\ud835\ude56\ud835\ude61\ud835\ude5a\ud835\ude68. Ante la eventualidad de temporada de lluvias a nivel nacional, la Municipalidad Distrital de Chilca a trav\u00e9s de la Gerencia de Desarrollo Urbano realiz\u00f3 trabajos sensibilizaci\u00f3n dirigidos a pobladores que vienen construyendo a orillas&hellip;","_links":{"self":[{"href":"https:\/\/munichilca.gob.pe\/site\/wp-json\/wp\/v2\/posts\/17789","targetHints":{"allow":["GET"]}}],"collection":[{"href":"https:\/\/munichilca.gob.pe\/site\/wp-json\/wp\/v2\/posts"}],"about":[{"href":"https:\/\/munichilca.gob.pe\/site\/wp-json\/wp\/v2\/types\/post"}],"author":[{"embeddable":true,"href":"https:\/\/munichilca.gob.pe\/site\/wp-json\/wp\/v2\/users\/4"}],"replies":[{"embeddable":true,"href":"https:\/\/munichilca.gob.pe\/site\/wp-json\/wp\/v2\/comments?post=17789"}],"version-history":[{"count":0,"href":"https:\/\/munichilca.gob.pe\/site\/wp-json\/wp\/v2\/posts\/17789\/revisions"}],"wp:attachment":[{"href":"https:\/\/munichilca.gob.pe\/site\/wp-json\/wp\/v2\/media?parent=17789"}],"wp:term":[{"taxonomy":"category","embeddable":true,"href":"https:\/\/munichilca.gob.pe\/site\/wp-json\/wp\/v2\/categories?post=17789"},{"taxonomy":"post_tag","embeddable":true,"href":"https:\/\/munichilca.gob.pe\/site\/wp-json\/wp\/v2\/tags?post=17789"}],"curies":[{"name":"wp","href":"https:\/\/api.w.org\/{rel}","templated":true}]}}