{"id":17760,"date":"2024-09-27T11:33:39","date_gmt":"2024-09-27T11:33:39","guid":{"rendered":"https:\/\/munichilca.gob.pe\/site\/?p=8756"},"modified":"2024-09-27T11:33:39","modified_gmt":"2024-09-27T11:33:39","slug":"%f0%9d%97%96%f0%9d%97%a2%f0%9d%97%a1-%f0%9d%97%a0%f0%9d%97%94%f0%9d%97%a6-%f0%9d%97%97%f0%9d%97%98-%f0%9d%9f%b2-%f0%9d%97%a0%f0%9d%97%9c%f0%9d%97%9f-%f0%9d%97%a3%f0%9d%97%9f%f0%9d%97%94","status":"publish","type":"post","link":"https:\/\/munichilca.gob.pe\/site\/2024\/09\/27\/%f0%9d%97%96%f0%9d%97%a2%f0%9d%97%a1-%f0%9d%97%a0%f0%9d%97%94%f0%9d%97%a6-%f0%9d%97%97%f0%9d%97%98-%f0%9d%9f%b2-%f0%9d%97%a0%f0%9d%97%9c%f0%9d%97%9f-%f0%9d%97%a3%f0%9d%97%9f%f0%9d%97%94\/","title":{"rendered":"\ud835\uddd6\ud835\udde2\ud835\udde1 \ud835\udde0\ud835\uddd4\u0301\ud835\udde6 \ud835\uddd7\ud835\uddd8 \ud835\udff2 \ud835\udde0\ud835\udddc\ud835\udddf \ud835\udde3\ud835\udddf\ud835\uddd4\ud835\udde7\ud835\udde2\ud835\udde6 \ud835\uddd7\ud835\uddd8 \ud835\udde3\ud835\uddd4\ud835\udde3\ud835\uddd4 \ud835\uddd4 \ud835\udddf\ud835\uddd4 \ud835\udddb\ud835\udde8\ud835\uddd4\ud835\udde1\ud835\uddd6\ud835\uddd4\ud835\udddc\ud835\udde1\ud835\uddd4 \ud835\uddd4\ud835\udde5\ud835\udde5\ud835\uddd4\ud835\udde1\ud835\uddd6\ud835\uddd4 \ud835\uddd6\ud835\udddb\ud835\udddc\ud835\udddf\ud835\uddd6\ud835\uddd4 \ud835\uddd9\ud835\uddd8\ud835\udde6\ud835\udde7 \ud835\udde3\ud835\udde5\ud835\udddc\ud835\udde0\ud835\uddd4\ud835\udde9\ud835\uddd8\ud835\udde5\ud835\uddd4 \ud835\udfee\ud835\udfec\ud835\udfee\ud835\udff0"},"content":{"rendered":"<p>La Municipalidad Distrital de Chilca dio inicio a la segunda edici\u00f3n del Chilca Fest Primavera 2024, un evento que trae alegr\u00eda, deporte, cultura y gastronom\u00eda a toda la comunidad. En su primer d\u00eda, el festival arranc\u00f3 con una mini marat\u00f3n de 2 Kil\u00f3metros, donde participaron vecinos de todas las edades, adem\u00e1s de regidores, funcionarios y trabajadores municipales. La carrera parti\u00f3 desde la Av. Leoncio Prado y Calle Real, finalizando en el Estadio de Coto Coto, en un ambiente de uni\u00f3n y celebraci\u00f3n.<\/p>\n<p>A continuaci\u00f3n, se llev\u00f3 a cabo la ceremonia de inauguraci\u00f3n, presidida por el alcalde C\u00e9sar Damas Laurente, quien dio por aperturado el festival. Durante su discurso, el burgomaestre destac\u00f3 el car\u00e1cter simb\u00f3lico del costo de ingreso de 2 soles, explicando que estos fondos se destinar\u00e1n a la adquisici\u00f3n de m\u00e1s c\u00e1maras de videovigilancia, con el objetivo de reforzar la seguridad ciudadana en el distrito.<\/p>\n<p>Asimismo, invit\u00f3 a todos los asistentes y familias del Valle del Mantaro a disfrutar de este festival de manera sana y sin excesos.<br \/>\nEl d\u00eda inaugural cont\u00f3 con diversas actividades que mantuvieron al p\u00fablico al filo de la emoci\u00f3n. Las madres de familia de los programas sociales, en su mayor\u00eda del Programa del Vaso de Leche (PVL), protagonizaron un espectacular encuentro de f\u00fatbol en polleras, haciendo vibrar con sus goles a los asistentes. En simult\u00e1neo, se llev\u00f3 a cabo el esperado concurso de canto \u00abChilca Tiene Talento\u00bb, donde se destac\u00f3 el talento local.<\/p>\n<p>Uno de los momentos m\u00e1s esperados fue la preparaci\u00f3n de la papa a la huanca\u00edna m\u00e1s grande del mundo, un evento que deleit\u00f3 los paladares de miles de personas. En la preparaci\u00f3n se utiliz\u00f3 m\u00e1s de mil kilos de papa, 60 kilos de queso, cerca de 100 tarros de leche, entre otros ingredientes que permitieron la degustaci\u00f3n de m\u00e1s de 6 mil platos que fueron preparados por trabajadores y chef de la Escuela de Cocina Cooking Gourmet.<\/p>\n<p>El festival tambi\u00e9n incluy\u00f3 una exhibici\u00f3n de artesan\u00eda, agroindustria y gastronom\u00eda, donde los artesanos locales tuvieron la oportunidad de vender sus productos. Los asistentes pudieron disfrutar de exquisitos potajes tradicionales que representaron lo mejor de la gastronom\u00eda de la regi\u00f3n.<\/p>\n<p>El Chilca Fest Primavera 2024 ha comenzado con gran \u00e9xito y promete seguir brindando d\u00edas llenos de entretenimiento y diversi\u00f3n para toda la familia.<\/p>\n","protected":false},"excerpt":{"rendered":"<p>La Municipalidad Distrital de Chilca dio inicio a la segunda edici\u00f3n del Chilca Fest Primavera 2024, un evento que trae alegr\u00eda, deporte, cultura y gastronom\u00eda a toda la comunidad. En su primer d\u00eda, el festival arranc\u00f3 con una mini marat\u00f3n de 2 Kil\u00f3metros, donde participaron vecinos de todas las edades, adem\u00e1s de regidores, funcionarios y [&hellip;]<\/p>\n","protected":false},"author":4,"featured_media":17761,"comment_status":"open","ping_status":"open","sticky":false,"template":"","format":"standard","meta":{"footnotes":""},"categories":[25],"tags":[],"class_list":["post-17760","post","type-post","status-publish","format-standard","has-post-thumbnail","hentry","category-noticias"],"blocksy_meta":[],"rttpg_featured_image_url":{"full":["https:\/\/munichilca.gob.pe\/site\/wp-content\/uploads\/2024\/09\/WhatsApp-Image-2024-09-21-at-2.02.46-PM.jpeg",1600,1066,false],"landscape":["https:\/\/munichilca.gob.pe\/site\/wp-content\/uploads\/2024\/09\/WhatsApp-Image-2024-09-21-at-2.02.46-PM.jpeg",1600,1066,false],"portraits":["https:\/\/munichilca.gob.pe\/site\/wp-content\/uploads\/2024\/09\/WhatsApp-Image-2024-09-21-at-2.02.46-PM.jpeg",1600,1066,false],"thumbnail":["https:\/\/munichilca.gob.pe\/site\/wp-content\/uploads\/2024\/09\/WhatsApp-Image-2024-09-21-at-2.02.46-PM-150x150.jpeg",150,150,true],"medium":["https:\/\/munichilca.gob.pe\/site\/wp-content\/uploads\/2024\/09\/WhatsApp-Image-2024-09-21-at-2.02.46-PM-300x200.jpeg",300,200,true],"large":["https:\/\/munichilca.gob.pe\/site\/wp-content\/uploads\/2024\/09\/WhatsApp-Image-2024-09-21-at-2.02.46-PM-1024x682.jpeg",1024,682,true],"1536x1536":["https:\/\/munichilca.gob.pe\/site\/wp-content\/uploads\/2024\/09\/WhatsApp-Image-2024-09-21-at-2.02.46-PM-1536x1023.jpeg",1536,1023,true],"2048x2048":["https:\/\/munichilca.gob.pe\/site\/wp-content\/uploads\/2024\/09\/WhatsApp-Image-2024-09-21-at-2.02.46-PM.jpeg",1600,1066,false],"tp-image-grid":["https:\/\/munichilca.gob.pe\/site\/wp-content\/uploads\/2024\/09\/WhatsApp-Image-2024-09-21-at-2.02.46-PM-700x700.jpeg",700,700,true]},"rttpg_author":{"display_name":"JGUTARRA","author_link":"https:\/\/munichilca.gob.pe\/site\/author\/jgutarra\/"},"rttpg_comment":0,"rttpg_category":"<a href=\"https:\/\/munichilca.gob.pe\/site\/category\/noticias\/\" rel=\"category tag\">Noticias<\/a>","rttpg_excerpt":"La Municipalidad Distrital de Chilca dio inicio a la segunda edici\u00f3n del Chilca Fest Primavera 2024, un evento que trae alegr\u00eda, deporte, cultura y gastronom\u00eda a toda la comunidad. En su primer d\u00eda, el festival arranc\u00f3 con una mini marat\u00f3n de 2 Kil\u00f3metros, donde participaron vecinos de todas las edades, adem\u00e1s de regidores, funcionarios y&hellip;","_links":{"self":[{"href":"https:\/\/munichilca.gob.pe\/site\/wp-json\/wp\/v2\/posts\/17760","targetHints":{"allow":["GET"]}}],"collection":[{"href":"https:\/\/munichilca.gob.pe\/site\/wp-json\/wp\/v2\/posts"}],"about":[{"href":"https:\/\/munichilca.gob.pe\/site\/wp-json\/wp\/v2\/types\/post"}],"author":[{"embeddable":true,"href":"https:\/\/munichilca.gob.pe\/site\/wp-json\/wp\/v2\/users\/4"}],"replies":[{"embeddable":true,"href":"https:\/\/munichilca.gob.pe\/site\/wp-json\/wp\/v2\/comments?post=17760"}],"version-history":[{"count":0,"href":"https:\/\/munichilca.gob.pe\/site\/wp-json\/wp\/v2\/posts\/17760\/revisions"}],"wp:featuredmedia":[{"embeddable":true,"href":"https:\/\/munichilca.gob.pe\/site\/wp-json\/wp\/v2\/media\/17761"}],"wp:attachment":[{"href":"https:\/\/munichilca.gob.pe\/site\/wp-json\/wp\/v2\/media?parent=17760"}],"wp:term":[{"taxonomy":"category","embeddable":true,"href":"https:\/\/munichilca.gob.pe\/site\/wp-json\/wp\/v2\/categories?post=17760"},{"taxonomy":"post_tag","embeddable":true,"href":"https:\/\/munichilca.gob.pe\/site\/wp-json\/wp\/v2\/tags?post=17760"}],"curies":[{"name":"wp","href":"https:\/\/api.w.org\/{rel}","templated":true}]}}