{"id":17588,"date":"2024-11-25T10:06:40","date_gmt":"2024-11-25T10:06:40","guid":{"rendered":"https:\/\/munichilca.gob.pe\/site\/?p=9038"},"modified":"2024-11-25T10:06:40","modified_gmt":"2024-11-25T10:06:40","slug":"feria-navidena-de-chilca-espera-recibir-a-mas-de-300-comerciantes","status":"publish","type":"post","link":"https:\/\/munichilca.gob.pe\/site\/2024\/11\/25\/feria-navidena-de-chilca-espera-recibir-a-mas-de-300-comerciantes\/","title":{"rendered":"FERIA NAVIDE\u00d1A DE CHILCA, ESPERA RECIBIR A M\u00c1S DE 300 COMERCIANTES"},"content":{"rendered":"<p>La Municipalidad Distrital de Chilca, a trav\u00e9s del \u00c1rea de Ferias de la Gerencia de Desarrollo Econ\u00f3mico, anuncia la realizaci\u00f3n de la Feria Navide\u00f1a 2024, un evento pensado para fomentar el comercio y brindar a las familias un espacio donde adquirir productos esenciales para las festividades.<br \/>\nLa feria se llevar\u00e1 a cabo los d\u00edas 23, 24, 25 y 26 de diciembre, y continuar\u00e1 los d\u00edas 30, 31 de diciembre y 1 de enero, en la Av. Torre Tagle, desde la Av. 9 de Diciembre hasta la Av. Pr\u00f3ceres. Participantes y visitantes podr\u00e1n disfrutar de una variada oferta que incluye juguetes, ropa, calzado, vinos, panetones y otros productos t\u00edpicos de la temporada navide\u00f1a.<br \/>\nEl responsable del \u00c1rea de Ferias y Turismo, Daniel Yaranga Gago, inform\u00f3 que los comerciantes interesados deber\u00e1n cumplir con realizar un \u00fanico pago que cubrir\u00e1 servicios de seguridad, recojo de residuos s\u00f3lidos y energ\u00eda el\u00e9ctrica, participar en las capacitaciones que ser\u00e1n organizadas por la municipalidad en alianza con la DISCAMEC y la DIGESA, enfocadas en garantizar buenas pr\u00e1cticas y calidad en los productos ofrecidos.<br \/>\nYaranga Gago, agreg\u00f3 que se han programado ferias exclusivas para la comercializaci\u00f3n de productos pirot\u00e9cnicos. Estas ferias se llevar\u00e1n a cabo en espacios abiertos y especialmente acondicionados para prevenir cualquier incidente; la implementaci\u00f3n de estos puntos de venta busca regularizar el comercio de pirot\u00e9cnicos, asegurando que los productos cuenten con las certificaciones necesarias para su venta al p\u00fablico y cumplan con las normativas vigentes de seguridad.<br \/>\nLas inscripciones estar\u00e1n abiertas en el \u00c1rea de Ferias y Turismo de la municipalidad. Esta feria es una oportunidad para que emprendedores locales y comerciantes puedan ofrecer sus productos en un espacio ordenado y seguro, contribuyendo al dinamismo econ\u00f3mico del distrito durante las celebraciones de fin de a\u00f1o.<\/p>\n","protected":false},"excerpt":{"rendered":"<p>La Municipalidad Distrital de Chilca, a trav\u00e9s del \u00c1rea de Ferias de la Gerencia de Desarrollo Econ\u00f3mico, anuncia la realizaci\u00f3n de la Feria Navide\u00f1a 2024, un evento pensado para fomentar el comercio y brindar a las familias un espacio donde adquirir productos esenciales para las festividades. La feria se llevar\u00e1 a cabo los d\u00edas 23, [&hellip;]<\/p>\n","protected":false},"author":4,"featured_media":17589,"comment_status":"open","ping_status":"open","sticky":false,"template":"","format":"standard","meta":{"footnotes":""},"categories":[25],"tags":[],"class_list":["post-17588","post","type-post","status-publish","format-standard","has-post-thumbnail","hentry","category-noticias"],"blocksy_meta":[],"rttpg_featured_image_url":{"full":["https:\/\/munichilca.gob.pe\/site\/wp-content\/uploads\/2024\/11\/WhatsApp-Image-2024-11-25-at-9.59.32-AM-1.jpeg",1600,1066,false],"landscape":["https:\/\/munichilca.gob.pe\/site\/wp-content\/uploads\/2024\/11\/WhatsApp-Image-2024-11-25-at-9.59.32-AM-1.jpeg",1600,1066,false],"portraits":["https:\/\/munichilca.gob.pe\/site\/wp-content\/uploads\/2024\/11\/WhatsApp-Image-2024-11-25-at-9.59.32-AM-1.jpeg",1600,1066,false],"thumbnail":["https:\/\/munichilca.gob.pe\/site\/wp-content\/uploads\/2024\/11\/WhatsApp-Image-2024-11-25-at-9.59.32-AM-1-150x150.jpeg",150,150,true],"medium":["https:\/\/munichilca.gob.pe\/site\/wp-content\/uploads\/2024\/11\/WhatsApp-Image-2024-11-25-at-9.59.32-AM-1-300x200.jpeg",300,200,true],"large":["https:\/\/munichilca.gob.pe\/site\/wp-content\/uploads\/2024\/11\/WhatsApp-Image-2024-11-25-at-9.59.32-AM-1-1024x682.jpeg",1024,682,true],"1536x1536":["https:\/\/munichilca.gob.pe\/site\/wp-content\/uploads\/2024\/11\/WhatsApp-Image-2024-11-25-at-9.59.32-AM-1-1536x1023.jpeg",1536,1023,true],"2048x2048":["https:\/\/munichilca.gob.pe\/site\/wp-content\/uploads\/2024\/11\/WhatsApp-Image-2024-11-25-at-9.59.32-AM-1.jpeg",1600,1066,false],"tp-image-grid":["https:\/\/munichilca.gob.pe\/site\/wp-content\/uploads\/2024\/11\/WhatsApp-Image-2024-11-25-at-9.59.32-AM-1-700x700.jpeg",700,700,true]},"rttpg_author":{"display_name":"JGUTARRA","author_link":"https:\/\/munichilca.gob.pe\/site\/author\/jgutarra\/"},"rttpg_comment":0,"rttpg_category":"<a href=\"https:\/\/munichilca.gob.pe\/site\/category\/noticias\/\" rel=\"category tag\">Noticias<\/a>","rttpg_excerpt":"La Municipalidad Distrital de Chilca, a trav\u00e9s del \u00c1rea de Ferias de la Gerencia de Desarrollo Econ\u00f3mico, anuncia la realizaci\u00f3n de la Feria Navide\u00f1a 2024, un evento pensado para fomentar el comercio y brindar a las familias un espacio donde adquirir productos esenciales para las festividades. La feria se llevar\u00e1 a cabo los d\u00edas 23,&hellip;","_links":{"self":[{"href":"https:\/\/munichilca.gob.pe\/site\/wp-json\/wp\/v2\/posts\/17588","targetHints":{"allow":["GET"]}}],"collection":[{"href":"https:\/\/munichilca.gob.pe\/site\/wp-json\/wp\/v2\/posts"}],"about":[{"href":"https:\/\/munichilca.gob.pe\/site\/wp-json\/wp\/v2\/types\/post"}],"author":[{"embeddable":true,"href":"https:\/\/munichilca.gob.pe\/site\/wp-json\/wp\/v2\/users\/4"}],"replies":[{"embeddable":true,"href":"https:\/\/munichilca.gob.pe\/site\/wp-json\/wp\/v2\/comments?post=17588"}],"version-history":[{"count":0,"href":"https:\/\/munichilca.gob.pe\/site\/wp-json\/wp\/v2\/posts\/17588\/revisions"}],"wp:featuredmedia":[{"embeddable":true,"href":"https:\/\/munichilca.gob.pe\/site\/wp-json\/wp\/v2\/media\/17589"}],"wp:attachment":[{"href":"https:\/\/munichilca.gob.pe\/site\/wp-json\/wp\/v2\/media?parent=17588"}],"wp:term":[{"taxonomy":"category","embeddable":true,"href":"https:\/\/munichilca.gob.pe\/site\/wp-json\/wp\/v2\/categories?post=17588"},{"taxonomy":"post_tag","embeddable":true,"href":"https:\/\/munichilca.gob.pe\/site\/wp-json\/wp\/v2\/tags?post=17588"}],"curies":[{"name":"wp","href":"https:\/\/api.w.org\/{rel}","templated":true}]}}