{"id":17582,"date":"2024-11-25T10:29:16","date_gmt":"2024-11-25T10:29:16","guid":{"rendered":"https:\/\/munichilca.gob.pe\/site\/?p=9047"},"modified":"2024-11-25T10:29:16","modified_gmt":"2024-11-25T10:29:16","slug":"adultos-mayores-venden-productos-elaborados-por-ellos-en-feria-de-los-miercoles","status":"publish","type":"post","link":"https:\/\/munichilca.gob.pe\/site\/2024\/11\/25\/adultos-mayores-venden-productos-elaborados-por-ellos-en-feria-de-los-miercoles\/","title":{"rendered":"ADULTOS MAYORES VENDEN PRODUCTOS ELABORADOS POR ELLOS EN FERIA DE LOS MIERCOLES"},"content":{"rendered":"<p>Con el prop\u00f3sito de fomentar la inclusi\u00f3n y participaci\u00f3n activa de los adultos mayores, alrededor de 50 beneficiarios del Centro Integral de Atenci\u00f3n al Adulto Mayor (CIAM) de la Gerencia de Desarrollo Social de la Municipalidad Distrital de Chilca, pertenecientes al programa Pensi\u00f3n 65, protagonizaron una jornada de venta de productos en la Feria de los Mi\u00e9rcoles, ubicada en la Av. Jacinto Ibarra.<br \/>\nLos adultos mayores ofrecieron al p\u00fablico una variedad de productos elaborados por ellos mismos, como mazamorras de pi\u00f1a, calla, calabaza, chu\u00f1o y ajiaco, as\u00ed como tejidos artesanales que destacaron por su calidad y creatividad. La actividad, apoyada por la comuna, brind\u00f3 un espacio especial de venta para los participantes, quienes recibieron el reconocimiento y la acogida de la poblaci\u00f3n.<br \/>\nLa responsable del \u00e1rea del CIAM, Lucy Vilcahuam\u00e1n, destac\u00f3 que estas actividades se realizar\u00e1n de manera mensual con el objetivo de mantener activos a los adultos mayores, promoviendo su bienestar emocional, f\u00edsico y econ\u00f3mico. \u00abEstas iniciativas no solo contribuyen al fortalecimiento de sus habilidades, sino que tambi\u00e9n les permiten interactuar con la comunidad, generando ingresos y valorando su aporte a la sociedad\u00bb, se\u00f1al\u00f3.<br \/>\nLa Municipalidad Distrital de Chilca reafirma su compromiso con los adultos mayores, impulsando acciones que mejoren su calidad de vida y les brinden oportunidades para desarrollar su potencial.<\/p>\n","protected":false},"excerpt":{"rendered":"<p>Con el prop\u00f3sito de fomentar la inclusi\u00f3n y participaci\u00f3n activa de los adultos mayores, alrededor de 50 beneficiarios del Centro Integral de Atenci\u00f3n al Adulto Mayor (CIAM) de la Gerencia de Desarrollo Social de la Municipalidad Distrital de Chilca, pertenecientes al programa Pensi\u00f3n 65, protagonizaron una jornada de venta de productos en la Feria de [&hellip;]<\/p>\n","protected":false},"author":4,"featured_media":17583,"comment_status":"open","ping_status":"open","sticky":false,"template":"","format":"standard","meta":{"footnotes":""},"categories":[25],"tags":[],"class_list":["post-17582","post","type-post","status-publish","format-standard","has-post-thumbnail","hentry","category-noticias"],"blocksy_meta":[],"rttpg_featured_image_url":{"full":["https:\/\/munichilca.gob.pe\/site\/wp-content\/uploads\/2024\/11\/WhatsApp-Image-2024-11-25-at-9.59.35-AM.jpeg",1600,720,false],"landscape":["https:\/\/munichilca.gob.pe\/site\/wp-content\/uploads\/2024\/11\/WhatsApp-Image-2024-11-25-at-9.59.35-AM.jpeg",1600,720,false],"portraits":["https:\/\/munichilca.gob.pe\/site\/wp-content\/uploads\/2024\/11\/WhatsApp-Image-2024-11-25-at-9.59.35-AM.jpeg",1600,720,false],"thumbnail":["https:\/\/munichilca.gob.pe\/site\/wp-content\/uploads\/2024\/11\/WhatsApp-Image-2024-11-25-at-9.59.35-AM-150x150.jpeg",150,150,true],"medium":["https:\/\/munichilca.gob.pe\/site\/wp-content\/uploads\/2024\/11\/WhatsApp-Image-2024-11-25-at-9.59.35-AM-300x135.jpeg",300,135,true],"large":["https:\/\/munichilca.gob.pe\/site\/wp-content\/uploads\/2024\/11\/WhatsApp-Image-2024-11-25-at-9.59.35-AM-1024x461.jpeg",1024,461,true],"1536x1536":["https:\/\/munichilca.gob.pe\/site\/wp-content\/uploads\/2024\/11\/WhatsApp-Image-2024-11-25-at-9.59.35-AM-1536x691.jpeg",1536,691,true],"2048x2048":["https:\/\/munichilca.gob.pe\/site\/wp-content\/uploads\/2024\/11\/WhatsApp-Image-2024-11-25-at-9.59.35-AM.jpeg",1600,720,false],"tp-image-grid":["https:\/\/munichilca.gob.pe\/site\/wp-content\/uploads\/2024\/11\/WhatsApp-Image-2024-11-25-at-9.59.35-AM-700x700.jpeg",700,700,true]},"rttpg_author":{"display_name":"JGUTARRA","author_link":"https:\/\/munichilca.gob.pe\/site\/author\/jgutarra\/"},"rttpg_comment":0,"rttpg_category":"<a href=\"https:\/\/munichilca.gob.pe\/site\/category\/noticias\/\" rel=\"category tag\">Noticias<\/a>","rttpg_excerpt":"Con el prop\u00f3sito de fomentar la inclusi\u00f3n y participaci\u00f3n activa de los adultos mayores, alrededor de 50 beneficiarios del Centro Integral de Atenci\u00f3n al Adulto Mayor (CIAM) de la Gerencia de Desarrollo Social de la Municipalidad Distrital de Chilca, pertenecientes al programa Pensi\u00f3n 65, protagonizaron una jornada de venta de productos en la Feria de&hellip;","_links":{"self":[{"href":"https:\/\/munichilca.gob.pe\/site\/wp-json\/wp\/v2\/posts\/17582","targetHints":{"allow":["GET"]}}],"collection":[{"href":"https:\/\/munichilca.gob.pe\/site\/wp-json\/wp\/v2\/posts"}],"about":[{"href":"https:\/\/munichilca.gob.pe\/site\/wp-json\/wp\/v2\/types\/post"}],"author":[{"embeddable":true,"href":"https:\/\/munichilca.gob.pe\/site\/wp-json\/wp\/v2\/users\/4"}],"replies":[{"embeddable":true,"href":"https:\/\/munichilca.gob.pe\/site\/wp-json\/wp\/v2\/comments?post=17582"}],"version-history":[{"count":0,"href":"https:\/\/munichilca.gob.pe\/site\/wp-json\/wp\/v2\/posts\/17582\/revisions"}],"wp:featuredmedia":[{"embeddable":true,"href":"https:\/\/munichilca.gob.pe\/site\/wp-json\/wp\/v2\/media\/17583"}],"wp:attachment":[{"href":"https:\/\/munichilca.gob.pe\/site\/wp-json\/wp\/v2\/media?parent=17582"}],"wp:term":[{"taxonomy":"category","embeddable":true,"href":"https:\/\/munichilca.gob.pe\/site\/wp-json\/wp\/v2\/categories?post=17582"},{"taxonomy":"post_tag","embeddable":true,"href":"https:\/\/munichilca.gob.pe\/site\/wp-json\/wp\/v2\/tags?post=17582"}],"curies":[{"name":"wp","href":"https:\/\/api.w.org\/{rel}","templated":true}]}}