{"id":17576,"date":"2024-11-25T10:34:49","date_gmt":"2024-11-25T10:34:49","guid":{"rendered":"https:\/\/munichilca.gob.pe\/site\/?p=9056"},"modified":"2024-11-25T10:34:49","modified_gmt":"2024-11-25T10:34:49","slug":"mdch-realizara-movilizacion-por-el-dia-internacional-de-la-eliminacion-de-la-violencia-contra-la-mujer","status":"publish","type":"post","link":"https:\/\/munichilca.gob.pe\/site\/2024\/11\/25\/mdch-realizara-movilizacion-por-el-dia-internacional-de-la-eliminacion-de-la-violencia-contra-la-mujer\/","title":{"rendered":"MDCH REALIZAR\u00c1 MOVILIZACI\u00d3N POR EL D\u00cdA INTERNACIONAL DE LA ELIMINACI\u00d3N DE LA VIOLENCIA CONTRA LA MUJER"},"content":{"rendered":"<p>En el Per\u00fa, la violencia de g\u00e9nero sigue siendo un problema alarmante. Seg\u00fan el Ministerio de la Mujer y Poblaciones Vulnerables, entre enero y septiembre de 2024, se han registrado 123 feminicidios en todo el pa\u00eds. Mientras que en el distrito de Chilca se registraron 169 casos de violencia familiar que fueron atendidos por la Unidad de Serenazgo.<br \/>\nFrente a estas alarmantes estad\u00edsticas el alcalde del distrito de Chilca C\u00e9sar Damas a trav\u00e9s de la Instancia Distrital de concertaci\u00f3n para la lucha contra la violencia hacia la mujer y los integrantes del grupo familiar convocaron a una movilizaci\u00f3n de sensibilizaci\u00f3n para el d\u00eda Lunes 25 de noviembre a partir de las 3:00 pm siendo la concentraci\u00f3n el parque Abel Mart\u00ednez.<br \/>\n\u201cComo gesti\u00f3n estamos trabajando en impulsar acciones que permitan visibilizar y sensibilizar a la poblaci\u00f3n frente a la violencia\u201d se\u00f1al\u00f3 C\u00e9sar Damas, toda vez que menciona la campa\u00f1a \u201cSantiago Sin Violencia\u201d y trabajos de empoderamiento econ\u00f3mico, mujeres acompa\u00f1ando a mujeres, hombre por la igualdad, conferencias, cursos con instituciones educativas y ferias de servicios impulsados por la instancia que el preside.<br \/>\nEl d\u00eda lunes adem\u00e1s de la movilizaci\u00f3n en Chilca realizar\u00e1n un izamiento con la participaci\u00f3n de loas diferentes instituciones donde se har\u00e1 un minuto de silencio por las recientes muertes producto de la violencia de genero.<br \/>\nPor otro lado hace un llamado a las instituciones que no estar\u00edan participando activamente en la instancia distrital de concertaci\u00f3n de Chilca, a fin de que se sumen a las pr\u00f3ximas actividades. \u201cInvitamos a la poblaci\u00f3n a participar de las actividades mencionadas y sobre todo reflexionar que un acto de violencia termina perjudic\u00e1ndonos como sociedad y frente a ello no podemos ser indiferentes, por eso los esperamos el lunes a las 3:00 pm en el parque Abel Mart\u00ednez\u201d acot\u00f3.<\/p>\n","protected":false},"excerpt":{"rendered":"<p>En el Per\u00fa, la violencia de g\u00e9nero sigue siendo un problema alarmante. Seg\u00fan el Ministerio de la Mujer y Poblaciones Vulnerables, entre enero y septiembre de 2024, se han registrado 123 feminicidios en todo el pa\u00eds. Mientras que en el distrito de Chilca se registraron 169 casos de violencia familiar que fueron atendidos por la [&hellip;]<\/p>\n","protected":false},"author":4,"featured_media":17577,"comment_status":"open","ping_status":"open","sticky":false,"template":"","format":"standard","meta":{"footnotes":""},"categories":[25],"tags":[],"class_list":["post-17576","post","type-post","status-publish","format-standard","has-post-thumbnail","hentry","category-noticias"],"blocksy_meta":[],"rttpg_featured_image_url":{"full":["https:\/\/munichilca.gob.pe\/site\/wp-content\/uploads\/2024\/11\/WhatsApp-Image-2024-11-25-at-9.59.39-AM.jpeg",1600,1200,false],"landscape":["https:\/\/munichilca.gob.pe\/site\/wp-content\/uploads\/2024\/11\/WhatsApp-Image-2024-11-25-at-9.59.39-AM.jpeg",1600,1200,false],"portraits":["https:\/\/munichilca.gob.pe\/site\/wp-content\/uploads\/2024\/11\/WhatsApp-Image-2024-11-25-at-9.59.39-AM.jpeg",1600,1200,false],"thumbnail":["https:\/\/munichilca.gob.pe\/site\/wp-content\/uploads\/2024\/11\/WhatsApp-Image-2024-11-25-at-9.59.39-AM-150x150.jpeg",150,150,true],"medium":["https:\/\/munichilca.gob.pe\/site\/wp-content\/uploads\/2024\/11\/WhatsApp-Image-2024-11-25-at-9.59.39-AM-300x225.jpeg",300,225,true],"large":["https:\/\/munichilca.gob.pe\/site\/wp-content\/uploads\/2024\/11\/WhatsApp-Image-2024-11-25-at-9.59.39-AM-1024x768.jpeg",1024,768,true],"1536x1536":["https:\/\/munichilca.gob.pe\/site\/wp-content\/uploads\/2024\/11\/WhatsApp-Image-2024-11-25-at-9.59.39-AM-1536x1152.jpeg",1536,1152,true],"2048x2048":["https:\/\/munichilca.gob.pe\/site\/wp-content\/uploads\/2024\/11\/WhatsApp-Image-2024-11-25-at-9.59.39-AM.jpeg",1600,1200,false],"tp-image-grid":["https:\/\/munichilca.gob.pe\/site\/wp-content\/uploads\/2024\/11\/WhatsApp-Image-2024-11-25-at-9.59.39-AM-700x700.jpeg",700,700,true]},"rttpg_author":{"display_name":"JGUTARRA","author_link":"https:\/\/munichilca.gob.pe\/site\/author\/jgutarra\/"},"rttpg_comment":0,"rttpg_category":"<a href=\"https:\/\/munichilca.gob.pe\/site\/category\/noticias\/\" rel=\"category tag\">Noticias<\/a>","rttpg_excerpt":"En el Per\u00fa, la violencia de g\u00e9nero sigue siendo un problema alarmante. Seg\u00fan el Ministerio de la Mujer y Poblaciones Vulnerables, entre enero y septiembre de 2024, se han registrado 123 feminicidios en todo el pa\u00eds. Mientras que en el distrito de Chilca se registraron 169 casos de violencia familiar que fueron atendidos por la&hellip;","_links":{"self":[{"href":"https:\/\/munichilca.gob.pe\/site\/wp-json\/wp\/v2\/posts\/17576","targetHints":{"allow":["GET"]}}],"collection":[{"href":"https:\/\/munichilca.gob.pe\/site\/wp-json\/wp\/v2\/posts"}],"about":[{"href":"https:\/\/munichilca.gob.pe\/site\/wp-json\/wp\/v2\/types\/post"}],"author":[{"embeddable":true,"href":"https:\/\/munichilca.gob.pe\/site\/wp-json\/wp\/v2\/users\/4"}],"replies":[{"embeddable":true,"href":"https:\/\/munichilca.gob.pe\/site\/wp-json\/wp\/v2\/comments?post=17576"}],"version-history":[{"count":0,"href":"https:\/\/munichilca.gob.pe\/site\/wp-json\/wp\/v2\/posts\/17576\/revisions"}],"wp:featuredmedia":[{"embeddable":true,"href":"https:\/\/munichilca.gob.pe\/site\/wp-json\/wp\/v2\/media\/17577"}],"wp:attachment":[{"href":"https:\/\/munichilca.gob.pe\/site\/wp-json\/wp\/v2\/media?parent=17576"}],"wp:term":[{"taxonomy":"category","embeddable":true,"href":"https:\/\/munichilca.gob.pe\/site\/wp-json\/wp\/v2\/categories?post=17576"},{"taxonomy":"post_tag","embeddable":true,"href":"https:\/\/munichilca.gob.pe\/site\/wp-json\/wp\/v2\/tags?post=17576"}],"curies":[{"name":"wp","href":"https:\/\/api.w.org\/{rel}","templated":true}]}}