{"id":17574,"date":"2024-11-26T10:19:25","date_gmt":"2024-11-26T10:19:25","guid":{"rendered":"https:\/\/munichilca.gob.pe\/site\/?p=9059"},"modified":"2024-11-26T10:19:25","modified_gmt":"2024-11-26T10:19:25","slug":"con-minuto-de-silencio-chilca-conmemora-a-la-mujer","status":"publish","type":"post","link":"https:\/\/munichilca.gob.pe\/site\/2024\/11\/26\/con-minuto-de-silencio-chilca-conmemora-a-la-mujer\/","title":{"rendered":"CON MINUTO DE SILENCIO CHILCA CONMEMORA A LA MUJER"},"content":{"rendered":"<p>Con el prop\u00f3sito de sensibilizar a la poblaci\u00f3n sobre la importancia de erradicar la violencia de g\u00e9nero, la Municipalidad Distrital de Chilca, a trav\u00e9s de la Gerencia de Desarrollo Social, llev\u00f3 a cabo un conjunto de actividades conmemorativas por el D\u00eda Internacional de la Eliminaci\u00f3n de la Violencia contra la Mujer.<br \/>\nLa jornada inici\u00f3 con el solemne izamiento del Pabell\u00f3n Nacional en el parque Abel Mart\u00ednez, acompa\u00f1ado de un minuto de silencio en honor a las v\u00edctimas recientes de violencia de g\u00e9nero. Participaron activamente los integrantes de la Instancia Distrital de Concertaci\u00f3n para la Lucha contra la Violencia hacia la Mujer y los integrantes del Grupo Familiar, destacando la presencia de las representantes del Centro de Emergencia Mujer (CEM) del distrito.<br \/>\nEn representaci\u00f3n del alcalde C\u00e9sar Damas Laurente, la primera regidora Norma Sinche Canchanya ofreci\u00f3 un mensaje central, destacando el compromiso de la municipalidad con la promoci\u00f3n de una sociedad libre de violencia y la protecci\u00f3n de los derechos de las mujeres y ni\u00f1as.<br \/>\nUna menci\u00f3n especial fue para el equipo \u201cLa Luz de las Ni\u00f1as\u201d, conformado por estudiantes de la I.E. Fe y Alegr\u00eda N.\u00ba 66 Buen Socorro. Estas ni\u00f1as empoderadas, formadas para combatir la violencia de g\u00e9nero, se han convertido en un ejemplo inspirador para la comunidad.<br \/>\nLas actividades culminaron con un colorido pasacalle que inici\u00f3 en el parque Abel Mart\u00ednez y concluy\u00f3 en el parque Huamanmarca. En este desfile participaron diversas instituciones locales, quienes con pancartas y mensajes alusivos reforzaron el llamado a la uni\u00f3n para erradicar cualquier forma de violencia contra la mujer.<br \/>\nLa Municipalidad Distrital de Chilca reafirma su compromiso de trabajar junto a la comunidad y las instituciones para construir un distrito m\u00e1s seguro e igualitario.<\/p>\n","protected":false},"excerpt":{"rendered":"<p>Con el prop\u00f3sito de sensibilizar a la poblaci\u00f3n sobre la importancia de erradicar la violencia de g\u00e9nero, la Municipalidad Distrital de Chilca, a trav\u00e9s de la Gerencia de Desarrollo Social, llev\u00f3 a cabo un conjunto de actividades conmemorativas por el D\u00eda Internacional de la Eliminaci\u00f3n de la Violencia contra la Mujer. La jornada inici\u00f3 con [&hellip;]<\/p>\n","protected":false},"author":4,"featured_media":17575,"comment_status":"open","ping_status":"open","sticky":false,"template":"","format":"standard","meta":{"footnotes":""},"categories":[25],"tags":[],"class_list":["post-17574","post","type-post","status-publish","format-standard","has-post-thumbnail","hentry","category-noticias"],"blocksy_meta":[],"rttpg_featured_image_url":{"full":["https:\/\/munichilca.gob.pe\/site\/wp-content\/uploads\/2024\/11\/WhatsApp-Image-2024-11-25-at-3.16.16-PM.jpeg",1600,1066,false],"landscape":["https:\/\/munichilca.gob.pe\/site\/wp-content\/uploads\/2024\/11\/WhatsApp-Image-2024-11-25-at-3.16.16-PM.jpeg",1600,1066,false],"portraits":["https:\/\/munichilca.gob.pe\/site\/wp-content\/uploads\/2024\/11\/WhatsApp-Image-2024-11-25-at-3.16.16-PM.jpeg",1600,1066,false],"thumbnail":["https:\/\/munichilca.gob.pe\/site\/wp-content\/uploads\/2024\/11\/WhatsApp-Image-2024-11-25-at-3.16.16-PM-150x150.jpeg",150,150,true],"medium":["https:\/\/munichilca.gob.pe\/site\/wp-content\/uploads\/2024\/11\/WhatsApp-Image-2024-11-25-at-3.16.16-PM-300x200.jpeg",300,200,true],"large":["https:\/\/munichilca.gob.pe\/site\/wp-content\/uploads\/2024\/11\/WhatsApp-Image-2024-11-25-at-3.16.16-PM-1024x682.jpeg",1024,682,true],"1536x1536":["https:\/\/munichilca.gob.pe\/site\/wp-content\/uploads\/2024\/11\/WhatsApp-Image-2024-11-25-at-3.16.16-PM-1536x1023.jpeg",1536,1023,true],"2048x2048":["https:\/\/munichilca.gob.pe\/site\/wp-content\/uploads\/2024\/11\/WhatsApp-Image-2024-11-25-at-3.16.16-PM.jpeg",1600,1066,false],"tp-image-grid":["https:\/\/munichilca.gob.pe\/site\/wp-content\/uploads\/2024\/11\/WhatsApp-Image-2024-11-25-at-3.16.16-PM-700x700.jpeg",700,700,true]},"rttpg_author":{"display_name":"JGUTARRA","author_link":"https:\/\/munichilca.gob.pe\/site\/author\/jgutarra\/"},"rttpg_comment":0,"rttpg_category":"<a href=\"https:\/\/munichilca.gob.pe\/site\/category\/noticias\/\" rel=\"category tag\">Noticias<\/a>","rttpg_excerpt":"Con el prop\u00f3sito de sensibilizar a la poblaci\u00f3n sobre la importancia de erradicar la violencia de g\u00e9nero, la Municipalidad Distrital de Chilca, a trav\u00e9s de la Gerencia de Desarrollo Social, llev\u00f3 a cabo un conjunto de actividades conmemorativas por el D\u00eda Internacional de la Eliminaci\u00f3n de la Violencia contra la Mujer. La jornada inici\u00f3 con&hellip;","_links":{"self":[{"href":"https:\/\/munichilca.gob.pe\/site\/wp-json\/wp\/v2\/posts\/17574","targetHints":{"allow":["GET"]}}],"collection":[{"href":"https:\/\/munichilca.gob.pe\/site\/wp-json\/wp\/v2\/posts"}],"about":[{"href":"https:\/\/munichilca.gob.pe\/site\/wp-json\/wp\/v2\/types\/post"}],"author":[{"embeddable":true,"href":"https:\/\/munichilca.gob.pe\/site\/wp-json\/wp\/v2\/users\/4"}],"replies":[{"embeddable":true,"href":"https:\/\/munichilca.gob.pe\/site\/wp-json\/wp\/v2\/comments?post=17574"}],"version-history":[{"count":0,"href":"https:\/\/munichilca.gob.pe\/site\/wp-json\/wp\/v2\/posts\/17574\/revisions"}],"wp:featuredmedia":[{"embeddable":true,"href":"https:\/\/munichilca.gob.pe\/site\/wp-json\/wp\/v2\/media\/17575"}],"wp:attachment":[{"href":"https:\/\/munichilca.gob.pe\/site\/wp-json\/wp\/v2\/media?parent=17574"}],"wp:term":[{"taxonomy":"category","embeddable":true,"href":"https:\/\/munichilca.gob.pe\/site\/wp-json\/wp\/v2\/categories?post=17574"},{"taxonomy":"post_tag","embeddable":true,"href":"https:\/\/munichilca.gob.pe\/site\/wp-json\/wp\/v2\/tags?post=17574"}],"curies":[{"name":"wp","href":"https:\/\/api.w.org\/{rel}","templated":true}]}}