{"id":17505,"date":"2024-12-16T09:32:18","date_gmt":"2024-12-16T09:32:18","guid":{"rendered":"https:\/\/munichilca.gob.pe\/site\/?p=9177"},"modified":"2024-12-16T09:32:18","modified_gmt":"2024-12-16T09:32:18","slug":"alcalde-damas-lleva-alegria-al-jardin-de-ninos-san-francisco-de-asis","status":"publish","type":"post","link":"https:\/\/munichilca.gob.pe\/site\/2024\/12\/16\/alcalde-damas-lleva-alegria-al-jardin-de-ninos-san-francisco-de-asis\/","title":{"rendered":"ALCALDE DAMAS LLEVA ALEGR\u00cdA AL JARD\u00cdN DE NI\u00d1OS SAN FRANCISCO DE AS\u00cdS"},"content":{"rendered":"<p>En un gesto lleno de alegr\u00eda y solidaridad, el alcalde del distrito de Chilca, C\u00e9sar Damas Laurente, a trav\u00e9s de la Gerencia de Desarrollo Social, llev\u00f3 a cabo una celebraci\u00f3n navide\u00f1a inolvidable para los ni\u00f1os del jard\u00edn San Francisco de As\u00eds del sector San Francisco. La actividad, realizada en el marco de las festividades de Navidad, reuni\u00f3 a familias que se deleitaron con un show de payasos, momentos de diversi\u00f3n y un compartir comunitario.<br \/>\nLa jornada estuvo marcada por la entrega de juguetes a los peque\u00f1os, quienes recibieron con entusiasmo los regalos, llenando de emoci\u00f3n y risas el ambiente. \u201cLa Navidad es un tiempo de uni\u00f3n y esperanza, y queremos que cada ni\u00f1o en nuestro distrito la viva con alegr\u00eda\u201d, expres\u00f3 el alcalde C\u00e9sar Damas durante el evento.<br \/>\nAdem\u00e1s, los asistentes disfrutaron de un espect\u00e1culo de payasos que incluy\u00f3 din\u00e1micas, juegos y concursos, haciendo que los ni\u00f1os y adultos compartieran momentos inolvidables. El gerente de desarrollo social Johannes Romero destac\u00f3 que esta iniciativa forma parte de las acciones que promueve la Municipalidad Distrital de Chilca para llevar bienestar y felicidad a las familias m\u00e1s vulnerables durante estas fechas especiales.<br \/>\nLa actividad fue posible gracias al compromiso del equipo municipal y al respaldo de empresas locales que contribuyeron con la donaci\u00f3n de juguetes y productos para el compartir. El alcalde C\u00e9sar Damas reafirm\u00f3 su compromiso de seguir trabajando por el bienestar de todos los ni\u00f1os y ni\u00f1as del distrito.<br \/>\nLa Navidad en Chilca no solo fue una fecha de celebraci\u00f3n, sino tambi\u00e9n una muestra de que, unidos, se pueden construir momentos llenos de esperanza y alegr\u00eda para las generaciones m\u00e1s j\u00f3venes.<\/p>\n","protected":false},"excerpt":{"rendered":"<p>En un gesto lleno de alegr\u00eda y solidaridad, el alcalde del distrito de Chilca, C\u00e9sar Damas Laurente, a trav\u00e9s de la Gerencia de Desarrollo Social, llev\u00f3 a cabo una celebraci\u00f3n navide\u00f1a inolvidable para los ni\u00f1os del jard\u00edn San Francisco de As\u00eds del sector San Francisco. La actividad, realizada en el marco de las festividades de [&hellip;]<\/p>\n","protected":false},"author":4,"featured_media":17506,"comment_status":"open","ping_status":"open","sticky":false,"template":"","format":"standard","meta":{"footnotes":""},"categories":[25],"tags":[],"class_list":["post-17505","post","type-post","status-publish","format-standard","has-post-thumbnail","hentry","category-noticias"],"blocksy_meta":[],"rttpg_featured_image_url":{"full":["https:\/\/munichilca.gob.pe\/site\/wp-content\/uploads\/2024\/12\/WhatsApp-Image-2024-12-13-at-5.50.56-PM.jpeg",1280,960,false],"landscape":["https:\/\/munichilca.gob.pe\/site\/wp-content\/uploads\/2024\/12\/WhatsApp-Image-2024-12-13-at-5.50.56-PM.jpeg",1280,960,false],"portraits":["https:\/\/munichilca.gob.pe\/site\/wp-content\/uploads\/2024\/12\/WhatsApp-Image-2024-12-13-at-5.50.56-PM.jpeg",1280,960,false],"thumbnail":["https:\/\/munichilca.gob.pe\/site\/wp-content\/uploads\/2024\/12\/WhatsApp-Image-2024-12-13-at-5.50.56-PM-150x150.jpeg",150,150,true],"medium":["https:\/\/munichilca.gob.pe\/site\/wp-content\/uploads\/2024\/12\/WhatsApp-Image-2024-12-13-at-5.50.56-PM-300x225.jpeg",300,225,true],"large":["https:\/\/munichilca.gob.pe\/site\/wp-content\/uploads\/2024\/12\/WhatsApp-Image-2024-12-13-at-5.50.56-PM-1024x768.jpeg",1024,768,true],"1536x1536":["https:\/\/munichilca.gob.pe\/site\/wp-content\/uploads\/2024\/12\/WhatsApp-Image-2024-12-13-at-5.50.56-PM.jpeg",1280,960,false],"2048x2048":["https:\/\/munichilca.gob.pe\/site\/wp-content\/uploads\/2024\/12\/WhatsApp-Image-2024-12-13-at-5.50.56-PM.jpeg",1280,960,false],"tp-image-grid":["https:\/\/munichilca.gob.pe\/site\/wp-content\/uploads\/2024\/12\/WhatsApp-Image-2024-12-13-at-5.50.56-PM-700x700.jpeg",700,700,true]},"rttpg_author":{"display_name":"JGUTARRA","author_link":"https:\/\/munichilca.gob.pe\/site\/author\/jgutarra\/"},"rttpg_comment":0,"rttpg_category":"<a href=\"https:\/\/munichilca.gob.pe\/site\/category\/noticias\/\" rel=\"category tag\">Noticias<\/a>","rttpg_excerpt":"En un gesto lleno de alegr\u00eda y solidaridad, el alcalde del distrito de Chilca, C\u00e9sar Damas Laurente, a trav\u00e9s de la Gerencia de Desarrollo Social, llev\u00f3 a cabo una celebraci\u00f3n navide\u00f1a inolvidable para los ni\u00f1os del jard\u00edn San Francisco de As\u00eds del sector San Francisco. La actividad, realizada en el marco de las festividades de&hellip;","_links":{"self":[{"href":"https:\/\/munichilca.gob.pe\/site\/wp-json\/wp\/v2\/posts\/17505","targetHints":{"allow":["GET"]}}],"collection":[{"href":"https:\/\/munichilca.gob.pe\/site\/wp-json\/wp\/v2\/posts"}],"about":[{"href":"https:\/\/munichilca.gob.pe\/site\/wp-json\/wp\/v2\/types\/post"}],"author":[{"embeddable":true,"href":"https:\/\/munichilca.gob.pe\/site\/wp-json\/wp\/v2\/users\/4"}],"replies":[{"embeddable":true,"href":"https:\/\/munichilca.gob.pe\/site\/wp-json\/wp\/v2\/comments?post=17505"}],"version-history":[{"count":0,"href":"https:\/\/munichilca.gob.pe\/site\/wp-json\/wp\/v2\/posts\/17505\/revisions"}],"wp:featuredmedia":[{"embeddable":true,"href":"https:\/\/munichilca.gob.pe\/site\/wp-json\/wp\/v2\/media\/17506"}],"wp:attachment":[{"href":"https:\/\/munichilca.gob.pe\/site\/wp-json\/wp\/v2\/media?parent=17505"}],"wp:term":[{"taxonomy":"category","embeddable":true,"href":"https:\/\/munichilca.gob.pe\/site\/wp-json\/wp\/v2\/categories?post=17505"},{"taxonomy":"post_tag","embeddable":true,"href":"https:\/\/munichilca.gob.pe\/site\/wp-json\/wp\/v2\/tags?post=17505"}],"curies":[{"name":"wp","href":"https:\/\/api.w.org\/{rel}","templated":true}]}}