{"id":17483,"date":"2024-12-20T15:25:07","date_gmt":"2024-12-20T15:25:07","guid":{"rendered":"https:\/\/munichilca.gob.pe\/site\/?p=9225"},"modified":"2024-12-20T15:25:07","modified_gmt":"2024-12-20T15:25:07","slug":"%f0%9d%97%96%f0%9d%97%a2%f0%9d%97%a1%f0%9d%97%94%f0%9d%97%97%f0%9d%97%9c%f0%9d%97%a6-%f0%9d%97%ac-%f0%9d%97%a2%f0%9d%97%a0%f0%9d%97%94%f0%9d%97%a3%f0%9d%97%98%f0%9d%97%97-%f0%9d%97%97%f0%9d%97%98-2","status":"publish","type":"post","link":"https:\/\/munichilca.gob.pe\/site\/2024\/12\/20\/%f0%9d%97%96%f0%9d%97%a2%f0%9d%97%a1%f0%9d%97%94%f0%9d%97%97%f0%9d%97%9c%f0%9d%97%a6-%f0%9d%97%ac-%f0%9d%97%a2%f0%9d%97%a0%f0%9d%97%94%f0%9d%97%a3%f0%9d%97%98%f0%9d%97%97-%f0%9d%97%97%f0%9d%97%98-2\/","title":{"rendered":"\ud835\uddd6\ud835\udde2\ud835\udde1\ud835\uddd4\ud835\uddd7\ud835\udddc\ud835\udde6 \ud835\uddec \ud835\udde2\ud835\udde0\ud835\uddd4\ud835\udde3\ud835\uddd8\ud835\uddd7 \ud835\uddd7\ud835\uddd8 \ud835\uddd6\ud835\udddb\ud835\udddc\ud835\udddf\ud835\uddd6\ud835\uddd4 \ud835\uddd4\ud835\uddd6\ud835\udde5\ud835\uddd8\ud835\uddd7\ud835\udddc\ud835\udde7\ud835\uddd4\ud835\udde1 \ud835\uddd4 \ud835\udde3\ud835\uddd8\ud835\udde5\ud835\udde6\ud835\udde2\ud835\udde1\ud835\uddd4\ud835\udde6 \ud835\uddd6\ud835\udde2\ud835\udde1 \ud835\uddd7\ud835\udddc\ud835\udde6\ud835\uddd6\ud835\uddd4\ud835\udde3\ud835\uddd4\ud835\uddd6\ud835\udddc\ud835\uddd7\ud835\uddd4\ud835\uddd7"},"content":{"rendered":"<p>&nbsp;<\/p>\n<p><strong>\ud835\ude40\ud835\ude63<\/strong> <strong>\ud835\ude69\ud835\ude67\ud835\ude56\ud835\ude57\ud835\ude56\ud835\ude5f\ud835\ude64<\/strong> <strong>\ud835\ude56\ud835\ude67\ud835\ude69\ud835\ude5e\ud835\ude58\ud835\ude6a\ud835\ude61\ud835\ude56\ud835\ude59\ud835\ude64<\/strong> <strong>\ud835\ude58\ud835\ude64\ud835\ude63<\/strong> <strong>\ud835\ude61\ud835\ude56<\/strong> <strong>\ud835\ude4d\ud835\ude5a\ud835\ude59<\/strong> <strong>\ud835\ude59\ud835\ude5a<\/strong> <strong>\ud835\ude4e\ud835\ude56\ud835\ude61\ud835\ude6a\ud835\ude59<\/strong> <strong>\ud835\ude59\ud835\ude5a<\/strong> <strong>\ud835\ude3e\ud835\ude5d\ud835\ude5e\ud835\ude61\ud835\ude58\ud835\ude56<\/strong><strong>, <\/strong><strong>\ud835\ude56\ud835\ude58\ud835\ude67\ud835\ude5a\ud835\ude59\ud835\ude5e\ud835\ude69\ud835\ude56\ud835\ude67\ud835\ude64\ud835\ude63<\/strong> <strong>\ud835\ude56<\/strong> <strong>\ud835\ude62\ud835\ude56<\/strong><strong>\u0301<\/strong><strong>\ud835\ude68<\/strong> <strong>\ud835\ude59\ud835\ude5a<\/strong><strong> 40 <\/strong><strong>\ud835\ude65\ud835\ude5a\ud835\ude67\ud835\ude68\ud835\ude64\ud835\ude63\ud835\ude56\ud835\ude68<\/strong> <strong>\ud835\ude5a\ud835\ude63\ud835\ude69\ud835\ude67\ud835\ude5a<\/strong> <strong>\ud835\ude63\ud835\ude5e\ud835\ude63<\/strong><strong>\u0303<\/strong><strong>\ud835\ude64\ud835\ude68<\/strong><strong>, <\/strong><strong>\ud835\ude5f\ud835\ude64<\/strong><strong>\u0301<\/strong><strong>\ud835\ude6b\ud835\ude5a\ud835\ude63\ud835\ude5a\ud835\ude68<\/strong><strong>, <\/strong><strong>\ud835\ude56\ud835\ude59\ud835\ude6a\ud835\ude61\ud835\ude69\ud835\ude64\ud835\ude68<\/strong> <strong>\ud835\ude6e<\/strong> <strong>\ud835\ude56\ud835\ude59\ud835\ude6a\ud835\ude61\ud835\ude69\ud835\ude64\ud835\ude68<\/strong> <strong>\ud835\ude62\ud835\ude56\ud835\ude6e\ud835\ude64\ud835\ude67\ud835\ude5a\ud835\ude68<\/strong><strong>.<\/strong><\/p>\n<p>La Oficina de Protecci\u00f3n, Participaci\u00f3n y Organizaci\u00f3n de Vecinos con Discapacidad (OMAPED), de la municipalidad de Chilca, en un trabajo articulado con la Red de Salud del Valle del Mantaro, la Direcci\u00f3n Regional de Salud (DIRESA) y el Consejo Nacional para la Integraci\u00f3n de la Persona con Discapacidad (CONADIS); realizaron la atenci\u00f3n a m\u00e1s de 40 personas entre ni\u00f1os, j\u00f3venes, adultos y adultos mayores a quienes se les otorgaron el certificado del (CONADIS) con la finalidad de acreditarlos; esto se desarroll\u00f3 en las instalaciones del centro de salud del distrito de Chilca desde las 7 de la ma\u00f1ana.<\/p>\n<p>Con estas atenciones se busca descentralizar los servicios de atenci\u00f3n m\u00e9dica, que sirve para certificar a las personas que tienen una o m\u00e1s deficiencias f\u00edsicas, sensoriales, mentales o intelectuales de car\u00e1cter permanente que al interactuar con diversas barreras actitudinales y del entorno, no ejerza o pueda verse impedida en el ejercicio de sus derechos y su inclusi\u00f3n plena y efectiva en la sociedad, en igualdad de condiciones que las dem\u00e1s personas.<\/p>\n<p>El \u00e1rea de (OMAPED) de la comuna de Chilca viene intensificando el trabajo para garantizar el reconocimiento y la protecci\u00f3n de los derechos de las personas con discapacidad, generando condiciones en su entorno que les permitan ejercerlos en igualdad de condiciones que las dem\u00e1s, con el fin de superar brechas y eliminar obst\u00e1culos.<\/p>\n<p>Las personas que quieran asistir a las pr\u00f3ximas campa\u00f1as, deben acercarse al \u00e1rea de (OMAPED) de la gerencia de desarrollo social, portando la copia de su Documento Nacional de Identidad (DNI), copia de afiliaci\u00f3n al Sistema Integral de Salud (SIS) y un informe m\u00e9dico simple.<\/p>\n<p>La responsable del \u00e1rea de (OMAPED) de Chilca, Lucy Vilcahuam\u00e1n, puntualiz\u00f3 que la obtenci\u00f3n de este certificado es indispensable, para que las personas con discapacidad puedan acceder a los diversos programas que el estado otorga.<\/p>\n<p>&nbsp;<\/p>\n","protected":false},"excerpt":{"rendered":"<p>&nbsp; \ud835\ude40\ud835\ude63 \ud835\ude69\ud835\ude67\ud835\ude56\ud835\ude57\ud835\ude56\ud835\ude5f\ud835\ude64 \ud835\ude56\ud835\ude67\ud835\ude69\ud835\ude5e\ud835\ude58\ud835\ude6a\ud835\ude61\ud835\ude56\ud835\ude59\ud835\ude64 \ud835\ude58\ud835\ude64\ud835\ude63 \ud835\ude61\ud835\ude56 \ud835\ude4d\ud835\ude5a\ud835\ude59 \ud835\ude59\ud835\ude5a \ud835\ude4e\ud835\ude56\ud835\ude61\ud835\ude6a\ud835\ude59 \ud835\ude59\ud835\ude5a \ud835\ude3e\ud835\ude5d\ud835\ude5e\ud835\ude61\ud835\ude58\ud835\ude56, \ud835\ude56\ud835\ude58\ud835\ude67\ud835\ude5a\ud835\ude59\ud835\ude5e\ud835\ude69\ud835\ude56\ud835\ude67\ud835\ude64\ud835\ude63 \ud835\ude56 \ud835\ude62\ud835\ude56\u0301\ud835\ude68 \ud835\ude59\ud835\ude5a 40 \ud835\ude65\ud835\ude5a\ud835\ude67\ud835\ude68\ud835\ude64\ud835\ude63\ud835\ude56\ud835\ude68 \ud835\ude5a\ud835\ude63\ud835\ude69\ud835\ude67\ud835\ude5a \ud835\ude63\ud835\ude5e\ud835\ude63\u0303\ud835\ude64\ud835\ude68, \ud835\ude5f\ud835\ude64\u0301\ud835\ude6b\ud835\ude5a\ud835\ude63\ud835\ude5a\ud835\ude68, \ud835\ude56\ud835\ude59\ud835\ude6a\ud835\ude61\ud835\ude69\ud835\ude64\ud835\ude68 \ud835\ude6e \ud835\ude56\ud835\ude59\ud835\ude6a\ud835\ude61\ud835\ude69\ud835\ude64\ud835\ude68 \ud835\ude62\ud835\ude56\ud835\ude6e\ud835\ude64\ud835\ude67\ud835\ude5a\ud835\ude68. La Oficina de Protecci\u00f3n, Participaci\u00f3n y Organizaci\u00f3n de Vecinos con Discapacidad (OMAPED), de la municipalidad de Chilca, en un trabajo articulado con la Red de Salud del Valle del Mantaro, la [&hellip;]<\/p>\n","protected":false},"author":4,"featured_media":0,"comment_status":"open","ping_status":"open","sticky":false,"template":"","format":"standard","meta":{"footnotes":""},"categories":[25],"tags":[],"class_list":["post-17483","post","type-post","status-publish","format-standard","hentry","category-noticias"],"blocksy_meta":[],"rttpg_featured_image_url":null,"rttpg_author":{"display_name":"JGUTARRA","author_link":"https:\/\/munichilca.gob.pe\/site\/author\/jgutarra\/"},"rttpg_comment":0,"rttpg_category":"<a href=\"https:\/\/munichilca.gob.pe\/site\/category\/noticias\/\" rel=\"category tag\">Noticias<\/a>","rttpg_excerpt":"&nbsp; \ud835\ude40\ud835\ude63 \ud835\ude69\ud835\ude67\ud835\ude56\ud835\ude57\ud835\ude56\ud835\ude5f\ud835\ude64 \ud835\ude56\ud835\ude67\ud835\ude69\ud835\ude5e\ud835\ude58\ud835\ude6a\ud835\ude61\ud835\ude56\ud835\ude59\ud835\ude64 \ud835\ude58\ud835\ude64\ud835\ude63 \ud835\ude61\ud835\ude56 \ud835\ude4d\ud835\ude5a\ud835\ude59 \ud835\ude59\ud835\ude5a \ud835\ude4e\ud835\ude56\ud835\ude61\ud835\ude6a\ud835\ude59 \ud835\ude59\ud835\ude5a \ud835\ude3e\ud835\ude5d\ud835\ude5e\ud835\ude61\ud835\ude58\ud835\ude56, \ud835\ude56\ud835\ude58\ud835\ude67\ud835\ude5a\ud835\ude59\ud835\ude5e\ud835\ude69\ud835\ude56\ud835\ude67\ud835\ude64\ud835\ude63 \ud835\ude56 \ud835\ude62\ud835\ude56\u0301\ud835\ude68 \ud835\ude59\ud835\ude5a 40 \ud835\ude65\ud835\ude5a\ud835\ude67\ud835\ude68\ud835\ude64\ud835\ude63\ud835\ude56\ud835\ude68 \ud835\ude5a\ud835\ude63\ud835\ude69\ud835\ude67\ud835\ude5a \ud835\ude63\ud835\ude5e\ud835\ude63\u0303\ud835\ude64\ud835\ude68, \ud835\ude5f\ud835\ude64\u0301\ud835\ude6b\ud835\ude5a\ud835\ude63\ud835\ude5a\ud835\ude68, \ud835\ude56\ud835\ude59\ud835\ude6a\ud835\ude61\ud835\ude69\ud835\ude64\ud835\ude68 \ud835\ude6e \ud835\ude56\ud835\ude59\ud835\ude6a\ud835\ude61\ud835\ude69\ud835\ude64\ud835\ude68 \ud835\ude62\ud835\ude56\ud835\ude6e\ud835\ude64\ud835\ude67\ud835\ude5a\ud835\ude68. La Oficina de Protecci\u00f3n, Participaci\u00f3n y Organizaci\u00f3n de Vecinos con Discapacidad (OMAPED), de la municipalidad de Chilca, en un trabajo articulado con la Red de Salud del Valle del Mantaro, la&hellip;","_links":{"self":[{"href":"https:\/\/munichilca.gob.pe\/site\/wp-json\/wp\/v2\/posts\/17483","targetHints":{"allow":["GET"]}}],"collection":[{"href":"https:\/\/munichilca.gob.pe\/site\/wp-json\/wp\/v2\/posts"}],"about":[{"href":"https:\/\/munichilca.gob.pe\/site\/wp-json\/wp\/v2\/types\/post"}],"author":[{"embeddable":true,"href":"https:\/\/munichilca.gob.pe\/site\/wp-json\/wp\/v2\/users\/4"}],"replies":[{"embeddable":true,"href":"https:\/\/munichilca.gob.pe\/site\/wp-json\/wp\/v2\/comments?post=17483"}],"version-history":[{"count":0,"href":"https:\/\/munichilca.gob.pe\/site\/wp-json\/wp\/v2\/posts\/17483\/revisions"}],"wp:attachment":[{"href":"https:\/\/munichilca.gob.pe\/site\/wp-json\/wp\/v2\/media?parent=17483"}],"wp:term":[{"taxonomy":"category","embeddable":true,"href":"https:\/\/munichilca.gob.pe\/site\/wp-json\/wp\/v2\/categories?post=17483"},{"taxonomy":"post_tag","embeddable":true,"href":"https:\/\/munichilca.gob.pe\/site\/wp-json\/wp\/v2\/tags?post=17483"}],"curies":[{"name":"wp","href":"https:\/\/api.w.org\/{rel}","templated":true}]}}